{"id":470469,"date":"2023-03-01T22:46:53","date_gmt":"2023-03-02T04:46:53","guid":{"rendered":"https:\/\/www.zunoticia.com\/noticias-de-hidalgo\/?p=470469"},"modified":"2023-03-01T22:46:54","modified_gmt":"2023-03-02T04:46:54","slug":"realizan-encuentro-nacional-de-agentes-de-pastoral-y-pueblos-indigenas","status":"publish","type":"post","link":"https:\/\/www.zunoticia.com\/noticias-de-hidalgo\/2023\/03\/01\/realizan-encuentro-nacional-de-agentes-de-pastoral-y-pueblos-indigenas\/","title":{"rendered":"Realizan Encuentro Nacional de Agentes de Pastoral y Pueblos Ind\u00edgenas"},"content":{"rendered":"<aside class=\"mashsb-container mashsb-main mashsb-stretched\"><div class=\"mashsb-box\"><div class=\"mashsb-count mash-large\" style=\"float:left\"><div class=\"counts mashsbcount\">3<\/div><span class=\"mashsb-sharetext\">SHARES<\/span><\/div><div class=\"mashsb-buttons\"><a class=\"mashicon-facebook mash-large mash-center mashsb-noshadow\" href=\"https:\/\/www.facebook.com\/sharer.php?u=https%3A%2F%2Fwww.zunoticia.com%2Fnoticias-de-hidalgo%2F2023%2F03%2F01%2Frealizan-encuentro-nacional-de-agentes-de-pastoral-y-pueblos-indigenas%2F\" target=\"_top\" rel=\"nofollow\"><span class=\"icon\"><\/span><span class=\"text\">Share<\/span><\/a><a class=\"mashicon-twitter mash-large mash-center mashsb-noshadow\" href=\"https:\/\/twitter.com\/intent\/tweet?text=&amp;url=https:\/\/www.zunoticia.com\/noticias-de-hidalgo\/2023\/03\/01\/realizan-encuentro-nacional-de-agentes-de-pastoral-y-pueblos-indigenas\/\" target=\"_top\" rel=\"nofollow\"><span class=\"icon\"><\/span><span class=\"text\">Tweet<\/span><\/a><div class=\"onoffswitch2 mash-large mashsb-noshadow\" style=\"display:none\"><\/div><\/div>\n            <\/div>\n                <div style=\"clear:both\"><\/div><div class=\"mashsb-toggle-container\"><\/div><\/aside>\n            <!-- Share buttons by mashshare.net - Version: 4.0.47-->\n<p><em>Por \u00c1ngel Silverio\/Zunoticia<\/em><\/p>\n\n\n\n<p><strong>San Felipe Orizatl\u00e1n, Hgo.-<\/strong> La tarde del martes, en la&nbsp; parroquia &#8220;Nuestra Se\u00f1ora de F\u00e1tima, se desbord\u00f3 la fe cat\u00f3lica, pues la feligres\u00eda de la delegaci\u00f3n de Ahuatitla fue testigo del Encuentro Nacional de Agentes de Pastoral y Pueblos Originarios.<\/p>\n\n\n\n<figure class=\"wp-block-image size-large\"><img fetchpriority=\"high\" decoding=\"async\" width=\"1024\" height=\"575\" src=\"https:\/\/www.zunoticia.com\/noticias-de-hidalgo\/wp-content\/uploads\/2023\/03\/eZy-Watermark-01-03-2023-10-18-46p.m.-1024x575.jpg\" alt=\"\" class=\"wp-image-470486\" srcset=\"https:\/\/www.zunoticia.com\/noticias-de-hidalgo\/wp-content\/uploads\/2023\/03\/eZy-Watermark-01-03-2023-10-18-46p.m.-1024x575.jpg 1024w, https:\/\/www.zunoticia.com\/noticias-de-hidalgo\/wp-content\/uploads\/2023\/03\/eZy-Watermark-01-03-2023-10-18-46p.m.-300x169.jpg 300w, https:\/\/www.zunoticia.com\/noticias-de-hidalgo\/wp-content\/uploads\/2023\/03\/eZy-Watermark-01-03-2023-10-18-46p.m.-768x431.jpg 768w, https:\/\/www.zunoticia.com\/noticias-de-hidalgo\/wp-content\/uploads\/2023\/03\/eZy-Watermark-01-03-2023-10-18-46p.m..jpg 1280w\" sizes=\"(max-width: 1024px) 100vw, 1024px\" \/><\/figure>\n\n\n\n<p>Reunidos en el atrio de la iglesia, los feligreses cat\u00f3licos recibieron a sus invitados provenientes desde diversos estados del pa\u00eds, quienes representan a diferentes etnias de M\u00e9xico, con el \u00fanico fin de convivir y seguir con el mensaje de Jesucristo.<\/p>\n\n\n\n<figure class=\"wp-block-image size-large\"><img decoding=\"async\" width=\"1024\" height=\"575\" src=\"https:\/\/www.zunoticia.com\/noticias-de-hidalgo\/wp-content\/uploads\/2023\/03\/eZy-Watermark-01-03-2023-10-19-24p.m.-1024x575.jpg\" alt=\"\" class=\"wp-image-470484\" srcset=\"https:\/\/www.zunoticia.com\/noticias-de-hidalgo\/wp-content\/uploads\/2023\/03\/eZy-Watermark-01-03-2023-10-19-24p.m.-1024x575.jpg 1024w, https:\/\/www.zunoticia.com\/noticias-de-hidalgo\/wp-content\/uploads\/2023\/03\/eZy-Watermark-01-03-2023-10-19-24p.m.-300x169.jpg 300w, https:\/\/www.zunoticia.com\/noticias-de-hidalgo\/wp-content\/uploads\/2023\/03\/eZy-Watermark-01-03-2023-10-19-24p.m.-768x431.jpg 768w, https:\/\/www.zunoticia.com\/noticias-de-hidalgo\/wp-content\/uploads\/2023\/03\/eZy-Watermark-01-03-2023-10-19-24p.m..jpg 1280w\" sizes=\"(max-width: 1024px) 100vw, 1024px\" \/><\/figure>\n\n\n\n<p>En el lugar se realiz\u00f3 una misa para recibir a los agentes pastorales, para posteriormente pasar a realizar un retiro espiritual, y as\u00ed fortalecer la fe, adem\u00e1s de que se aprovech\u00f3 para pedirle a Dios, por la paz mundial, entre otros temas.<\/p>\n\n\n\n<figure class=\"wp-block-image size-large\"><img decoding=\"async\" width=\"1024\" height=\"575\" src=\"https:\/\/www.zunoticia.com\/noticias-de-hidalgo\/wp-content\/uploads\/2023\/03\/eZy-Watermark-01-03-2023-10-20-05p.m.-1024x575.jpg\" alt=\"\" class=\"wp-image-470483\" srcset=\"https:\/\/www.zunoticia.com\/noticias-de-hidalgo\/wp-content\/uploads\/2023\/03\/eZy-Watermark-01-03-2023-10-20-05p.m.-1024x575.jpg 1024w, https:\/\/www.zunoticia.com\/noticias-de-hidalgo\/wp-content\/uploads\/2023\/03\/eZy-Watermark-01-03-2023-10-20-05p.m.-300x169.jpg 300w, https:\/\/www.zunoticia.com\/noticias-de-hidalgo\/wp-content\/uploads\/2023\/03\/eZy-Watermark-01-03-2023-10-20-05p.m.-768x431.jpg 768w, https:\/\/www.zunoticia.com\/noticias-de-hidalgo\/wp-content\/uploads\/2023\/03\/eZy-Watermark-01-03-2023-10-20-05p.m..jpg 1280w\" sizes=\"(max-width: 1024px) 100vw, 1024px\" \/><\/figure>\n\n\n\n<p>Se invit\u00f3 tambi\u00e9n a vivir la Semana Santa de manera responsable, adem\u00e1s de seguir rescatando la importancia de los Pueblos Originarios como lo es Ahuatitla.<\/p>\n","protected":false},"excerpt":{"rendered":"<p>Por \u00c1ngel Silverio\/Zunoticia San Felipe Orizatl\u00e1n, Hgo.- La tarde del martes, en la&nbsp; parroquia &#8220;Nuestra Se\u00f1ora de F\u00e1tima, se desbord\u00f3 la fe cat\u00f3lica, pues la feligres\u00eda de la delegaci\u00f3n de Ahuatitla fue testigo del Encuentro Nacional de Agentes de Pastoral y Pueblos Originarios. Reunidos en el atrio de la iglesia, los feligreses cat\u00f3licos recibieron a&hellip; <a class=\"more-link\" href=\"https:\/\/www.zunoticia.com\/noticias-de-hidalgo\/2023\/03\/01\/realizan-encuentro-nacional-de-agentes-de-pastoral-y-pueblos-indigenas\/\">Seguir leyendo <span class=\"screen-reader-text\">Realizan Encuentro Nacional de Agentes de Pastoral y Pueblos Ind\u00edgenas<\/span><\/a><\/p>\n","protected":false},"author":12,"featured_media":470485,"comment_status":"closed","ping_status":"open","sticky":false,"template":"","format":"standard","meta":{"rop_custom_images_group":[],"rop_custom_messages_group":[],"rop_publish_now":"initial","rop_publish_now_accounts":{"facebook_10159540855086992_322828327761733":""},"rop_publish_now_history":[],"rop_publish_now_status":"pending","footnotes":""},"categories":[180],"tags":[129],"class_list":["post-470469","post","type-post","status-publish","format-standard","has-post-thumbnail","hentry","category-orizatlan","tag-orizatlan","entry"],"_links":{"self":[{"href":"https:\/\/www.zunoticia.com\/noticias-de-hidalgo\/wp-json\/wp\/v2\/posts\/470469","targetHints":{"allow":["GET"]}}],"collection":[{"href":"https:\/\/www.zunoticia.com\/noticias-de-hidalgo\/wp-json\/wp\/v2\/posts"}],"about":[{"href":"https:\/\/www.zunoticia.com\/noticias-de-hidalgo\/wp-json\/wp\/v2\/types\/post"}],"author":[{"embeddable":true,"href":"https:\/\/www.zunoticia.com\/noticias-de-hidalgo\/wp-json\/wp\/v2\/users\/12"}],"replies":[{"embeddable":true,"href":"https:\/\/www.zunoticia.com\/noticias-de-hidalgo\/wp-json\/wp\/v2\/comments?post=470469"}],"version-history":[{"count":1,"href":"https:\/\/www.zunoticia.com\/noticias-de-hidalgo\/wp-json\/wp\/v2\/posts\/470469\/revisions"}],"predecessor-version":[{"id":470514,"href":"https:\/\/www.zunoticia.com\/noticias-de-hidalgo\/wp-json\/wp\/v2\/posts\/470469\/revisions\/470514"}],"wp:featuredmedia":[{"embeddable":true,"href":"https:\/\/www.zunoticia.com\/noticias-de-hidalgo\/wp-json\/wp\/v2\/media\/470485"}],"wp:attachment":[{"href":"https:\/\/www.zunoticia.com\/noticias-de-hidalgo\/wp-json\/wp\/v2\/media?parent=470469"}],"wp:term":[{"taxonomy":"category","embeddable":true,"href":"https:\/\/www.zunoticia.com\/noticias-de-hidalgo\/wp-json\/wp\/v2\/categories?post=470469"},{"taxonomy":"post_tag","embeddable":true,"href":"https:\/\/www.zunoticia.com\/noticias-de-hidalgo\/wp-json\/wp\/v2\/tags?post=470469"}],"curies":[{"name":"wp","href":"https:\/\/api.w.org\/{rel}","templated":true}]}}