{"id":470520,"date":"2023-03-01T22:56:34","date_gmt":"2023-03-02T04:56:34","guid":{"rendered":"https:\/\/www.zunoticia.com\/noticias-de-hidalgo\/?p=470520"},"modified":"2023-03-01T22:56:35","modified_gmt":"2023-03-02T04:56:35","slug":"alcalde-refrenda-su-compromiso-de-trabajar-con-el-gobierno-estatal-y-federal","status":"publish","type":"post","link":"https:\/\/www.zunoticia.com\/noticias-de-hidalgo\/2023\/03\/01\/alcalde-refrenda-su-compromiso-de-trabajar-con-el-gobierno-estatal-y-federal\/","title":{"rendered":"Alcalde refrenda su compromiso de trabajar con el gobierno estatal y federal"},"content":{"rendered":"<aside class=\"mashsb-container mashsb-main mashsb-stretched\"><div class=\"mashsb-box\"><div class=\"mashsb-count mash-large\" style=\"float:left\"><div class=\"counts mashsbcount\">74<\/div><span class=\"mashsb-sharetext\">SHARES<\/span><\/div><div class=\"mashsb-buttons\"><a class=\"mashicon-facebook mash-large mash-center mashsb-noshadow\" href=\"https:\/\/www.facebook.com\/sharer.php?u=https%3A%2F%2Fwww.zunoticia.com%2Fnoticias-de-hidalgo%2F2023%2F03%2F01%2Falcalde-refrenda-su-compromiso-de-trabajar-con-el-gobierno-estatal-y-federal%2F\" target=\"_top\" rel=\"nofollow\"><span class=\"icon\"><\/span><span class=\"text\">Share<\/span><\/a><a class=\"mashicon-twitter mash-large mash-center mashsb-noshadow\" href=\"https:\/\/twitter.com\/intent\/tweet?text=&amp;url=https:\/\/www.zunoticia.com\/noticias-de-hidalgo\/2023\/03\/01\/alcalde-refrenda-su-compromiso-de-trabajar-con-el-gobierno-estatal-y-federal\/\" target=\"_top\" rel=\"nofollow\"><span class=\"icon\"><\/span><span class=\"text\">Tweet<\/span><\/a><div class=\"onoffswitch2 mash-large mashsb-noshadow\" style=\"display:none\"><\/div><\/div>\n            <\/div>\n                <div style=\"clear:both\"><\/div><div class=\"mashsb-toggle-container\"><\/div><\/aside>\n            <!-- Share buttons by mashshare.net - Version: 4.0.47-->\n<p><em>Por Roberto Meza\/Zunoticia<\/em><\/p>\n\n\n\n<p><strong>Huazalingo, Hgo.-<\/strong> La segunda comunidad de este municipio que visit\u00f3 el Secretario de Educaci\u00f3n P\u00fablica Natividad Castrej\u00f3n, fue la tierra natal del edil Julio C\u00e9sar Gonz\u00e1lez, ah\u00ed, el edil se comprometi\u00f3 a seguir trabajando coordinadamente con las autoridades estatales y federales para lograr m\u00e1s beneficios para el bien com\u00fan<\/p>\n\n\n\n<p>Julio C\u00e9sar Gonz\u00e1lez agradeci\u00f3 al Secretario de Educaci\u00f3n P\u00fablica por visitar su tierra y refrend\u00f3 su compromiso de seguir trabajando de la mano del Gobierno Federal Andr\u00e9s Manuel L\u00f3pez Obrador y del Gobierno Estatal Julio Menchaca para poder construir los grandes retos y necesidades que se tienen en el municipio, beneficiando a las familias, las escuelas y las comunidades que durante mucho tiempo no fueron atendidas, \u201ccon la presencia del Secretario de Educaci\u00f3n reafirmamos el compromiso de que se quiere construir un Huazalingo mejor\u201d.<\/p>\n\n\n\n<figure class=\"wp-block-image size-full\"><img fetchpriority=\"high\" decoding=\"async\" width=\"720\" height=\"405\" src=\"https:\/\/www.zunoticia.com\/noticias-de-hidalgo\/wp-content\/uploads\/2023\/03\/eZy-Watermark-01-03-2023-10-17-55p.m..jpg\" alt=\"\" class=\"wp-image-470488\" srcset=\"https:\/\/www.zunoticia.com\/noticias-de-hidalgo\/wp-content\/uploads\/2023\/03\/eZy-Watermark-01-03-2023-10-17-55p.m..jpg 720w, https:\/\/www.zunoticia.com\/noticias-de-hidalgo\/wp-content\/uploads\/2023\/03\/eZy-Watermark-01-03-2023-10-17-55p.m.-300x169.jpg 300w\" sizes=\"(max-width: 720px) 100vw, 720px\" \/><\/figure>\n\n\n\n<p>El edil y el funcionario de educaci\u00f3n estatal, acudieron a la comunidad de San Pedro, acompa\u00f1ados por el Diputado Fortunato Gonz\u00e1lez Islas, la Subsecretaria de Educaci\u00f3n B\u00e1sica Mtra. Myrlen Salas Dorantes, Titular de la Coordinaci\u00f3n T\u00e9cnica Mtro. Manuel Francisco Vidales Silva, Directora de Servicios Regionales Mtra. Josefina Serrano Bautista, Subsecretario de Gobierno de la Huasteca Ing. Marco Antonio Ramos Moguel, el Director de Gobernaci\u00f3n Regi\u00f3n San Felipe Orizatl\u00e1n y en presencia de autoridades educativas, comit\u00e9s de padres de familia, alumnos de educaci\u00f3n b\u00e1sica y con la finalidad de fortalecer los espacios educativos de las instituciones educativas del municipio, fueron beneficiadas con pantallas las escuelas Telesecundaria, 33 de San Pedro, de Santo Tomas, Tlamamala y Tlatzonco.<\/p>\n","protected":false},"excerpt":{"rendered":"<p>Por Roberto Meza\/Zunoticia Huazalingo, Hgo.- La segunda comunidad de este municipio que visit\u00f3 el Secretario de Educaci\u00f3n P\u00fablica Natividad Castrej\u00f3n, fue la tierra natal del edil Julio C\u00e9sar Gonz\u00e1lez, ah\u00ed, el edil se comprometi\u00f3 a seguir trabajando coordinadamente con las autoridades estatales y federales para lograr m\u00e1s beneficios para el bien com\u00fan Julio C\u00e9sar Gonz\u00e1lez&hellip; <a class=\"more-link\" href=\"https:\/\/www.zunoticia.com\/noticias-de-hidalgo\/2023\/03\/01\/alcalde-refrenda-su-compromiso-de-trabajar-con-el-gobierno-estatal-y-federal\/\">Seguir leyendo <span class=\"screen-reader-text\">Alcalde refrenda su compromiso de trabajar con el gobierno estatal y federal<\/span><\/a><\/p>\n","protected":false},"author":12,"featured_media":470487,"comment_status":"closed","ping_status":"open","sticky":false,"template":"","format":"standard","meta":{"rop_custom_images_group":[],"rop_custom_messages_group":[],"rop_publish_now":"initial","rop_publish_now_accounts":{"facebook_10159540855086992_322828327761733":""},"rop_publish_now_history":[],"rop_publish_now_status":"pending","footnotes":""},"categories":[179,212],"tags":[138],"class_list":["post-470520","post","type-post","status-publish","format-standard","has-post-thumbnail","hentry","category-huasteca","category-huazalingo","tag-huazalingo","entry"],"_links":{"self":[{"href":"https:\/\/www.zunoticia.com\/noticias-de-hidalgo\/wp-json\/wp\/v2\/posts\/470520","targetHints":{"allow":["GET"]}}],"collection":[{"href":"https:\/\/www.zunoticia.com\/noticias-de-hidalgo\/wp-json\/wp\/v2\/posts"}],"about":[{"href":"https:\/\/www.zunoticia.com\/noticias-de-hidalgo\/wp-json\/wp\/v2\/types\/post"}],"author":[{"embeddable":true,"href":"https:\/\/www.zunoticia.com\/noticias-de-hidalgo\/wp-json\/wp\/v2\/users\/12"}],"replies":[{"embeddable":true,"href":"https:\/\/www.zunoticia.com\/noticias-de-hidalgo\/wp-json\/wp\/v2\/comments?post=470520"}],"version-history":[{"count":1,"href":"https:\/\/www.zunoticia.com\/noticias-de-hidalgo\/wp-json\/wp\/v2\/posts\/470520\/revisions"}],"predecessor-version":[{"id":470523,"href":"https:\/\/www.zunoticia.com\/noticias-de-hidalgo\/wp-json\/wp\/v2\/posts\/470520\/revisions\/470523"}],"wp:featuredmedia":[{"embeddable":true,"href":"https:\/\/www.zunoticia.com\/noticias-de-hidalgo\/wp-json\/wp\/v2\/media\/470487"}],"wp:attachment":[{"href":"https:\/\/www.zunoticia.com\/noticias-de-hidalgo\/wp-json\/wp\/v2\/media?parent=470520"}],"wp:term":[{"taxonomy":"category","embeddable":true,"href":"https:\/\/www.zunoticia.com\/noticias-de-hidalgo\/wp-json\/wp\/v2\/categories?post=470520"},{"taxonomy":"post_tag","embeddable":true,"href":"https:\/\/www.zunoticia.com\/noticias-de-hidalgo\/wp-json\/wp\/v2\/tags?post=470520"}],"curies":[{"name":"wp","href":"https:\/\/api.w.org\/{rel}","templated":true}]}}