{"id":470526,"date":"2023-03-01T22:59:45","date_gmt":"2023-03-02T04:59:45","guid":{"rendered":"https:\/\/www.zunoticia.com\/noticias-de-hidalgo\/?p=470526"},"modified":"2023-03-01T22:59:46","modified_gmt":"2023-03-02T04:59:46","slug":"importante-reconocer-trabajo-de-proteccion-civil","status":"publish","type":"post","link":"https:\/\/www.zunoticia.com\/noticias-de-hidalgo\/2023\/03\/01\/importante-reconocer-trabajo-de-proteccion-civil\/","title":{"rendered":"Importante reconocer trabajo de Protecci\u00f3n Civil"},"content":{"rendered":"<aside class=\"mashsb-container mashsb-main mashsb-stretched\"><div class=\"mashsb-box\"><div class=\"mashsb-count mash-large\" style=\"float:left\"><div class=\"counts mashsbcount\">13<\/div><span class=\"mashsb-sharetext\">SHARES<\/span><\/div><div class=\"mashsb-buttons\"><a class=\"mashicon-facebook mash-large mash-center mashsb-noshadow\" href=\"https:\/\/www.facebook.com\/sharer.php?u=https%3A%2F%2Fwww.zunoticia.com%2Fnoticias-de-hidalgo%2F2023%2F03%2F01%2Fimportante-reconocer-trabajo-de-proteccion-civil%2F\" target=\"_top\" rel=\"nofollow\"><span class=\"icon\"><\/span><span class=\"text\">Share<\/span><\/a><a class=\"mashicon-twitter mash-large mash-center mashsb-noshadow\" href=\"https:\/\/twitter.com\/intent\/tweet?text=&amp;url=https:\/\/www.zunoticia.com\/noticias-de-hidalgo\/2023\/03\/01\/importante-reconocer-trabajo-de-proteccion-civil\/\" target=\"_top\" rel=\"nofollow\"><span class=\"icon\"><\/span><span class=\"text\">Tweet<\/span><\/a><div class=\"onoffswitch2 mash-large mashsb-noshadow\" style=\"display:none\"><\/div><\/div>\n            <\/div>\n                <div style=\"clear:both\"><\/div><div class=\"mashsb-toggle-container\"><\/div><\/aside>\n            <!-- Share buttons by mashshare.net - Version: 4.0.47-->\n<p><em>Por \u00c1ngel Silverio\/Zunoticia<\/em><\/p>\n\n\n\n<p><strong>Jaltoc\u00e1n, Hgo.-<\/strong> En el marco del D\u00eda Internacional de Protecci\u00f3n Civil, el director de esta \u00e1rea en el municipio, V\u00edctor Herlindo Hern\u00e1ndez Miranda, destac\u00f3 la labor que junto a sus compa\u00f1eros realiza, por lo que reconoci\u00f3 el esfuerzo que hacen diariamente ante los siniestros que se presentan.<\/p>\n\n\n\n<p>El funcionario se\u00f1al\u00f3 que, es de mucha importancia reconocer el trabajo que realizan los elementos a su cargo, pues siempre est\u00e1n disponibles las 24 horas, arriesgando la integridad f\u00edsica por ayudar a los dem\u00e1s cuando los necesitan.<\/p>\n\n\n\n<p>A\u00f1adi\u00f3 que, por ello, se trabaja diariamente en la constante capacitaci\u00f3n de los elementos, a fin de tener los conocimientos necesarios ante cualquier situaci\u00f3n de riesgo que se presenta, sin embargo, reconocieron que es muy necesario que se les equipe con m\u00e1s herramientas para sus labores.<\/p>\n\n\n\n<p>Cabe mencionar que el 1 de marzo se celebra el D\u00eda Internacional de Protecci\u00f3n Civil, con la finalidad de homenajear a los hombres y mujeres que trabajan en las organizaciones de Protecci\u00f3n Civil en todo el mundo, dedicados a la prevenci\u00f3n y reducci\u00f3n de desastres naturales y otras emergencias.<\/p>\n","protected":false},"excerpt":{"rendered":"<p>Por \u00c1ngel Silverio\/Zunoticia Jaltoc\u00e1n, Hgo.- En el marco del D\u00eda Internacional de Protecci\u00f3n Civil, el director de esta \u00e1rea en el municipio, V\u00edctor Herlindo Hern\u00e1ndez Miranda, destac\u00f3 la labor que junto a sus compa\u00f1eros realiza, por lo que reconoci\u00f3 el esfuerzo que hacen diariamente ante los siniestros que se presentan. El funcionario se\u00f1al\u00f3 que, es&hellip; <a class=\"more-link\" href=\"https:\/\/www.zunoticia.com\/noticias-de-hidalgo\/2023\/03\/01\/importante-reconocer-trabajo-de-proteccion-civil\/\">Seguir leyendo <span class=\"screen-reader-text\">Importante reconocer trabajo de Protecci\u00f3n Civil<\/span><\/a><\/p>\n","protected":false},"author":12,"featured_media":470489,"comment_status":"closed","ping_status":"open","sticky":false,"template":"","format":"standard","meta":{"rop_custom_images_group":[],"rop_custom_messages_group":[],"rop_publish_now":"initial","rop_publish_now_accounts":{"facebook_10159540855086992_322828327761733":""},"rop_publish_now_history":[],"rop_publish_now_status":"pending","footnotes":""},"categories":[179,200],"tags":[131],"class_list":["post-470526","post","type-post","status-publish","format-standard","has-post-thumbnail","hentry","category-huasteca","category-jaltocan","tag-jaltocan","entry"],"_links":{"self":[{"href":"https:\/\/www.zunoticia.com\/noticias-de-hidalgo\/wp-json\/wp\/v2\/posts\/470526","targetHints":{"allow":["GET"]}}],"collection":[{"href":"https:\/\/www.zunoticia.com\/noticias-de-hidalgo\/wp-json\/wp\/v2\/posts"}],"about":[{"href":"https:\/\/www.zunoticia.com\/noticias-de-hidalgo\/wp-json\/wp\/v2\/types\/post"}],"author":[{"embeddable":true,"href":"https:\/\/www.zunoticia.com\/noticias-de-hidalgo\/wp-json\/wp\/v2\/users\/12"}],"replies":[{"embeddable":true,"href":"https:\/\/www.zunoticia.com\/noticias-de-hidalgo\/wp-json\/wp\/v2\/comments?post=470526"}],"version-history":[{"count":1,"href":"https:\/\/www.zunoticia.com\/noticias-de-hidalgo\/wp-json\/wp\/v2\/posts\/470526\/revisions"}],"predecessor-version":[{"id":470529,"href":"https:\/\/www.zunoticia.com\/noticias-de-hidalgo\/wp-json\/wp\/v2\/posts\/470526\/revisions\/470529"}],"wp:featuredmedia":[{"embeddable":true,"href":"https:\/\/www.zunoticia.com\/noticias-de-hidalgo\/wp-json\/wp\/v2\/media\/470489"}],"wp:attachment":[{"href":"https:\/\/www.zunoticia.com\/noticias-de-hidalgo\/wp-json\/wp\/v2\/media?parent=470526"}],"wp:term":[{"taxonomy":"category","embeddable":true,"href":"https:\/\/www.zunoticia.com\/noticias-de-hidalgo\/wp-json\/wp\/v2\/categories?post=470526"},{"taxonomy":"post_tag","embeddable":true,"href":"https:\/\/www.zunoticia.com\/noticias-de-hidalgo\/wp-json\/wp\/v2\/tags?post=470526"}],"curies":[{"name":"wp","href":"https:\/\/api.w.org\/{rel}","templated":true}]}}