{"id":471203,"date":"2023-03-06T14:47:43","date_gmt":"2023-03-06T20:47:43","guid":{"rendered":"https:\/\/www.zunoticia.com\/noticias-de-hidalgo\/?p=471203"},"modified":"2023-03-06T14:47:44","modified_gmt":"2023-03-06T20:47:44","slug":"invitan-a-registrarse-como-activistas-del-medio-ambiente","status":"publish","type":"post","link":"https:\/\/www.zunoticia.com\/noticias-de-hidalgo\/2023\/03\/06\/invitan-a-registrarse-como-activistas-del-medio-ambiente\/","title":{"rendered":"Invitan a registrarse como activistas del medio ambiente"},"content":{"rendered":"<aside class=\"mashsb-container mashsb-main mashsb-stretched\"><div class=\"mashsb-box\"><div class=\"mashsb-count mash-large\" style=\"float:left\"><div class=\"counts mashsbcount\">36<\/div><span class=\"mashsb-sharetext\">SHARES<\/span><\/div><div class=\"mashsb-buttons\"><a class=\"mashicon-facebook mash-large mash-center mashsb-noshadow\" href=\"https:\/\/www.facebook.com\/sharer.php?u=https%3A%2F%2Fwww.zunoticia.com%2Fnoticias-de-hidalgo%2F2023%2F03%2F06%2Finvitan-a-registrarse-como-activistas-del-medio-ambiente%2F\" target=\"_top\" rel=\"nofollow\"><span class=\"icon\"><\/span><span class=\"text\">Share<\/span><\/a><a class=\"mashicon-twitter mash-large mash-center mashsb-noshadow\" href=\"https:\/\/twitter.com\/intent\/tweet?text=&amp;url=https:\/\/www.zunoticia.com\/noticias-de-hidalgo\/2023\/03\/06\/invitan-a-registrarse-como-activistas-del-medio-ambiente\/\" target=\"_top\" rel=\"nofollow\"><span class=\"icon\"><\/span><span class=\"text\">Tweet<\/span><\/a><div class=\"onoffswitch2 mash-large mashsb-noshadow\" style=\"display:none\"><\/div><\/div>\n            <\/div>\n                <div style=\"clear:both\"><\/div><div class=\"mashsb-toggle-container\"><\/div><\/aside>\n            <!-- Share buttons by mashshare.net - Version: 4.0.47-->\n<p><\/p>\n\n\n\n<p><em>Por \u00c1ngel Silverio\/Zunoticia<\/em><\/p>\n\n\n\n<p><strong>San Felipe Orizatl\u00e1n, Hgo.-<\/strong> La organizaci\u00f3n ambientalista denominada &#8220;Por amor a mi planeta&#8221; que representa Andrea Arenas, hizo una invitaci\u00f3n a todos aquellos interesados en el cuidado del medio ambiente y de los animales, a ser parte de los activistas y as\u00ed llevar este mensaje a las comunidades.<\/p>\n\n\n\n<p>Se\u00f1al\u00f3 que el cambio clim\u00e1tico afecta no solo al medio ambiente, sino tambi\u00e9n est\u00e1 relacionado con los derechos humanos porque afecta a&nbsp; nuestro bienestar, la econom\u00eda, la agricultura y todas las actividades econ\u00f3micas; as\u00ed tambi\u00e9n generando conflictos sociales por desabasto, impactos negativos y degradaci\u00f3n.<\/p>\n\n\n\n<p>Por ello, dijo, si el entorno que nos rodea naturalmente tiene afectaciones, los seres humanos tambi\u00e9n, -&#8220;Motivo por el cual&nbsp; el movimiento ecol\u00f3gico Por amor a mi planeta, hacemos extensiva la invitaci\u00f3n para reclutar activistas voluntarios para hacer frente con acciones a este fen\u00f3meno&#8221;.<\/p>\n\n\n\n<p>Quienes gusten ser parte de este movimiento, pueden llamar a los n\u00fameros 7712456258 y 7712350280. O contactar la p\u00e1gina de facebook \u201cPor amor a mi planeta acci\u00f3n hidalguense\u201d, donde se les puede brindar mayor informaci\u00f3n.<\/p>\n","protected":false},"excerpt":{"rendered":"<p>Por \u00c1ngel Silverio\/Zunoticia San Felipe Orizatl\u00e1n, Hgo.- La organizaci\u00f3n ambientalista denominada &#8220;Por amor a mi planeta&#8221; que representa Andrea Arenas, hizo una invitaci\u00f3n a todos aquellos interesados en el cuidado del medio ambiente y de los animales, a ser parte de los activistas y as\u00ed llevar este mensaje a las comunidades. Se\u00f1al\u00f3 que el cambio&hellip; <a class=\"more-link\" href=\"https:\/\/www.zunoticia.com\/noticias-de-hidalgo\/2023\/03\/06\/invitan-a-registrarse-como-activistas-del-medio-ambiente\/\">Seguir leyendo <span class=\"screen-reader-text\">Invitan a registrarse como activistas del medio ambiente<\/span><\/a><\/p>\n","protected":false},"author":20,"featured_media":471204,"comment_status":"closed","ping_status":"open","sticky":false,"template":"","format":"standard","meta":{"rop_custom_images_group":[],"rop_custom_messages_group":[],"rop_publish_now":"initial","rop_publish_now_accounts":{"facebook_10159540855086992_322828327761733":""},"rop_publish_now_history":[],"rop_publish_now_status":"pending","footnotes":""},"categories":[180],"tags":[129],"class_list":["post-471203","post","type-post","status-publish","format-standard","has-post-thumbnail","hentry","category-orizatlan","tag-orizatlan","entry"],"_links":{"self":[{"href":"https:\/\/www.zunoticia.com\/noticias-de-hidalgo\/wp-json\/wp\/v2\/posts\/471203","targetHints":{"allow":["GET"]}}],"collection":[{"href":"https:\/\/www.zunoticia.com\/noticias-de-hidalgo\/wp-json\/wp\/v2\/posts"}],"about":[{"href":"https:\/\/www.zunoticia.com\/noticias-de-hidalgo\/wp-json\/wp\/v2\/types\/post"}],"author":[{"embeddable":true,"href":"https:\/\/www.zunoticia.com\/noticias-de-hidalgo\/wp-json\/wp\/v2\/users\/20"}],"replies":[{"embeddable":true,"href":"https:\/\/www.zunoticia.com\/noticias-de-hidalgo\/wp-json\/wp\/v2\/comments?post=471203"}],"version-history":[{"count":1,"href":"https:\/\/www.zunoticia.com\/noticias-de-hidalgo\/wp-json\/wp\/v2\/posts\/471203\/revisions"}],"predecessor-version":[{"id":471205,"href":"https:\/\/www.zunoticia.com\/noticias-de-hidalgo\/wp-json\/wp\/v2\/posts\/471203\/revisions\/471205"}],"wp:featuredmedia":[{"embeddable":true,"href":"https:\/\/www.zunoticia.com\/noticias-de-hidalgo\/wp-json\/wp\/v2\/media\/471204"}],"wp:attachment":[{"href":"https:\/\/www.zunoticia.com\/noticias-de-hidalgo\/wp-json\/wp\/v2\/media?parent=471203"}],"wp:term":[{"taxonomy":"category","embeddable":true,"href":"https:\/\/www.zunoticia.com\/noticias-de-hidalgo\/wp-json\/wp\/v2\/categories?post=471203"},{"taxonomy":"post_tag","embeddable":true,"href":"https:\/\/www.zunoticia.com\/noticias-de-hidalgo\/wp-json\/wp\/v2\/tags?post=471203"}],"curies":[{"name":"wp","href":"https:\/\/api.w.org\/{rel}","templated":true}]}}