{"id":471297,"date":"2023-03-06T20:36:03","date_gmt":"2023-03-07T02:36:03","guid":{"rendered":"https:\/\/www.zunoticia.com\/noticias-de-hidalgo\/?p=471297"},"modified":"2023-03-06T20:36:04","modified_gmt":"2023-03-07T02:36:04","slug":"autoridades-estatales-conmemoran-dia-de-la-mujer","status":"publish","type":"post","link":"https:\/\/www.zunoticia.com\/noticias-de-hidalgo\/2023\/03\/06\/autoridades-estatales-conmemoran-dia-de-la-mujer\/","title":{"rendered":"Autoridades estatales conmemoran d\u00eda de la mujer"},"content":{"rendered":"<aside class=\"mashsb-container mashsb-main mashsb-stretched\"><div class=\"mashsb-box\"><div class=\"mashsb-count mash-large\" style=\"float:left\"><div class=\"counts mashsbcount\">4<\/div><span class=\"mashsb-sharetext\">SHARES<\/span><\/div><div class=\"mashsb-buttons\"><a class=\"mashicon-facebook mash-large mash-center mashsb-noshadow\" href=\"https:\/\/www.facebook.com\/sharer.php?u=https%3A%2F%2Fwww.zunoticia.com%2Fnoticias-de-hidalgo%2F2023%2F03%2F06%2Fautoridades-estatales-conmemoran-dia-de-la-mujer%2F\" target=\"_top\" rel=\"nofollow\"><span class=\"icon\"><\/span><span class=\"text\">Share<\/span><\/a><a class=\"mashicon-twitter mash-large mash-center mashsb-noshadow\" href=\"https:\/\/twitter.com\/intent\/tweet?text=&amp;url=https:\/\/www.zunoticia.com\/noticias-de-hidalgo\/2023\/03\/06\/autoridades-estatales-conmemoran-dia-de-la-mujer\/\" target=\"_top\" rel=\"nofollow\"><span class=\"icon\"><\/span><span class=\"text\">Tweet<\/span><\/a><div class=\"onoffswitch2 mash-large mashsb-noshadow\" style=\"display:none\"><\/div><\/div>\n            <\/div>\n                <div style=\"clear:both\"><\/div><div class=\"mashsb-toggle-container\"><\/div><\/aside>\n            <!-- Share buttons by mashshare.net - Version: 4.0.47-->\n<p><em>Por \u00c1ngel Silverio\/Zunoticia<\/em><\/p>\n\n\n\n<p><strong>Jaltoc\u00e1n, Hgo.-<\/strong> Con la presencia de Simey Olvera, Secretaria de Desarrollo Social en el estado, as\u00ed como del contralor del estado, se encabezaron las jornadas m\u00e9dicas, la tarde de este lunes, para las mujeres de Jaltoc\u00e1n, en el marco del D\u00eda Internacional de la Mujer.<\/p>\n\n\n\n<figure class=\"wp-block-image size-large\"><img fetchpriority=\"high\" decoding=\"async\" width=\"1024\" height=\"736\" src=\"https:\/\/www.zunoticia.com\/noticias-de-hidalgo\/wp-content\/uploads\/2023\/03\/eZy-Watermark-06-03-2023-08-10-21p.m.-1024x736.jpg\" alt=\"\" class=\"wp-image-471289\" srcset=\"https:\/\/www.zunoticia.com\/noticias-de-hidalgo\/wp-content\/uploads\/2023\/03\/eZy-Watermark-06-03-2023-08-10-21p.m.-1024x736.jpg 1024w, https:\/\/www.zunoticia.com\/noticias-de-hidalgo\/wp-content\/uploads\/2023\/03\/eZy-Watermark-06-03-2023-08-10-21p.m.-300x216.jpg 300w, https:\/\/www.zunoticia.com\/noticias-de-hidalgo\/wp-content\/uploads\/2023\/03\/eZy-Watermark-06-03-2023-08-10-21p.m.-768x552.jpg 768w, https:\/\/www.zunoticia.com\/noticias-de-hidalgo\/wp-content\/uploads\/2023\/03\/eZy-Watermark-06-03-2023-08-10-21p.m..jpg 1280w\" sizes=\"(max-width: 1024px) 100vw, 1024px\" \/><\/figure>\n\n\n\n<p>Fue en las instalaciones de la galera Municipal, donde se congregaron mujeres de todo el municipio con el fin de brindarles un homenaje y sobre todo atenci\u00f3n m\u00e9dica para quienes requirieran, como parte de los compromisos del gobernador del estado Julio Menchaca Salazar.<\/p>\n\n\n\n<p>En su mensaje, Simey Olvera dijo que, esta fecha se debe conmemorar y reconocer el trabajo y la ardua labor que realizan las mujeres desde el seno familiar, pues es indispensable su participaci\u00f3n tanto en el n\u00facleo de la familia como en la sociedad, por ello, hoy por hoy, el gobierno estatal est\u00e1 enfocado en atender las necesidades de las mujeres de cada rinc\u00f3n del estado.<\/p>\n\n\n\n<figure class=\"wp-block-image size-large\"><img decoding=\"async\" width=\"1024\" height=\"768\" src=\"https:\/\/www.zunoticia.com\/noticias-de-hidalgo\/wp-content\/uploads\/2023\/03\/eZy-Watermark-06-03-2023-08-09-50p.m.-1024x768.jpg\" alt=\"\" class=\"wp-image-471291\" srcset=\"https:\/\/www.zunoticia.com\/noticias-de-hidalgo\/wp-content\/uploads\/2023\/03\/eZy-Watermark-06-03-2023-08-09-50p.m.-1024x768.jpg 1024w, https:\/\/www.zunoticia.com\/noticias-de-hidalgo\/wp-content\/uploads\/2023\/03\/eZy-Watermark-06-03-2023-08-09-50p.m.-300x225.jpg 300w, https:\/\/www.zunoticia.com\/noticias-de-hidalgo\/wp-content\/uploads\/2023\/03\/eZy-Watermark-06-03-2023-08-09-50p.m.-768x576.jpg 768w, https:\/\/www.zunoticia.com\/noticias-de-hidalgo\/wp-content\/uploads\/2023\/03\/eZy-Watermark-06-03-2023-08-09-50p.m..jpg 1280w\" sizes=\"(max-width: 1024px) 100vw, 1024px\" \/><\/figure>\n\n\n\n<p>En el evento estuvieron presentes las autoridades municipales, quienes ofrecieron un ameno convivio a las f\u00e9minas y a los representantes del gobierno estatal para as\u00ed seguir trabajando por el bien de las mujeres jaltocanenses<\/p>\n","protected":false},"excerpt":{"rendered":"<p>Por \u00c1ngel Silverio\/Zunoticia Jaltoc\u00e1n, Hgo.- Con la presencia de Simey Olvera, Secretaria de Desarrollo Social en el estado, as\u00ed como del contralor del estado, se encabezaron las jornadas m\u00e9dicas, la tarde de este lunes, para las mujeres de Jaltoc\u00e1n, en el marco del D\u00eda Internacional de la Mujer. Fue en las instalaciones de la galera&hellip; <a class=\"more-link\" href=\"https:\/\/www.zunoticia.com\/noticias-de-hidalgo\/2023\/03\/06\/autoridades-estatales-conmemoran-dia-de-la-mujer\/\">Seguir leyendo <span class=\"screen-reader-text\">Autoridades estatales conmemoran d\u00eda de la mujer<\/span><\/a><\/p>\n","protected":false},"author":12,"featured_media":471290,"comment_status":"closed","ping_status":"open","sticky":false,"template":"","format":"standard","meta":{"rop_custom_images_group":[],"rop_custom_messages_group":[],"rop_publish_now":"initial","rop_publish_now_accounts":{"facebook_10159540855086992_322828327761733":""},"rop_publish_now_history":[],"rop_publish_now_status":"pending","footnotes":""},"categories":[179,200],"tags":[131],"class_list":["post-471297","post","type-post","status-publish","format-standard","has-post-thumbnail","hentry","category-huasteca","category-jaltocan","tag-jaltocan","entry"],"_links":{"self":[{"href":"https:\/\/www.zunoticia.com\/noticias-de-hidalgo\/wp-json\/wp\/v2\/posts\/471297","targetHints":{"allow":["GET"]}}],"collection":[{"href":"https:\/\/www.zunoticia.com\/noticias-de-hidalgo\/wp-json\/wp\/v2\/posts"}],"about":[{"href":"https:\/\/www.zunoticia.com\/noticias-de-hidalgo\/wp-json\/wp\/v2\/types\/post"}],"author":[{"embeddable":true,"href":"https:\/\/www.zunoticia.com\/noticias-de-hidalgo\/wp-json\/wp\/v2\/users\/12"}],"replies":[{"embeddable":true,"href":"https:\/\/www.zunoticia.com\/noticias-de-hidalgo\/wp-json\/wp\/v2\/comments?post=471297"}],"version-history":[{"count":1,"href":"https:\/\/www.zunoticia.com\/noticias-de-hidalgo\/wp-json\/wp\/v2\/posts\/471297\/revisions"}],"predecessor-version":[{"id":471299,"href":"https:\/\/www.zunoticia.com\/noticias-de-hidalgo\/wp-json\/wp\/v2\/posts\/471297\/revisions\/471299"}],"wp:featuredmedia":[{"embeddable":true,"href":"https:\/\/www.zunoticia.com\/noticias-de-hidalgo\/wp-json\/wp\/v2\/media\/471290"}],"wp:attachment":[{"href":"https:\/\/www.zunoticia.com\/noticias-de-hidalgo\/wp-json\/wp\/v2\/media?parent=471297"}],"wp:term":[{"taxonomy":"category","embeddable":true,"href":"https:\/\/www.zunoticia.com\/noticias-de-hidalgo\/wp-json\/wp\/v2\/categories?post=471297"},{"taxonomy":"post_tag","embeddable":true,"href":"https:\/\/www.zunoticia.com\/noticias-de-hidalgo\/wp-json\/wp\/v2\/tags?post=471297"}],"curies":[{"name":"wp","href":"https:\/\/api.w.org\/{rel}","templated":true}]}}