{"id":471367,"date":"2023-03-07T15:17:09","date_gmt":"2023-03-07T21:17:09","guid":{"rendered":"https:\/\/www.zunoticia.com\/noticias-de-hidalgo\/?p=471367"},"modified":"2023-03-07T15:17:10","modified_gmt":"2023-03-07T21:17:10","slug":"participa-menchaca-salazar-en-instalacion-de-la-catedra-carlos-martinez-assad","status":"publish","type":"post","link":"https:\/\/www.zunoticia.com\/noticias-de-hidalgo\/2023\/03\/07\/participa-menchaca-salazar-en-instalacion-de-la-catedra-carlos-martinez-assad\/","title":{"rendered":"Participa Menchaca Salazar en instalaci\u00f3n de la C\u00e1tedra Carlos Mart\u00ednez Assad"},"content":{"rendered":"<aside class=\"mashsb-container mashsb-main mashsb-stretched\"><div class=\"mashsb-box\"><div class=\"mashsb-count mash-large\" style=\"float:left\"><div class=\"counts mashsbcount\">4<\/div><span class=\"mashsb-sharetext\">SHARES<\/span><\/div><div class=\"mashsb-buttons\"><a class=\"mashicon-facebook mash-large mash-center mashsb-noshadow\" href=\"https:\/\/www.facebook.com\/sharer.php?u=https%3A%2F%2Fwww.zunoticia.com%2Fnoticias-de-hidalgo%2F2023%2F03%2F07%2Fparticipa-menchaca-salazar-en-instalacion-de-la-catedra-carlos-martinez-assad%2F\" target=\"_top\" rel=\"nofollow\"><span class=\"icon\"><\/span><span class=\"text\">Share<\/span><\/a><a class=\"mashicon-twitter mash-large mash-center mashsb-noshadow\" href=\"https:\/\/twitter.com\/intent\/tweet?text=&amp;url=https:\/\/www.zunoticia.com\/noticias-de-hidalgo\/2023\/03\/07\/participa-menchaca-salazar-en-instalacion-de-la-catedra-carlos-martinez-assad\/\" target=\"_top\" rel=\"nofollow\"><span class=\"icon\"><\/span><span class=\"text\">Tweet<\/span><\/a><div class=\"onoffswitch2 mash-large mashsb-noshadow\" style=\"display:none\"><\/div><\/div>\n            <\/div>\n                <div style=\"clear:both\"><\/div><div class=\"mashsb-toggle-container\"><\/div><\/aside>\n            <!-- Share buttons by mashshare.net - Version: 4.0.47-->\n<p><\/p>\n\n\n\n<p>\u00b7 El titular del Ejecutivo estatal resalt\u00f3 que la educaci\u00f3n convertir\u00e1 a Hidalgo en una potencia.<\/p>\n\n\n\n<p><em>Por Redacci\u00f3n\/Zunoticia<\/em><\/p>\n\n\n\n<p><strong>Pachuca de Soto, Hgo.-<\/strong> En el marco del 18 aniversario de El Colegio del Estado de Hidalgo, el gobernador Julio Menchaca Salazar, encabez\u00f3 la instalaci\u00f3n de la Catedra de Estudios Regionales \u00abCarlos Mart\u00ednez Assad\u00bb, espacio donde reconoci\u00f3 la trayectoria acad\u00e9mica del profesor em\u00e9rito de la Universidad Nacional Aut\u00f3noma de M\u00e9xico (UNAM) y miembro del Consejo Nacional de Ciencia y Tecnolog\u00eda (CONACyT).<\/p>\n\n\n\n<p>Durante su intervenci\u00f3n, el mandatario estatal record\u00f3 que Mart\u00ednez Assad es uno de los impulsores de los estudios regionales que ampl\u00edan el an\u00e1lisis sobre la diversidad de los diversos campos sociales, y cuyas investigaciones se encuentran estrechamente ligadas con el Valle del Mezquital en Hidalgo al analizar las dificultades que esta regi\u00f3n ha tenido que enfrentar a pesar de los recursos y potencialidades con los que cuenta.<\/p>\n\n\n\n<p>Motivo por el cual, Menchaca Salazar lament\u00f3 que durante muchos a\u00f1os no se tuviera previsto el crecimiento del Valle de M\u00e9xico y que estas omisiones, afectaran gravemente est\u00e1 regi\u00f3n del estado.<\/p>\n\n\n\n<p>\u201cHoy estamos en un proceso distinto y de transformaci\u00f3n, en donde vamos a superar esta etapa, por ello seguiremos utilizando a la educaci\u00f3n como una herramienta para convertir a Hidalgo en una verdadera potencia\u201d. Enfatiz\u00f3 que para cumplir con el compromiso de fortalecer al sistema educativo de la entidad, este a\u00f1o se registr\u00f3 un incremento presupuestal en este sector, lo que adem\u00e1s permitir\u00e1 mitigar la migraci\u00f3n y propiciar mejores condiciones de crecimiento personal y profesional.<\/p>\n\n\n\n<p>\u201cM\u00e9xico es un lugar de avanzada en la educaci\u00f3n en donde no podemos echar por la borda los esfuerzos realizados\u201d, declar\u00f3 Carlos Mart\u00ednez Assad, quien record\u00f3 que su historia est\u00e1 vinculada al estado de Hidalgo, por lo que agradeci\u00f3 este reconocimiento a su trayectoria acad\u00e9mica.<\/p>\n\n\n\n<p>Por su parte el secretario de Educaci\u00f3n P\u00fablica, Natividad Castrej\u00f3n Valdez, record\u00f3 que una de las metas del actual gobierno es transformar al sistema educativo, a fin de brindar todas las herramientas de desarrollo y que estas, se encuentren al alcance de todas y todos: \u201cNo podemos celebrar el 18 aniversario de El Colegio del Estado de Hidalgo sin reconocer sus aportaciones a la vida acad\u00e9mica de la regi\u00f3n, por ello ante una nueva visi\u00f3n de las humanidades, la ciencia y la tecnolog\u00eda son llamadas a ocupar un lugar trascendente en la historia\u201d.<\/p>\n\n\n\n<p>A\u00f1adi\u00f3 que la educaci\u00f3n es uno de los principales motores de la transformaci\u00f3n, por lo que todas las instituciones educativas contar\u00e1n con el respaldo de la dependencia que encabeza para lograr los prop\u00f3sitos plasmados en el Plan Estatal de Desarrollo 2022-2028.<\/p>\n\n\n\n<p>Pablo Vargas Gonz\u00e1lez, director del El Colegio del Estado de Hidalgo, resalt\u00f3 que la C\u00e1tedra de Estudios Regionales \u201cDr. Carlos Mart\u00ednez Assad\u201d, tiene el prop\u00f3sito de fomentar y fortalecer los estudios regionales a nivel local, nacional e internacional, enfocados en los procesos de transformaci\u00f3n: \u201cReconocemos la trayectoria de Carlos Mart\u00ednez Assad, cuyos trabajos dan cuenta de las diversas ramas del desarrollo, se trata de compartir recursos y esfuerzos interinstitucionales\u201d.<\/p>\n\n\n\n<p>Destac\u00f3 que el gobernador ha girado la instrucci\u00f3n de trasladar la sede de El Colegio de Hidalgo hacia el centro de la capital hidalguense, con el objetivo de contar con mejores espacios para el desarrollo de investigaciones. Esto como una muestra del compromiso que guarda la nueva administraci\u00f3n con el impulso de la ciencia y la tecnolog\u00eda.<\/p>\n\n\n\n<p>Al finalizar esta ceremonia, el gobernador puntualiz\u00f3 que la participaci\u00f3n ciudadana en la construcci\u00f3n de pol\u00edticas p\u00fablicas seguir\u00e1 siendo una constante en su gobierno, pues son las y los hidalguenses quienes dictar\u00e1n l\u00ednea en la ruta de la transformaci\u00f3n.<\/p>\n","protected":false},"excerpt":{"rendered":"<p>\u00b7 El titular del Ejecutivo estatal resalt\u00f3 que la educaci\u00f3n convertir\u00e1 a Hidalgo en una potencia. Por Redacci\u00f3n\/Zunoticia Pachuca de Soto, Hgo.- En el marco del 18 aniversario de El Colegio del Estado de Hidalgo, el gobernador Julio Menchaca Salazar, encabez\u00f3 la instalaci\u00f3n de la Catedra de Estudios Regionales \u00abCarlos Mart\u00ednez Assad\u00bb, espacio donde reconoci\u00f3&hellip; <a class=\"more-link\" href=\"https:\/\/www.zunoticia.com\/noticias-de-hidalgo\/2023\/03\/07\/participa-menchaca-salazar-en-instalacion-de-la-catedra-carlos-martinez-assad\/\">Seguir leyendo <span class=\"screen-reader-text\">Participa Menchaca Salazar en instalaci\u00f3n de la C\u00e1tedra Carlos Mart\u00ednez Assad<\/span><\/a><\/p>\n","protected":false},"author":20,"featured_media":471368,"comment_status":"closed","ping_status":"open","sticky":false,"template":"","format":"standard","meta":{"rop_custom_images_group":[],"rop_custom_messages_group":[],"rop_publish_now":"initial","rop_publish_now_accounts":{"facebook_10159540855086992_322828327761733":""},"rop_publish_now_history":[],"rop_publish_now_status":"pending","footnotes":""},"categories":[208],"tags":[214],"class_list":["post-471367","post","type-post","status-publish","format-standard","has-post-thumbnail","hentry","category-estado","tag-estado","entry"],"_links":{"self":[{"href":"https:\/\/www.zunoticia.com\/noticias-de-hidalgo\/wp-json\/wp\/v2\/posts\/471367","targetHints":{"allow":["GET"]}}],"collection":[{"href":"https:\/\/www.zunoticia.com\/noticias-de-hidalgo\/wp-json\/wp\/v2\/posts"}],"about":[{"href":"https:\/\/www.zunoticia.com\/noticias-de-hidalgo\/wp-json\/wp\/v2\/types\/post"}],"author":[{"embeddable":true,"href":"https:\/\/www.zunoticia.com\/noticias-de-hidalgo\/wp-json\/wp\/v2\/users\/20"}],"replies":[{"embeddable":true,"href":"https:\/\/www.zunoticia.com\/noticias-de-hidalgo\/wp-json\/wp\/v2\/comments?post=471367"}],"version-history":[{"count":1,"href":"https:\/\/www.zunoticia.com\/noticias-de-hidalgo\/wp-json\/wp\/v2\/posts\/471367\/revisions"}],"predecessor-version":[{"id":471369,"href":"https:\/\/www.zunoticia.com\/noticias-de-hidalgo\/wp-json\/wp\/v2\/posts\/471367\/revisions\/471369"}],"wp:featuredmedia":[{"embeddable":true,"href":"https:\/\/www.zunoticia.com\/noticias-de-hidalgo\/wp-json\/wp\/v2\/media\/471368"}],"wp:attachment":[{"href":"https:\/\/www.zunoticia.com\/noticias-de-hidalgo\/wp-json\/wp\/v2\/media?parent=471367"}],"wp:term":[{"taxonomy":"category","embeddable":true,"href":"https:\/\/www.zunoticia.com\/noticias-de-hidalgo\/wp-json\/wp\/v2\/categories?post=471367"},{"taxonomy":"post_tag","embeddable":true,"href":"https:\/\/www.zunoticia.com\/noticias-de-hidalgo\/wp-json\/wp\/v2\/tags?post=471367"}],"curies":[{"name":"wp","href":"https:\/\/api.w.org\/{rel}","templated":true}]}}