{"id":471376,"date":"2023-03-07T16:38:47","date_gmt":"2023-03-07T22:38:47","guid":{"rendered":"https:\/\/www.zunoticia.com\/noticias-de-hidalgo\/?p=471376"},"modified":"2023-03-08T01:15:27","modified_gmt":"2023-03-08T07:15:27","slug":"seph-se-une-a-la-conmemoracion-del-dia-internacional-de-la-mujer","status":"publish","type":"post","link":"https:\/\/www.zunoticia.com\/noticias-de-hidalgo\/2023\/03\/07\/seph-se-une-a-la-conmemoracion-del-dia-internacional-de-la-mujer\/","title":{"rendered":"SEPH se une a la conmemoraci\u00f3n del d\u00eda internacional de la mujer"},"content":{"rendered":"<aside class=\"mashsb-container mashsb-main mashsb-stretched\"><div class=\"mashsb-box\"><div class=\"mashsb-count mash-large\" style=\"float:left\"><div class=\"counts mashsbcount\">0<\/div><span class=\"mashsb-sharetext\">SHARES<\/span><\/div><div class=\"mashsb-buttons\"><a class=\"mashicon-facebook mash-large mash-center mashsb-noshadow\" href=\"https:\/\/www.facebook.com\/sharer.php?u=https%3A%2F%2Fwww.zunoticia.com%2Fnoticias-de-hidalgo%2F2023%2F03%2F07%2Fseph-se-une-a-la-conmemoracion-del-dia-internacional-de-la-mujer%2F\" target=\"_top\" rel=\"nofollow\"><span class=\"icon\"><\/span><span class=\"text\">Share<\/span><\/a><a class=\"mashicon-twitter mash-large mash-center mashsb-noshadow\" href=\"https:\/\/twitter.com\/intent\/tweet?text=&amp;url=https:\/\/www.zunoticia.com\/noticias-de-hidalgo\/2023\/03\/07\/seph-se-une-a-la-conmemoracion-del-dia-internacional-de-la-mujer\/\" target=\"_top\" rel=\"nofollow\"><span class=\"icon\"><\/span><span class=\"text\">Tweet<\/span><\/a><div class=\"onoffswitch2 mash-large mashsb-noshadow\" style=\"display:none\"><\/div><\/div>\n            <\/div>\n                <div style=\"clear:both\"><\/div><div class=\"mashsb-toggle-container\"><\/div><\/aside>\n            <!-- Share buttons by mashshare.net - Version: 4.0.47-->\n<p><\/p>\n\n\n\n<p><em>Por Redacci\u00f3n\/Zunoticia<\/em><\/p>\n\n\n\n<p><strong>Pachuca de Soto, Hgo<\/strong>.- Con la participaci\u00f3n de aproximadamente 250 asistentes y dentro de la conmemoraci\u00f3n del D\u00eda Internacional de las Mujeres, la Secretar\u00eda de Educaci\u00f3n P\u00fablica de Hidalgo (SEPH), a trav\u00e9s de la Unidad Institucional para la Igualdad entre Mujeres y Hombres (UIIMH), realiz\u00f3 la \u201cRodada Morada\u201d en el Complejo Deportivo Revoluci\u00f3n Mexicana.<\/p>\n\n\n\n<p>En representaci\u00f3n del secretario de Educaci\u00f3n P\u00fablica de Hidalgo, Natividad Castrej\u00f3n Valdez, la subsecretaria de Administraci\u00f3n y Finanzas, Maricarmen Margarita Mandujano Cerrilla, dio el banderazo de salida, pero antes indic\u00f3 que la pol\u00edtica estatal que encabeza el gobernador Julio Menchaca Salazar, en el eje transversal, \u201cMujeres en pleno bienestar\u201d, se tiene como prioridad a las mujeres en temas como la salud, el empleo, el empoderamiento, seguridad, capacitaci\u00f3n para el trabajo, emprendimiento, pol\u00edticas con impacto en toda la administraci\u00f3n y temas afines.<\/p>\n\n\n\n<figure class=\"wp-block-image size-large\"><img fetchpriority=\"high\" decoding=\"async\" width=\"1024\" height=\"714\" src=\"https:\/\/www.zunoticia.com\/noticias-de-hidalgo\/wp-content\/uploads\/2023\/03\/eZy-Watermark-07-03-2023-11-58-28p.m.-1024x714.jpg\" alt=\"\" class=\"wp-image-471526\" srcset=\"https:\/\/www.zunoticia.com\/noticias-de-hidalgo\/wp-content\/uploads\/2023\/03\/eZy-Watermark-07-03-2023-11-58-28p.m.-1024x714.jpg 1024w, https:\/\/www.zunoticia.com\/noticias-de-hidalgo\/wp-content\/uploads\/2023\/03\/eZy-Watermark-07-03-2023-11-58-28p.m.-300x209.jpg 300w, https:\/\/www.zunoticia.com\/noticias-de-hidalgo\/wp-content\/uploads\/2023\/03\/eZy-Watermark-07-03-2023-11-58-28p.m.-768x536.jpg 768w, https:\/\/www.zunoticia.com\/noticias-de-hidalgo\/wp-content\/uploads\/2023\/03\/eZy-Watermark-07-03-2023-11-58-28p.m..jpg 1280w\" sizes=\"(max-width: 1024px) 100vw, 1024px\" \/><\/figure>\n\n\n\n<p>Puntualiz\u00f3 que, alineado a esta pol\u00edtica estatal, y que la conmemoraci\u00f3n del D\u00eda Internacional de las Mujeres, es una jornada de lucha por los derechos de las mujeres, es el d\u00eda en que se reivindican los avances en materia de igualdad de g\u00e9nero, a la vez que se reflexiona sobre todo lo que a\u00fan hace falta para erradicar la desigualdad entre mujeres y hombres.<\/p>\n\n\n\n<p>\u201cIgualdad, significa tener las mismas oportunidades en lo social, econ\u00f3mico, educativo, pol\u00edtico, cultural, laboral; es vivir una vida libre de violencia y contar con las condiciones \u00f3ptimas para crecer.<\/p>\n\n\n\n<p>En su oportunidad la directora de la UIIMH, Nhur Amira N\u00fa\u00f1ez Ponce, indic\u00f3 que este d\u00eda no debe ser un s\u00edmbolo de festejo sino un recordatorio de cada una de las mujeres que han levantado la voz a lo largo de la historia por ellas y las mujeres y ni\u00f1as de las nuevas generaciones.<\/p>\n\n\n\n<p>Asimismo, reconocer el trabajo diario de las nuevas voces que en pleno siglo XXI buscan visibilizar las condiciones de vida de las mujeres en su diversidad y sus contextos sociales.<\/p>\n\n\n\n<p>En la rodada estuvieron presentes las subsecretarias de Educaci\u00f3n B\u00e1sica, Myrl\u00e9n Salas Dorantes; la de Planeaci\u00f3n y Evaluaci\u00f3n, X\u00f3chitl Beatriz Garc\u00eda Curiel; el director general del Instituto Hidalguense del Deporte, Pipino Isidro Cuevas Gonz\u00e1lez; en representaci\u00f3n del subsecretario de Educaci\u00f3n Media y Superior, Daniel Fragoso Torres el director general de Educaci\u00f3n Media Superior, Ram\u00f3n Castillo Gonz\u00e1lez; la directora de Educaci\u00f3n B\u00e1sica, Nancy Adriana Le\u00f3n Vite, entre otras personas.<\/p>\n","protected":false},"excerpt":{"rendered":"<p>Por Redacci\u00f3n\/Zunoticia Pachuca de Soto, Hgo.- Con la participaci\u00f3n de aproximadamente 250 asistentes y dentro de la conmemoraci\u00f3n del D\u00eda Internacional de las Mujeres, la Secretar\u00eda de Educaci\u00f3n P\u00fablica de Hidalgo (SEPH), a trav\u00e9s de la Unidad Institucional para la Igualdad entre Mujeres y Hombres (UIIMH), realiz\u00f3 la \u201cRodada Morada\u201d en el Complejo Deportivo Revoluci\u00f3n&hellip; <a class=\"more-link\" href=\"https:\/\/www.zunoticia.com\/noticias-de-hidalgo\/2023\/03\/07\/seph-se-une-a-la-conmemoracion-del-dia-internacional-de-la-mujer\/\">Seguir leyendo <span class=\"screen-reader-text\">SEPH se une a la conmemoraci\u00f3n del d\u00eda internacional de la mujer<\/span><\/a><\/p>\n","protected":false},"author":20,"featured_media":471377,"comment_status":"closed","ping_status":"open","sticky":false,"template":"","format":"standard","meta":{"rop_custom_images_group":[],"rop_custom_messages_group":[],"rop_publish_now":"initial","rop_publish_now_accounts":{"facebook_10159540855086992_322828327761733":""},"rop_publish_now_history":[],"rop_publish_now_status":"pending","footnotes":""},"categories":[208],"tags":[214],"class_list":["post-471376","post","type-post","status-publish","format-standard","has-post-thumbnail","hentry","category-estado","tag-estado","entry"],"_links":{"self":[{"href":"https:\/\/www.zunoticia.com\/noticias-de-hidalgo\/wp-json\/wp\/v2\/posts\/471376","targetHints":{"allow":["GET"]}}],"collection":[{"href":"https:\/\/www.zunoticia.com\/noticias-de-hidalgo\/wp-json\/wp\/v2\/posts"}],"about":[{"href":"https:\/\/www.zunoticia.com\/noticias-de-hidalgo\/wp-json\/wp\/v2\/types\/post"}],"author":[{"embeddable":true,"href":"https:\/\/www.zunoticia.com\/noticias-de-hidalgo\/wp-json\/wp\/v2\/users\/20"}],"replies":[{"embeddable":true,"href":"https:\/\/www.zunoticia.com\/noticias-de-hidalgo\/wp-json\/wp\/v2\/comments?post=471376"}],"version-history":[{"count":2,"href":"https:\/\/www.zunoticia.com\/noticias-de-hidalgo\/wp-json\/wp\/v2\/posts\/471376\/revisions"}],"predecessor-version":[{"id":471527,"href":"https:\/\/www.zunoticia.com\/noticias-de-hidalgo\/wp-json\/wp\/v2\/posts\/471376\/revisions\/471527"}],"wp:featuredmedia":[{"embeddable":true,"href":"https:\/\/www.zunoticia.com\/noticias-de-hidalgo\/wp-json\/wp\/v2\/media\/471377"}],"wp:attachment":[{"href":"https:\/\/www.zunoticia.com\/noticias-de-hidalgo\/wp-json\/wp\/v2\/media?parent=471376"}],"wp:term":[{"taxonomy":"category","embeddable":true,"href":"https:\/\/www.zunoticia.com\/noticias-de-hidalgo\/wp-json\/wp\/v2\/categories?post=471376"},{"taxonomy":"post_tag","embeddable":true,"href":"https:\/\/www.zunoticia.com\/noticias-de-hidalgo\/wp-json\/wp\/v2\/tags?post=471376"}],"curies":[{"name":"wp","href":"https:\/\/api.w.org\/{rel}","templated":true}]}}