{"id":471394,"date":"2023-03-07T17:52:04","date_gmt":"2023-03-07T23:52:04","guid":{"rendered":"https:\/\/www.zunoticia.com\/noticias-de-hidalgo\/?p=471394"},"modified":"2023-03-07T17:52:05","modified_gmt":"2023-03-07T23:52:05","slug":"pugnan-por-constituir-a-chalahuiyapa-en-comunidad-saludable","status":"publish","type":"post","link":"https:\/\/www.zunoticia.com\/noticias-de-hidalgo\/2023\/03\/07\/pugnan-por-constituir-a-chalahuiyapa-en-comunidad-saludable\/","title":{"rendered":"Pugnan por constituir a Chalahuiyapa en &#8220;comunidad saludable&#8221;"},"content":{"rendered":"<aside class=\"mashsb-container mashsb-main mashsb-stretched\"><div class=\"mashsb-box\"><div class=\"mashsb-count mash-large\" style=\"float:left\"><div class=\"counts mashsbcount\">12<\/div><span class=\"mashsb-sharetext\">SHARES<\/span><\/div><div class=\"mashsb-buttons\"><a class=\"mashicon-facebook mash-large mash-center mashsb-noshadow\" href=\"https:\/\/www.facebook.com\/sharer.php?u=https%3A%2F%2Fwww.zunoticia.com%2Fnoticias-de-hidalgo%2F2023%2F03%2F07%2Fpugnan-por-constituir-a-chalahuiyapa-en-comunidad-saludable%2F\" target=\"_top\" rel=\"nofollow\"><span class=\"icon\"><\/span><span class=\"text\">Share<\/span><\/a><a class=\"mashicon-twitter mash-large mash-center mashsb-noshadow\" href=\"https:\/\/twitter.com\/intent\/tweet?text=&amp;url=https:\/\/www.zunoticia.com\/noticias-de-hidalgo\/2023\/03\/07\/pugnan-por-constituir-a-chalahuiyapa-en-comunidad-saludable\/\" target=\"_top\" rel=\"nofollow\"><span class=\"icon\"><\/span><span class=\"text\">Tweet<\/span><\/a><div class=\"onoffswitch2 mash-large mashsb-noshadow\" style=\"display:none\"><\/div><\/div>\n            <\/div>\n                <div style=\"clear:both\"><\/div><div class=\"mashsb-toggle-container\"><\/div><\/aside>\n            <!-- Share buttons by mashshare.net - Version: 4.0.47-->\n<p><em>Por Salvador Altamirano\/Zunoticia<\/em><\/p>\n\n\n\n<p><strong>Huejutla, Hgo<\/strong>.- Entrevistado en torno al proyecto tendiente a constituir a Chalahuiyapa en Comunidad saludable, el delegado municipal Agapito Hern\u00e1ndez Hern\u00e1ndez, refiri\u00f3 que para tal efecto este martes se llevaron a cabo varias actividades que podr\u00edan persistir durante el a\u00f1o que fungir\u00e1 en su gesti\u00f3n.<\/p>\n\n\n\n<p>Detall\u00f3 que, para tal efecto, se realiz\u00f3 en la ma\u00f1ana una reforestaci\u00f3n en el \u00e1rea verde del arroyo de la localidad, donde se plantaron 170 arbolitos; se realiz\u00f3 limpieza de calles; clasificaci\u00f3n de pets; y detecci\u00f3n de perros que deambulan en el sector poblacional.<\/p>\n\n\n\n<p>Subray\u00f3 que con lo anterior, se pretende mejorar el entorno ecol\u00f3gico y preservar la salud de los habitantes, quienes en pleno participaron en las acciones, en coordinaci\u00f3n con un grupo interistitucional del \u00e1rea de Ecolog\u00eda y Medio Ambiente Municipal; Sector Salud y la delegaci\u00f3n de Chalahuiyapa.<\/p>\n\n\n\n<p>A pregunta expresa, especific\u00f3 que en la comunidad habitan un promedio de mil cuatrocientas personas, a quienes exhort\u00f3 a que se sumen todos al proyecto, as\u00ed como a las instituciones educativas, ya que es en beneficio -acentu\u00f3-, de nuestro pueblo.<\/p>\n\n\n\n<p>Para concluir, el representante delegacional coment\u00f3 que lo que sigue es darle continuidad a las actividades, las cuales conllevan -reiter\u00f3-, a constituir a Chalahuiyapa en Comunidad saludable, que espero se logre al concluir mi gesti\u00f3n del 2023.<\/p>\n\n\n\n<p><\/p>\n\n\n\n<p><\/p>\n","protected":false},"excerpt":{"rendered":"<p>Por Salvador Altamirano\/Zunoticia Huejutla, Hgo.- Entrevistado en torno al proyecto tendiente a constituir a Chalahuiyapa en Comunidad saludable, el delegado municipal Agapito Hern\u00e1ndez Hern\u00e1ndez, refiri\u00f3 que para tal efecto este martes se llevaron a cabo varias actividades que podr\u00edan persistir durante el a\u00f1o que fungir\u00e1 en su gesti\u00f3n. Detall\u00f3 que, para tal efecto, se realiz\u00f3&hellip; <a class=\"more-link\" href=\"https:\/\/www.zunoticia.com\/noticias-de-hidalgo\/2023\/03\/07\/pugnan-por-constituir-a-chalahuiyapa-en-comunidad-saludable\/\">Seguir leyendo <span class=\"screen-reader-text\">Pugnan por constituir a Chalahuiyapa en &#8220;comunidad saludable&#8221;<\/span><\/a><\/p>\n","protected":false},"author":20,"featured_media":471395,"comment_status":"closed","ping_status":"open","sticky":false,"template":"","format":"standard","meta":{"rop_custom_images_group":[],"rop_custom_messages_group":[],"rop_publish_now":"initial","rop_publish_now_accounts":{"facebook_10159540855086992_322828327761733":""},"rop_publish_now_history":[],"rop_publish_now_status":"pending","footnotes":""},"categories":[181],"tags":[121],"class_list":["post-471394","post","type-post","status-publish","format-standard","has-post-thumbnail","hentry","category-huejutla","tag-huejutla","entry"],"_links":{"self":[{"href":"https:\/\/www.zunoticia.com\/noticias-de-hidalgo\/wp-json\/wp\/v2\/posts\/471394","targetHints":{"allow":["GET"]}}],"collection":[{"href":"https:\/\/www.zunoticia.com\/noticias-de-hidalgo\/wp-json\/wp\/v2\/posts"}],"about":[{"href":"https:\/\/www.zunoticia.com\/noticias-de-hidalgo\/wp-json\/wp\/v2\/types\/post"}],"author":[{"embeddable":true,"href":"https:\/\/www.zunoticia.com\/noticias-de-hidalgo\/wp-json\/wp\/v2\/users\/20"}],"replies":[{"embeddable":true,"href":"https:\/\/www.zunoticia.com\/noticias-de-hidalgo\/wp-json\/wp\/v2\/comments?post=471394"}],"version-history":[{"count":1,"href":"https:\/\/www.zunoticia.com\/noticias-de-hidalgo\/wp-json\/wp\/v2\/posts\/471394\/revisions"}],"predecessor-version":[{"id":471396,"href":"https:\/\/www.zunoticia.com\/noticias-de-hidalgo\/wp-json\/wp\/v2\/posts\/471394\/revisions\/471396"}],"wp:featuredmedia":[{"embeddable":true,"href":"https:\/\/www.zunoticia.com\/noticias-de-hidalgo\/wp-json\/wp\/v2\/media\/471395"}],"wp:attachment":[{"href":"https:\/\/www.zunoticia.com\/noticias-de-hidalgo\/wp-json\/wp\/v2\/media?parent=471394"}],"wp:term":[{"taxonomy":"category","embeddable":true,"href":"https:\/\/www.zunoticia.com\/noticias-de-hidalgo\/wp-json\/wp\/v2\/categories?post=471394"},{"taxonomy":"post_tag","embeddable":true,"href":"https:\/\/www.zunoticia.com\/noticias-de-hidalgo\/wp-json\/wp\/v2\/tags?post=471394"}],"curies":[{"name":"wp","href":"https:\/\/api.w.org\/{rel}","templated":true}]}}