{"id":471416,"date":"2023-03-07T19:18:27","date_gmt":"2023-03-08T01:18:27","guid":{"rendered":"https:\/\/www.zunoticia.com\/noticias-de-hidalgo\/?p=471416"},"modified":"2023-03-07T19:18:28","modified_gmt":"2023-03-08T01:18:28","slug":"esperan-incrementar-la-actividad-comercial-para-semana-santa-ucltarh","status":"publish","type":"post","link":"https:\/\/www.zunoticia.com\/noticias-de-hidalgo\/2023\/03\/07\/esperan-incrementar-la-actividad-comercial-para-semana-santa-ucltarh\/","title":{"rendered":"Esperan incrementar la actividad comercial para Semana Santa: UCLTARH"},"content":{"rendered":"<aside class=\"mashsb-container mashsb-main mashsb-stretched\"><div class=\"mashsb-box\"><div class=\"mashsb-count mash-large\" style=\"float:left\"><div class=\"counts mashsbcount\">26<\/div><span class=\"mashsb-sharetext\">SHARES<\/span><\/div><div class=\"mashsb-buttons\"><a class=\"mashicon-facebook mash-large mash-center mashsb-noshadow\" href=\"https:\/\/www.facebook.com\/sharer.php?u=https%3A%2F%2Fwww.zunoticia.com%2Fnoticias-de-hidalgo%2F2023%2F03%2F07%2Fesperan-incrementar-la-actividad-comercial-para-semana-santa-ucltarh%2F\" target=\"_top\" rel=\"nofollow\"><span class=\"icon\"><\/span><span class=\"text\">Share<\/span><\/a><a class=\"mashicon-twitter mash-large mash-center mashsb-noshadow\" href=\"https:\/\/twitter.com\/intent\/tweet?text=&amp;url=https:\/\/www.zunoticia.com\/noticias-de-hidalgo\/2023\/03\/07\/esperan-incrementar-la-actividad-comercial-para-semana-santa-ucltarh\/\" target=\"_top\" rel=\"nofollow\"><span class=\"icon\"><\/span><span class=\"text\">Tweet<\/span><\/a><div class=\"onoffswitch2 mash-large mashsb-noshadow\" style=\"display:none\"><\/div><\/div>\n            <\/div>\n                <div style=\"clear:both\"><\/div><div class=\"mashsb-toggle-container\"><\/div><\/aside>\n            <!-- Share buttons by mashshare.net - Version: 4.0.47-->\n<p><em>Por Enedino Hern\u00e1ndez\/Zunoticia<\/em><\/p>\n\n\n\n<p><strong>Huejutla, Hgo.-<\/strong> Tras reconocer que al momento las ventas se mantienen muy bajas, el Secretario General de la Uni\u00f3n de Comerciantes Locatarios Tianguistas y Ambulantes Regi\u00f3n Huasteca (UCLTARH), Nicolas Lara Herrera, adelant\u00f3 que esperan incrementar la actividad comercial para la temporada de la Semana Santa 2023.<\/p>\n\n\n\n<p>Indica que \u201cdebido a las altas temperaturas que se tienen en la zona la gente casi no sale a comprar al mercado y si es que llega a salir solo compra lo m\u00e1s importante de la canasta b\u00e1sica, cada temporada de calor as\u00ed siempre ha sido, ojal\u00e1 y que para la Semana Santa incremente un poco las ventas para todos\u201d.<\/p>\n\n\n\n<p>Comenta que durante la celebraci\u00f3n de la Semana Santa normalmente se vende la ropa y sandalias, para visitar los r\u00edos; sobre todo que para la Semana Santa se espera mejorar la actividad comercial, ya que en los dos a\u00f1os anteriores no se pudo hacer m\u00e1s por la contingencia sanitaria, pero ahora si se har\u00e1 porque la pandemia ya pas\u00f3.<\/p>\n\n\n\n<p>Invita a los socios comerciantes a seguir con cada una de las medidas preventivas dictadas en su momento por personal del Sector Salud, como es el uso de cubrebocas, el gel antibacterial; adem\u00e1s se dijo confiado de que los visitantes disfrutar\u00e1n de su estancia en la regi\u00f3n.<\/p>\n\n\n\n<p>Nicolas Lara Herrera asegur\u00f3 que, sus compa\u00f1eros agremiados cumplen puntualmente con cada una de las medidas sanitarias requeridas por el Sector Salud y si el caso as\u00ed fuera y se pide, se tendr\u00e1 que fortalecer cada una de las medidas correspondientes, asegurando que se mantienen debidamente coordinados con la COPRISEH.<\/p>\n","protected":false},"excerpt":{"rendered":"<p>Por Enedino Hern\u00e1ndez\/Zunoticia Huejutla, Hgo.- Tras reconocer que al momento las ventas se mantienen muy bajas, el Secretario General de la Uni\u00f3n de Comerciantes Locatarios Tianguistas y Ambulantes Regi\u00f3n Huasteca (UCLTARH), Nicolas Lara Herrera, adelant\u00f3 que esperan incrementar la actividad comercial para la temporada de la Semana Santa 2023. Indica que \u201cdebido a las altas&hellip; <a class=\"more-link\" href=\"https:\/\/www.zunoticia.com\/noticias-de-hidalgo\/2023\/03\/07\/esperan-incrementar-la-actividad-comercial-para-semana-santa-ucltarh\/\">Seguir leyendo <span class=\"screen-reader-text\">Esperan incrementar la actividad comercial para Semana Santa: UCLTARH<\/span><\/a><\/p>\n","protected":false},"author":12,"featured_media":471412,"comment_status":"closed","ping_status":"open","sticky":false,"template":"","format":"standard","meta":{"rop_custom_images_group":[],"rop_custom_messages_group":[],"rop_publish_now":"initial","rop_publish_now_accounts":{"facebook_10159540855086992_322828327761733":""},"rop_publish_now_history":[],"rop_publish_now_status":"pending","footnotes":""},"categories":[181],"tags":[121],"class_list":["post-471416","post","type-post","status-publish","format-standard","has-post-thumbnail","hentry","category-huejutla","tag-huejutla","entry"],"_links":{"self":[{"href":"https:\/\/www.zunoticia.com\/noticias-de-hidalgo\/wp-json\/wp\/v2\/posts\/471416","targetHints":{"allow":["GET"]}}],"collection":[{"href":"https:\/\/www.zunoticia.com\/noticias-de-hidalgo\/wp-json\/wp\/v2\/posts"}],"about":[{"href":"https:\/\/www.zunoticia.com\/noticias-de-hidalgo\/wp-json\/wp\/v2\/types\/post"}],"author":[{"embeddable":true,"href":"https:\/\/www.zunoticia.com\/noticias-de-hidalgo\/wp-json\/wp\/v2\/users\/12"}],"replies":[{"embeddable":true,"href":"https:\/\/www.zunoticia.com\/noticias-de-hidalgo\/wp-json\/wp\/v2\/comments?post=471416"}],"version-history":[{"count":1,"href":"https:\/\/www.zunoticia.com\/noticias-de-hidalgo\/wp-json\/wp\/v2\/posts\/471416\/revisions"}],"predecessor-version":[{"id":471418,"href":"https:\/\/www.zunoticia.com\/noticias-de-hidalgo\/wp-json\/wp\/v2\/posts\/471416\/revisions\/471418"}],"wp:featuredmedia":[{"embeddable":true,"href":"https:\/\/www.zunoticia.com\/noticias-de-hidalgo\/wp-json\/wp\/v2\/media\/471412"}],"wp:attachment":[{"href":"https:\/\/www.zunoticia.com\/noticias-de-hidalgo\/wp-json\/wp\/v2\/media?parent=471416"}],"wp:term":[{"taxonomy":"category","embeddable":true,"href":"https:\/\/www.zunoticia.com\/noticias-de-hidalgo\/wp-json\/wp\/v2\/categories?post=471416"},{"taxonomy":"post_tag","embeddable":true,"href":"https:\/\/www.zunoticia.com\/noticias-de-hidalgo\/wp-json\/wp\/v2\/tags?post=471416"}],"curies":[{"name":"wp","href":"https:\/\/api.w.org\/{rel}","templated":true}]}}