{"id":471419,"date":"2023-03-07T19:52:26","date_gmt":"2023-03-08T01:52:26","guid":{"rendered":"https:\/\/www.zunoticia.com\/noticias-de-hidalgo\/?p=471419"},"modified":"2023-03-07T19:52:27","modified_gmt":"2023-03-08T01:52:27","slug":"proteccion-civil-regional-brindo-la-capacitacion-seguridad-en-el-hogar","status":"publish","type":"post","link":"https:\/\/www.zunoticia.com\/noticias-de-hidalgo\/2023\/03\/07\/proteccion-civil-regional-brindo-la-capacitacion-seguridad-en-el-hogar\/","title":{"rendered":"Protecci\u00f3n Civil Regional brind\u00f3 la capacitaci\u00f3n &#8220;Seguridad en el Hogar&#8221;"},"content":{"rendered":"<aside class=\"mashsb-container mashsb-main mashsb-stretched\"><div class=\"mashsb-box\"><div class=\"mashsb-count mash-large\" style=\"float:left\"><div class=\"counts mashsbcount\">23<\/div><span class=\"mashsb-sharetext\">SHARES<\/span><\/div><div class=\"mashsb-buttons\"><a class=\"mashicon-facebook mash-large mash-center mashsb-noshadow\" href=\"https:\/\/www.facebook.com\/sharer.php?u=https%3A%2F%2Fwww.zunoticia.com%2Fnoticias-de-hidalgo%2F2023%2F03%2F07%2Fproteccion-civil-regional-brindo-la-capacitacion-seguridad-en-el-hogar%2F\" target=\"_top\" rel=\"nofollow\"><span class=\"icon\"><\/span><span class=\"text\">Share<\/span><\/a><a class=\"mashicon-twitter mash-large mash-center mashsb-noshadow\" href=\"https:\/\/twitter.com\/intent\/tweet?text=&amp;url=https:\/\/www.zunoticia.com\/noticias-de-hidalgo\/2023\/03\/07\/proteccion-civil-regional-brindo-la-capacitacion-seguridad-en-el-hogar\/\" target=\"_top\" rel=\"nofollow\"><span class=\"icon\"><\/span><span class=\"text\">Tweet<\/span><\/a><div class=\"onoffswitch2 mash-large mashsb-noshadow\" style=\"display:none\"><\/div><\/div>\n            <\/div>\n                <div style=\"clear:both\"><\/div><div class=\"mashsb-toggle-container\"><\/div><\/aside>\n            <!-- Share buttons by mashshare.net - Version: 4.0.47-->\n<p><em>Por Roberto Meza\/Zunoticia<\/em><\/p>\n\n\n\n<p><strong>Yahualica, Hgo.-<\/strong> El coordinador de Protecci\u00f3n Civil en la Huasteca H\u00e9ctor Hilario Manuel se\u00f1al\u00f3 que, este d\u00eda estuvieron en este municipio para brindar una capacitaci\u00f3n a las mujeres, en el marco de la Semana de la Mujer.<\/p>\n\n\n\n<p>La capacitaci\u00f3n se llev\u00f3 a cabo en la sala de cabildos del ayuntamiento yahualiquense, hasta donde se dieron cita todas las funcionarias d\u00e1ndoles a conocer diversos temas.<\/p>\n\n\n\n<figure class=\"wp-block-image size-full\"><img fetchpriority=\"high\" decoding=\"async\" width=\"928\" height=\"553\" src=\"https:\/\/www.zunoticia.com\/noticias-de-hidalgo\/wp-content\/uploads\/2023\/03\/eZy-Watermark-07-03-2023-07-33-05p.m..jpg\" alt=\"\" class=\"wp-image-471432\" srcset=\"https:\/\/www.zunoticia.com\/noticias-de-hidalgo\/wp-content\/uploads\/2023\/03\/eZy-Watermark-07-03-2023-07-33-05p.m..jpg 928w, https:\/\/www.zunoticia.com\/noticias-de-hidalgo\/wp-content\/uploads\/2023\/03\/eZy-Watermark-07-03-2023-07-33-05p.m.-300x179.jpg 300w, https:\/\/www.zunoticia.com\/noticias-de-hidalgo\/wp-content\/uploads\/2023\/03\/eZy-Watermark-07-03-2023-07-33-05p.m.-768x458.jpg 768w\" sizes=\"(max-width: 928px) 100vw, 928px\" \/><\/figure>\n\n\n\n<p>Al respecto Hilario Manuel, se\u00f1al\u00f3 &#8220;acompa\u00f1amos al titular de Protecci\u00f3n Civil del municipio de Yahualica Celestino Lara Esteban, a la capacitaci\u00f3n &#8220;Seguridad en el Hogar&#8221; dirigida a nuestras compa\u00f1eras mujeres, esto con el objetivo de identificar los riesgos y que conozcan las medidas de prevenci\u00f3n para que en conjunto con sus familias armen su Plan de Protecci\u00f3n Civil Familiar y as\u00ed disminuir el riesgo en sus hogares y \u00e1reas de trabajo. Amarse es cuidarse, protegerse y resguardarse&#8221;.<\/p>\n\n\n\n<p>\u201cEn el acto tambi\u00e9n se cont\u00f3 con la presencia del Director de Gobernaci\u00f3n, Paulino Ram\u00edrez Hern\u00e1ndez, en esta importante y necesaria pl\u00e1tica con nuestras compa\u00f1eras del municipio de Yahualica, porque en Hidalgo, primero las mujeres\u201d, concluy\u00f3 diciendo el funcionario.<\/p>\n","protected":false},"excerpt":{"rendered":"<p>Por Roberto Meza\/Zunoticia Yahualica, Hgo.- El coordinador de Protecci\u00f3n Civil en la Huasteca H\u00e9ctor Hilario Manuel se\u00f1al\u00f3 que, este d\u00eda estuvieron en este municipio para brindar una capacitaci\u00f3n a las mujeres, en el marco de la Semana de la Mujer. La capacitaci\u00f3n se llev\u00f3 a cabo en la sala de cabildos del ayuntamiento yahualiquense, hasta&hellip; <a class=\"more-link\" href=\"https:\/\/www.zunoticia.com\/noticias-de-hidalgo\/2023\/03\/07\/proteccion-civil-regional-brindo-la-capacitacion-seguridad-en-el-hogar\/\">Seguir leyendo <span class=\"screen-reader-text\">Protecci\u00f3n Civil Regional brind\u00f3 la capacitaci\u00f3n &#8220;Seguridad en el Hogar&#8221;<\/span><\/a><\/p>\n","protected":false},"author":12,"featured_media":471431,"comment_status":"closed","ping_status":"open","sticky":false,"template":"","format":"standard","meta":{"rop_custom_images_group":[],"rop_custom_messages_group":[],"rop_publish_now":"initial","rop_publish_now_accounts":{"facebook_10159540855086992_322828327761733":""},"rop_publish_now_history":[],"rop_publish_now_status":"pending","footnotes":""},"categories":[179,203],"tags":[123],"class_list":["post-471419","post","type-post","status-publish","format-standard","has-post-thumbnail","hentry","category-huasteca","category-yahualica","tag-yahualica","entry"],"_links":{"self":[{"href":"https:\/\/www.zunoticia.com\/noticias-de-hidalgo\/wp-json\/wp\/v2\/posts\/471419","targetHints":{"allow":["GET"]}}],"collection":[{"href":"https:\/\/www.zunoticia.com\/noticias-de-hidalgo\/wp-json\/wp\/v2\/posts"}],"about":[{"href":"https:\/\/www.zunoticia.com\/noticias-de-hidalgo\/wp-json\/wp\/v2\/types\/post"}],"author":[{"embeddable":true,"href":"https:\/\/www.zunoticia.com\/noticias-de-hidalgo\/wp-json\/wp\/v2\/users\/12"}],"replies":[{"embeddable":true,"href":"https:\/\/www.zunoticia.com\/noticias-de-hidalgo\/wp-json\/wp\/v2\/comments?post=471419"}],"version-history":[{"count":1,"href":"https:\/\/www.zunoticia.com\/noticias-de-hidalgo\/wp-json\/wp\/v2\/posts\/471419\/revisions"}],"predecessor-version":[{"id":471434,"href":"https:\/\/www.zunoticia.com\/noticias-de-hidalgo\/wp-json\/wp\/v2\/posts\/471419\/revisions\/471434"}],"wp:featuredmedia":[{"embeddable":true,"href":"https:\/\/www.zunoticia.com\/noticias-de-hidalgo\/wp-json\/wp\/v2\/media\/471431"}],"wp:attachment":[{"href":"https:\/\/www.zunoticia.com\/noticias-de-hidalgo\/wp-json\/wp\/v2\/media?parent=471419"}],"wp:term":[{"taxonomy":"category","embeddable":true,"href":"https:\/\/www.zunoticia.com\/noticias-de-hidalgo\/wp-json\/wp\/v2\/categories?post=471419"},{"taxonomy":"post_tag","embeddable":true,"href":"https:\/\/www.zunoticia.com\/noticias-de-hidalgo\/wp-json\/wp\/v2\/tags?post=471419"}],"curies":[{"name":"wp","href":"https:\/\/api.w.org\/{rel}","templated":true}]}}