{"id":471675,"date":"2023-03-09T00:05:44","date_gmt":"2023-03-09T06:05:44","guid":{"rendered":"https:\/\/www.zunoticia.com\/noticias-de-hidalgo\/?p=471675"},"modified":"2023-03-09T00:05:45","modified_gmt":"2023-03-09T06:05:45","slug":"4-huejutlenses-representaran-a-hidalgo-en-macro-regional","status":"publish","type":"post","link":"https:\/\/www.zunoticia.com\/noticias-de-hidalgo\/2023\/03\/09\/4-huejutlenses-representaran-a-hidalgo-en-macro-regional\/","title":{"rendered":"4 huejutlenses representar\u00e1n a Hidalgo en Macro Regional"},"content":{"rendered":"<aside class=\"mashsb-container mashsb-main mashsb-stretched\"><div class=\"mashsb-box\"><div class=\"mashsb-count mash-large\" style=\"float:left\"><div class=\"counts mashsbcount\">76<\/div><span class=\"mashsb-sharetext\">SHARES<\/span><\/div><div class=\"mashsb-buttons\"><a class=\"mashicon-facebook mash-large mash-center mashsb-noshadow\" href=\"https:\/\/www.facebook.com\/sharer.php?u=https%3A%2F%2Fwww.zunoticia.com%2Fnoticias-de-hidalgo%2F2023%2F03%2F09%2F4-huejutlenses-representaran-a-hidalgo-en-macro-regional%2F\" target=\"_top\" rel=\"nofollow\"><span class=\"icon\"><\/span><span class=\"text\">Share<\/span><\/a><a class=\"mashicon-twitter mash-large mash-center mashsb-noshadow\" href=\"https:\/\/twitter.com\/intent\/tweet?text=&amp;url=https:\/\/www.zunoticia.com\/noticias-de-hidalgo\/2023\/03\/09\/4-huejutlenses-representaran-a-hidalgo-en-macro-regional\/\" target=\"_top\" rel=\"nofollow\"><span class=\"icon\"><\/span><span class=\"text\">Tweet<\/span><\/a><div class=\"onoffswitch2 mash-large mashsb-noshadow\" style=\"display:none\"><\/div><\/div>\n            <\/div>\n                <div style=\"clear:both\"><\/div><div class=\"mashsb-toggle-container\"><\/div><\/aside>\n            <!-- Share buttons by mashshare.net - Version: 4.0.47-->\n<p><em>Por Jos\u00e9 Luis Romero Ruiz\/Zunoticia<\/em><\/p>\n\n\n\n<p><strong>Huejutla, Hgo.-<\/strong> 4 huejutlenses son parte de la selecci\u00f3n femenil de voleibol de sala del estado de Hidalgo y participar\u00e1n en el evento Macro Regional de Voleibol a realizarse en Ciudad del Carmen, Campeche denominado \u201cJuegos Nacionales de CONADE 2023.<\/p>\n\n\n\n<p>El entrenador Juan Luis Reyes Olivares manifest\u00f3 en entrevista con Zunoticia que, es motivo de orgullo que cuatro jugadoras originarias de esta ciudad sean parte de la selecci\u00f3n estatal de voleibol de Hidalgo; a continuaci\u00f3n, dio a conocer los nombres de las 4 jugadoras: Mar\u00eda Jos\u00e9 Anaya Moran, Anjel Liliana Reyes V\u00e1zquez, Jimena Badillo, y Daniela Acu\u00f1a Naranjo.<\/p>\n\n\n\n<p>Reyes Olivares mencion\u00f3 que, la sede ser\u00e1 en Ciudad del Carmen, Campeche y ser\u00e1n anfitriones de las siguientes selecciones: Chiapas, Hidalgo, IMSS, Oaxaca, Puebla, Quintana Roo, Tabasco, Tlaxcala, UNAM, Veracruz y Yucat\u00e1n, del 16 al 19 de marzo del presente a\u00f1o.<\/p>\n\n\n\n<p>\u201cEl equipo de la rama varonil y femenil de voleibol que resulte triunfador representar\u00e1 a la macro regi\u00f3n, en la eliminatoria nacional de voleibol, con fecha y sede por confirmar \u201c, externo.<\/p>\n\n\n\n<p>Para finalizar se\u00f1al\u00f3 que \u00e9l (Juan Luis Reyes Olivares), tambi\u00e9n viajar\u00e1 a la justa deportiva como \u201cCoach\u201d (entrenador), de la selecci\u00f3n de Voleibol del estado de Hidalgo.<\/p>\n","protected":false},"excerpt":{"rendered":"<p>Por Jos\u00e9 Luis Romero Ruiz\/Zunoticia Huejutla, Hgo.- 4 huejutlenses son parte de la selecci\u00f3n femenil de voleibol de sala del estado de Hidalgo y participar\u00e1n en el evento Macro Regional de Voleibol a realizarse en Ciudad del Carmen, Campeche denominado \u201cJuegos Nacionales de CONADE 2023. El entrenador Juan Luis Reyes Olivares manifest\u00f3 en entrevista con&hellip; <a class=\"more-link\" href=\"https:\/\/www.zunoticia.com\/noticias-de-hidalgo\/2023\/03\/09\/4-huejutlenses-representaran-a-hidalgo-en-macro-regional\/\">Seguir leyendo <span class=\"screen-reader-text\">4 huejutlenses representar\u00e1n a Hidalgo en Macro Regional<\/span><\/a><\/p>\n","protected":false},"author":12,"featured_media":471709,"comment_status":"closed","ping_status":"open","sticky":false,"template":"","format":"standard","meta":{"rop_custom_images_group":[],"rop_custom_messages_group":[],"rop_publish_now":"initial","rop_publish_now_accounts":{"facebook_10159540855086992_322828327761733":""},"rop_publish_now_history":[],"rop_publish_now_status":"pending","footnotes":""},"categories":[177],"tags":[215],"class_list":["post-471675","post","type-post","status-publish","format-standard","has-post-thumbnail","hentry","category-deportes","tag-deportes","entry"],"_links":{"self":[{"href":"https:\/\/www.zunoticia.com\/noticias-de-hidalgo\/wp-json\/wp\/v2\/posts\/471675","targetHints":{"allow":["GET"]}}],"collection":[{"href":"https:\/\/www.zunoticia.com\/noticias-de-hidalgo\/wp-json\/wp\/v2\/posts"}],"about":[{"href":"https:\/\/www.zunoticia.com\/noticias-de-hidalgo\/wp-json\/wp\/v2\/types\/post"}],"author":[{"embeddable":true,"href":"https:\/\/www.zunoticia.com\/noticias-de-hidalgo\/wp-json\/wp\/v2\/users\/12"}],"replies":[{"embeddable":true,"href":"https:\/\/www.zunoticia.com\/noticias-de-hidalgo\/wp-json\/wp\/v2\/comments?post=471675"}],"version-history":[{"count":1,"href":"https:\/\/www.zunoticia.com\/noticias-de-hidalgo\/wp-json\/wp\/v2\/posts\/471675\/revisions"}],"predecessor-version":[{"id":471710,"href":"https:\/\/www.zunoticia.com\/noticias-de-hidalgo\/wp-json\/wp\/v2\/posts\/471675\/revisions\/471710"}],"wp:featuredmedia":[{"embeddable":true,"href":"https:\/\/www.zunoticia.com\/noticias-de-hidalgo\/wp-json\/wp\/v2\/media\/471709"}],"wp:attachment":[{"href":"https:\/\/www.zunoticia.com\/noticias-de-hidalgo\/wp-json\/wp\/v2\/media?parent=471675"}],"wp:term":[{"taxonomy":"category","embeddable":true,"href":"https:\/\/www.zunoticia.com\/noticias-de-hidalgo\/wp-json\/wp\/v2\/categories?post=471675"},{"taxonomy":"post_tag","embeddable":true,"href":"https:\/\/www.zunoticia.com\/noticias-de-hidalgo\/wp-json\/wp\/v2\/tags?post=471675"}],"curies":[{"name":"wp","href":"https:\/\/api.w.org\/{rel}","templated":true}]}}