{"id":471691,"date":"2023-03-09T00:13:59","date_gmt":"2023-03-09T06:13:59","guid":{"rendered":"https:\/\/www.zunoticia.com\/noticias-de-hidalgo\/?p=471691"},"modified":"2023-03-09T00:14:01","modified_gmt":"2023-03-09T06:14:01","slug":"colectivo-feminista-pide-alto-a-la-violencia-de-genero","status":"publish","type":"post","link":"https:\/\/www.zunoticia.com\/noticias-de-hidalgo\/2023\/03\/09\/colectivo-feminista-pide-alto-a-la-violencia-de-genero\/","title":{"rendered":"Colectivo feminista pide alto a la violencia de g\u00e9nero"},"content":{"rendered":"<aside class=\"mashsb-container mashsb-main mashsb-stretched\"><div class=\"mashsb-box\"><div class=\"mashsb-count mash-large\" style=\"float:left\"><div class=\"counts mashsbcount\">24<\/div><span class=\"mashsb-sharetext\">SHARES<\/span><\/div><div class=\"mashsb-buttons\"><a class=\"mashicon-facebook mash-large mash-center mashsb-noshadow\" href=\"https:\/\/www.facebook.com\/sharer.php?u=https%3A%2F%2Fwww.zunoticia.com%2Fnoticias-de-hidalgo%2F2023%2F03%2F09%2Fcolectivo-feminista-pide-alto-a-la-violencia-de-genero%2F\" target=\"_top\" rel=\"nofollow\"><span class=\"icon\"><\/span><span class=\"text\">Share<\/span><\/a><a class=\"mashicon-twitter mash-large mash-center mashsb-noshadow\" href=\"https:\/\/twitter.com\/intent\/tweet?text=&amp;url=https:\/\/www.zunoticia.com\/noticias-de-hidalgo\/2023\/03\/09\/colectivo-feminista-pide-alto-a-la-violencia-de-genero\/\" target=\"_top\" rel=\"nofollow\"><span class=\"icon\"><\/span><span class=\"text\">Tweet<\/span><\/a><div class=\"onoffswitch2 mash-large mashsb-noshadow\" style=\"display:none\"><\/div><\/div>\n            <\/div>\n                <div style=\"clear:both\"><\/div><div class=\"mashsb-toggle-container\"><\/div><\/aside>\n            <!-- Share buttons by mashshare.net - Version: 4.0.47-->\n<ul class=\"wp-block-list\">\n<li>Tan solo en el 2022 la violencia feminicida creci\u00f3 en un 32.2%.<\/li>\n<\/ul>\n\n\n\n<p><em>Por Karen Rivera\/Zunoticia<\/em><\/p>\n\n\n\n<p><strong>Huejutla, Hgo.-<\/strong> \u201cVivas se las llevaron, vivas las queremos\u201d, \u201cNi una menos\u201d y \u201cPor una Huasteca y un Hidalgo libre de violencia\u201d, fueron las consignas que gritaron las integrantes del Colectivo Feminista \u201cTetiksiuatl en la plaza 21 de mayo, donde se reunieron para conmemorar el &#8220;D\u00eda Internacional de la Mujer&#8221;, y a su vez, reclamar sus derechos&nbsp; pidiendo un alto por la violencia de g\u00e9nero.&nbsp;&nbsp;<\/p>\n\n\n\n<figure class=\"wp-block-image size-large\"><img fetchpriority=\"high\" decoding=\"async\" width=\"1024\" height=\"768\" src=\"https:\/\/www.zunoticia.com\/noticias-de-hidalgo\/wp-content\/uploads\/2023\/03\/eZy-Watermark-08-03-2023-11-49-14p.m.-1024x768.jpg\" alt=\"\" class=\"wp-image-471699\" srcset=\"https:\/\/www.zunoticia.com\/noticias-de-hidalgo\/wp-content\/uploads\/2023\/03\/eZy-Watermark-08-03-2023-11-49-14p.m.-1024x768.jpg 1024w, https:\/\/www.zunoticia.com\/noticias-de-hidalgo\/wp-content\/uploads\/2023\/03\/eZy-Watermark-08-03-2023-11-49-14p.m.-300x225.jpg 300w, https:\/\/www.zunoticia.com\/noticias-de-hidalgo\/wp-content\/uploads\/2023\/03\/eZy-Watermark-08-03-2023-11-49-14p.m.-768x576.jpg 768w, https:\/\/www.zunoticia.com\/noticias-de-hidalgo\/wp-content\/uploads\/2023\/03\/eZy-Watermark-08-03-2023-11-49-14p.m..jpg 1152w\" sizes=\"(max-width: 1024px) 100vw, 1024px\" \/><\/figure>\n\n\n\n<p>Alrededor de las 17:00 horas en la plaza principal, el colectivo feminista &#8220;Tetiksiuatl&#8221; realiz\u00f3 una concentraci\u00f3n masiva con la finalidad de alzar la voz y hablar por todas aquellas que ya no est\u00e1n, mismas que fueron v\u00edctimas de feminicidio y secuestros.<\/p>\n\n\n\n<figure class=\"wp-block-image size-large\"><img decoding=\"async\" width=\"1024\" height=\"462\" src=\"https:\/\/www.zunoticia.com\/noticias-de-hidalgo\/wp-content\/uploads\/2023\/03\/eZy-Watermark-08-03-2023-11-50-20p.m.-1024x462.jpg\" alt=\"\" class=\"wp-image-471696\" srcset=\"https:\/\/www.zunoticia.com\/noticias-de-hidalgo\/wp-content\/uploads\/2023\/03\/eZy-Watermark-08-03-2023-11-50-20p.m.-1024x462.jpg 1024w, https:\/\/www.zunoticia.com\/noticias-de-hidalgo\/wp-content\/uploads\/2023\/03\/eZy-Watermark-08-03-2023-11-50-20p.m.-300x135.jpg 300w, https:\/\/www.zunoticia.com\/noticias-de-hidalgo\/wp-content\/uploads\/2023\/03\/eZy-Watermark-08-03-2023-11-50-20p.m.-768x346.jpg 768w, https:\/\/www.zunoticia.com\/noticias-de-hidalgo\/wp-content\/uploads\/2023\/03\/eZy-Watermark-08-03-2023-11-50-20p.m..jpg 1280w\" sizes=\"(max-width: 1024px) 100vw, 1024px\" \/><\/figure>\n\n\n\n<p>El evento inici\u00f3 con la consigna, &#8220;Vivas se las llevaron, vivas las queremos&#8221;, donde tambi\u00e9n alzaron la voz y externaron sus experiencias de violencia, abusos, violaciones, humillaciones y sufrimientos que han vivido a lo largo de sus vidas.<\/p>\n\n\n\n<figure class=\"wp-block-image size-large\"><img decoding=\"async\" width=\"1024\" height=\"768\" src=\"https:\/\/www.zunoticia.com\/noticias-de-hidalgo\/wp-content\/uploads\/2023\/03\/eZy-Watermark-08-03-2023-11-50-40p.m.-1024x768.jpg\" alt=\"\" class=\"wp-image-471695\" srcset=\"https:\/\/www.zunoticia.com\/noticias-de-hidalgo\/wp-content\/uploads\/2023\/03\/eZy-Watermark-08-03-2023-11-50-40p.m.-1024x768.jpg 1024w, https:\/\/www.zunoticia.com\/noticias-de-hidalgo\/wp-content\/uploads\/2023\/03\/eZy-Watermark-08-03-2023-11-50-40p.m.-300x225.jpg 300w, https:\/\/www.zunoticia.com\/noticias-de-hidalgo\/wp-content\/uploads\/2023\/03\/eZy-Watermark-08-03-2023-11-50-40p.m.-768x576.jpg 768w, https:\/\/www.zunoticia.com\/noticias-de-hidalgo\/wp-content\/uploads\/2023\/03\/eZy-Watermark-08-03-2023-11-50-40p.m..jpg 1280w\" sizes=\"(max-width: 1024px) 100vw, 1024px\" \/><\/figure>\n\n\n\n<p>&nbsp;\u201cQue vean que cada vez somos m\u00e1s y que ya no tenemos miedo, vivas las queremos, vivas se las llevaron. Muchas gracias a todas, todos y a todes, por estar ac\u00e1 y porque somos conscientes de la violencia que se vive en la Huasteca, porque de cierto modo quienes estamos aqu\u00ed conocemos a otras m\u00e1s, pero tienen miedo y por ellas, por las que est\u00e1n y por las que vienen, tenemos que salir y demostrar que en la Huasteca cada vez somos m\u00e1s, las mujeres que decimos alto a la violencia, somos cada vez m\u00e1s, las mujeres que somos profesionistas dispuestas ayudar a las otras para que no vivan las violencia que vivimos nosotras\u201d.<\/p>\n\n\n\n<figure class=\"wp-block-image size-large\"><img loading=\"lazy\" decoding=\"async\" width=\"1024\" height=\"576\" src=\"https:\/\/www.zunoticia.com\/noticias-de-hidalgo\/wp-content\/uploads\/2023\/03\/eZy-Watermark-08-03-2023-11-48-47p.m.-1024x576.jpg\" alt=\"\" class=\"wp-image-471700\" srcset=\"https:\/\/www.zunoticia.com\/noticias-de-hidalgo\/wp-content\/uploads\/2023\/03\/eZy-Watermark-08-03-2023-11-48-47p.m.-1024x576.jpg 1024w, https:\/\/www.zunoticia.com\/noticias-de-hidalgo\/wp-content\/uploads\/2023\/03\/eZy-Watermark-08-03-2023-11-48-47p.m.-300x169.jpg 300w, https:\/\/www.zunoticia.com\/noticias-de-hidalgo\/wp-content\/uploads\/2023\/03\/eZy-Watermark-08-03-2023-11-48-47p.m.-768x432.jpg 768w, https:\/\/www.zunoticia.com\/noticias-de-hidalgo\/wp-content\/uploads\/2023\/03\/eZy-Watermark-08-03-2023-11-48-47p.m..jpg 1280w\" sizes=\"(max-width: 1024px) 100vw, 1024px\" \/><\/figure>\n\n\n\n<p>\u201cEn estos momentos todas ustedes est\u00e1n haciendo historia, porque adem\u00e1s es la primera vez que marchamos por un orgullo que ha sido silenciado, por un orgullo que ha sido humillado, por un orgullo que ha sido parte de la violencia patriarcal que el orgullo LGBT+Q, hoy tenemos un contingente con hombres, mujeres, con trans, con personas no binarias que est\u00e1n dispuestos alzar la voz\u201d.<\/p>\n\n\n\n<figure class=\"wp-block-image size-large\"><img loading=\"lazy\" decoding=\"async\" width=\"1024\" height=\"576\" src=\"https:\/\/www.zunoticia.com\/noticias-de-hidalgo\/wp-content\/uploads\/2023\/03\/eZy-Watermark-08-03-2023-11-48-25p.m.-1024x576.jpg\" alt=\"\" class=\"wp-image-471701\" srcset=\"https:\/\/www.zunoticia.com\/noticias-de-hidalgo\/wp-content\/uploads\/2023\/03\/eZy-Watermark-08-03-2023-11-48-25p.m.-1024x576.jpg 1024w, https:\/\/www.zunoticia.com\/noticias-de-hidalgo\/wp-content\/uploads\/2023\/03\/eZy-Watermark-08-03-2023-11-48-25p.m.-300x169.jpg 300w, https:\/\/www.zunoticia.com\/noticias-de-hidalgo\/wp-content\/uploads\/2023\/03\/eZy-Watermark-08-03-2023-11-48-25p.m.-768x432.jpg 768w, https:\/\/www.zunoticia.com\/noticias-de-hidalgo\/wp-content\/uploads\/2023\/03\/eZy-Watermark-08-03-2023-11-48-25p.m..jpg 1280w\" sizes=\"(max-width: 1024px) 100vw, 1024px\" \/><\/figure>\n\n\n\n<p>\u201cQuiero que sepan que no est\u00e1n solos y solas, que en la Huasteca los \u00edndices de violencia han ido aumentando, en la Huasteca y en M\u00e9xico, de enero a diciembre de 2022, la violencia feminicida creci\u00f3 en un 32.2%, el n\u00famero de llamadas de atenci\u00f3n por violaci\u00f3n es de 270 mil, la poblaci\u00f3n m\u00e1s afectada por la violaci\u00f3n han sido ni\u00f1as de 15 a 18 a\u00f1os, yo creo que a las ni\u00f1as que son menores de 15 no las han dejado hablar y por eso estamos aqu\u00ed, por las mujeres ind\u00edgenas orgullosamente huastecas que en esta cosmogon\u00eda vamos a decir \u00a1Ya basta!, y estamos aqu\u00ed para cambiar el destino de Huejutla y de toda la huasteca, que las y los huastecos sepan que las mujeres y las ni\u00f1as que cuando crezcan tengan una mujer en cada una de ustedes en las que puedan confiar\u201d, extern\u00f3 la l\u00edder del colectivo feminista.<\/p>\n\n\n\n<figure class=\"wp-block-image size-large\"><img loading=\"lazy\" decoding=\"async\" width=\"1024\" height=\"576\" src=\"https:\/\/www.zunoticia.com\/noticias-de-hidalgo\/wp-content\/uploads\/2023\/03\/eZy-Watermark-08-03-2023-11-48-06p.m.-1024x576.jpg\" alt=\"\" class=\"wp-image-471702\" srcset=\"https:\/\/www.zunoticia.com\/noticias-de-hidalgo\/wp-content\/uploads\/2023\/03\/eZy-Watermark-08-03-2023-11-48-06p.m.-1024x576.jpg 1024w, https:\/\/www.zunoticia.com\/noticias-de-hidalgo\/wp-content\/uploads\/2023\/03\/eZy-Watermark-08-03-2023-11-48-06p.m.-300x169.jpg 300w, https:\/\/www.zunoticia.com\/noticias-de-hidalgo\/wp-content\/uploads\/2023\/03\/eZy-Watermark-08-03-2023-11-48-06p.m.-768x432.jpg 768w, https:\/\/www.zunoticia.com\/noticias-de-hidalgo\/wp-content\/uploads\/2023\/03\/eZy-Watermark-08-03-2023-11-48-06p.m..jpg 1280w\" sizes=\"(max-width: 1024px) 100vw, 1024px\" \/><\/figure>\n\n\n\n<p>\u201cTodas las que estamos aqu\u00ed, estamos dispuestas a reconstruir y anular la violencia y que sepan aquellos, all\u00e1 afuera, que no nos vamos a volver a quedar calladas, cada vez somos m\u00e1s, cada vez son rostros nuevos, cada vez agarramos m\u00e1s conciencia y quiero decirles que este movimiento comenz\u00f3 en el 2020 y \u00e9ramos 20 hoy vean la cara de cada una de las mujeres que est\u00e1n aqu\u00ed en este momento y que est\u00e1n luchando, a\u00fan sin saber qu\u00e9 vamos a ver el d\u00eda de ma\u00f1ana, pero estamos aqu\u00ed por una Huasteca y un Hidalgo mejor, estamos aqu\u00ed por ellas, por ellos, por los que ya se fueron\u201d.<\/p>\n\n\n\n<figure class=\"wp-block-image size-large\"><img loading=\"lazy\" decoding=\"async\" width=\"1024\" height=\"768\" src=\"https:\/\/www.zunoticia.com\/noticias-de-hidalgo\/wp-content\/uploads\/2023\/03\/eZy-Watermark-08-03-2023-11-47-48p.m.-1024x768.jpg\" alt=\"\" class=\"wp-image-471703\" srcset=\"https:\/\/www.zunoticia.com\/noticias-de-hidalgo\/wp-content\/uploads\/2023\/03\/eZy-Watermark-08-03-2023-11-47-48p.m.-1024x768.jpg 1024w, https:\/\/www.zunoticia.com\/noticias-de-hidalgo\/wp-content\/uploads\/2023\/03\/eZy-Watermark-08-03-2023-11-47-48p.m.-300x225.jpg 300w, https:\/\/www.zunoticia.com\/noticias-de-hidalgo\/wp-content\/uploads\/2023\/03\/eZy-Watermark-08-03-2023-11-47-48p.m.-768x576.jpg 768w, https:\/\/www.zunoticia.com\/noticias-de-hidalgo\/wp-content\/uploads\/2023\/03\/eZy-Watermark-08-03-2023-11-47-48p.m..jpg 1152w\" sizes=\"(max-width: 1024px) 100vw, 1024px\" \/><\/figure>\n\n\n\n<p>Una a una pasaron a alzar la voz, con fuerza y a\u00fan con el dolor de sus vivencias, expresaron al p\u00fablico presente que fueron v\u00edctimas de violaciones, de abusos psicol\u00f3gicos, pero ya no lo permitir\u00e1n m\u00e1s, porque con el apoyo y respaldo del colectivo las mujeres se sienten m\u00e1s seguras y respaldadas.<\/p>\n\n\n\n<figure class=\"wp-block-image size-large\"><img decoding=\"async\" src=\"https:\/\/www.zunoticia.com\/noticias-de-hidalgo\/wp-content\/uploads\/2023\/03\/eZy-Watermark-08-03-2023-11-51-49p.m.-1024x768.jpg\" alt=\"\" class=\"wp-image-471692\"\/><\/figure>\n\n\n\n<p>Nuevamente con las consignas \u201cVivas se las llevaron, vivas las queremos\u201d y \u201cNi una menos\u201d, el colectivo feminista encabezado por su representante y fundadora Ma. Guadalupe Azuara Hern\u00e1ndez, junto con sus compa\u00f1eras, procedi\u00f3 a encender antorchas para iniciar la marcha programada por las principales calles del municipio, gritando consignas y animando a las mujeres a participar y no dejarse de quienes les hacen da\u00f1o.<\/p>\n\n\n\n<figure class=\"wp-block-image size-large\"><img loading=\"lazy\" decoding=\"async\" width=\"1024\" height=\"768\" src=\"https:\/\/www.zunoticia.com\/noticias-de-hidalgo\/wp-content\/uploads\/2023\/03\/eZy-Watermark-08-03-2023-11-51-05p.m.-1024x768.jpg\" alt=\"\" class=\"wp-image-471694\" srcset=\"https:\/\/www.zunoticia.com\/noticias-de-hidalgo\/wp-content\/uploads\/2023\/03\/eZy-Watermark-08-03-2023-11-51-05p.m.-1024x768.jpg 1024w, https:\/\/www.zunoticia.com\/noticias-de-hidalgo\/wp-content\/uploads\/2023\/03\/eZy-Watermark-08-03-2023-11-51-05p.m.-300x225.jpg 300w, https:\/\/www.zunoticia.com\/noticias-de-hidalgo\/wp-content\/uploads\/2023\/03\/eZy-Watermark-08-03-2023-11-51-05p.m.-768x576.jpg 768w, https:\/\/www.zunoticia.com\/noticias-de-hidalgo\/wp-content\/uploads\/2023\/03\/eZy-Watermark-08-03-2023-11-51-05p.m..jpg 1152w\" sizes=\"(max-width: 1024px) 100vw, 1024px\" \/><\/figure>\n\n\n\n<p>La marcha culmin\u00f3 con la quema de las pancartas, prendiendo fuego y coloc\u00e1ndose alrededor, d\u00f3nde trasmutaron sus sentimientos, quemando parte de ese&nbsp;sufrimiento.<\/p>\n","protected":false},"excerpt":{"rendered":"<p>Por Karen Rivera\/Zunoticia Huejutla, Hgo.- \u201cVivas se las llevaron, vivas las queremos\u201d, \u201cNi una menos\u201d y \u201cPor una Huasteca y un Hidalgo libre de violencia\u201d, fueron las consignas que gritaron las integrantes del Colectivo Feminista \u201cTetiksiuatl en la plaza 21 de mayo, donde se reunieron para conmemorar el &#8220;D\u00eda Internacional de la Mujer&#8221;, y a&hellip; <a class=\"more-link\" href=\"https:\/\/www.zunoticia.com\/noticias-de-hidalgo\/2023\/03\/09\/colectivo-feminista-pide-alto-a-la-violencia-de-genero\/\">Seguir leyendo <span class=\"screen-reader-text\">Colectivo feminista pide alto a la violencia de g\u00e9nero<\/span><\/a><\/p>\n","protected":false},"author":12,"featured_media":471697,"comment_status":"closed","ping_status":"open","sticky":false,"template":"","format":"standard","meta":{"rop_custom_images_group":[],"rop_custom_messages_group":[],"rop_publish_now":"initial","rop_publish_now_accounts":{"facebook_10159540855086992_322828327761733":""},"rop_publish_now_history":[],"rop_publish_now_status":"pending","footnotes":""},"categories":[181],"tags":[121],"class_list":["post-471691","post","type-post","status-publish","format-standard","has-post-thumbnail","hentry","category-huejutla","tag-huejutla","entry"],"_links":{"self":[{"href":"https:\/\/www.zunoticia.com\/noticias-de-hidalgo\/wp-json\/wp\/v2\/posts\/471691","targetHints":{"allow":["GET"]}}],"collection":[{"href":"https:\/\/www.zunoticia.com\/noticias-de-hidalgo\/wp-json\/wp\/v2\/posts"}],"about":[{"href":"https:\/\/www.zunoticia.com\/noticias-de-hidalgo\/wp-json\/wp\/v2\/types\/post"}],"author":[{"embeddable":true,"href":"https:\/\/www.zunoticia.com\/noticias-de-hidalgo\/wp-json\/wp\/v2\/users\/12"}],"replies":[{"embeddable":true,"href":"https:\/\/www.zunoticia.com\/noticias-de-hidalgo\/wp-json\/wp\/v2\/comments?post=471691"}],"version-history":[{"count":1,"href":"https:\/\/www.zunoticia.com\/noticias-de-hidalgo\/wp-json\/wp\/v2\/posts\/471691\/revisions"}],"predecessor-version":[{"id":471716,"href":"https:\/\/www.zunoticia.com\/noticias-de-hidalgo\/wp-json\/wp\/v2\/posts\/471691\/revisions\/471716"}],"wp:featuredmedia":[{"embeddable":true,"href":"https:\/\/www.zunoticia.com\/noticias-de-hidalgo\/wp-json\/wp\/v2\/media\/471697"}],"wp:attachment":[{"href":"https:\/\/www.zunoticia.com\/noticias-de-hidalgo\/wp-json\/wp\/v2\/media?parent=471691"}],"wp:term":[{"taxonomy":"category","embeddable":true,"href":"https:\/\/www.zunoticia.com\/noticias-de-hidalgo\/wp-json\/wp\/v2\/categories?post=471691"},{"taxonomy":"post_tag","embeddable":true,"href":"https:\/\/www.zunoticia.com\/noticias-de-hidalgo\/wp-json\/wp\/v2\/tags?post=471691"}],"curies":[{"name":"wp","href":"https:\/\/api.w.org\/{rel}","templated":true}]}}