{"id":471764,"date":"2023-03-09T14:25:48","date_gmt":"2023-03-09T20:25:48","guid":{"rendered":"https:\/\/www.zunoticia.com\/noticias-de-hidalgo\/?p=471764"},"modified":"2023-03-09T14:25:49","modified_gmt":"2023-03-09T20:25:49","slug":"reactivan-lago-del-parque-ecologico-para-convivencia-familiar","status":"publish","type":"post","link":"https:\/\/www.zunoticia.com\/noticias-de-hidalgo\/2023\/03\/09\/reactivan-lago-del-parque-ecologico-para-convivencia-familiar\/","title":{"rendered":"Reactivan lago del Parque Ecol\u00f3gico para convivencia familiar"},"content":{"rendered":"<aside class=\"mashsb-container mashsb-main mashsb-stretched\"><div class=\"mashsb-box\"><div class=\"mashsb-count mash-large\" style=\"float:left\"><div class=\"counts mashsbcount\">58<\/div><span class=\"mashsb-sharetext\">SHARES<\/span><\/div><div class=\"mashsb-buttons\"><a class=\"mashicon-facebook mash-large mash-center mashsb-noshadow\" href=\"https:\/\/www.facebook.com\/sharer.php?u=https%3A%2F%2Fwww.zunoticia.com%2Fnoticias-de-hidalgo%2F2023%2F03%2F09%2Freactivan-lago-del-parque-ecologico-para-convivencia-familiar%2F\" target=\"_top\" rel=\"nofollow\"><span class=\"icon\"><\/span><span class=\"text\">Share<\/span><\/a><a class=\"mashicon-twitter mash-large mash-center mashsb-noshadow\" href=\"https:\/\/twitter.com\/intent\/tweet?text=&amp;url=https:\/\/www.zunoticia.com\/noticias-de-hidalgo\/2023\/03\/09\/reactivan-lago-del-parque-ecologico-para-convivencia-familiar\/\" target=\"_top\" rel=\"nofollow\"><span class=\"icon\"><\/span><span class=\"text\">Tweet<\/span><\/a><div class=\"onoffswitch2 mash-large mashsb-noshadow\" style=\"display:none\"><\/div><\/div>\n            <\/div>\n                <div style=\"clear:both\"><\/div><div class=\"mashsb-toggle-container\"><\/div><\/aside>\n            <!-- Share buttons by mashshare.net - Version: 4.0.47-->\n<p><\/p>\n\n\n\n<p><em>Por Salvador Altamirano\/Zunoticia<\/em><\/p>\n\n\n\n<p><strong>Huejutla, Hgo<\/strong>.- Entrevistado en torno a las actividades que se est\u00e1n llevando a cabo en las instalaciones del Parque Ecol\u00f3gico, el nuevo coordinador del \u00e1rea, Aldair Rodr\u00edguez Orta, refiri\u00f3 que en primer t\u00e9rmino est\u00e1n reactivando el lago artificial para una opci\u00f3n m\u00e1s de convivencia familiar.<\/p>\n\n\n\n<p>Explic\u00f3 que, para tal efecto, se est\u00e1 purificando y cuidando el agua, recogiendo todos los d\u00edas la basura que algunos visitantes arrojan al interior, por lo que exhorta a la ciudadan\u00eda a que se abstengan y la coloquen en los dep\u00f3sitos que para tal efecto hay en el espacio.<\/p>\n\n\n\n<p>A pregunta expresa, coment\u00f3 que al lago artificial no se le puede considerar un \u2018foco de infecci\u00f3n\u2019, como lo han expresado algunas personas, ya que los insectos como el zancudo, se est\u00e1n eliminando en coordinaci\u00f3n con Protecci\u00f3n Civil a trav\u00e9s de fumigaciones nocturnas.<\/p>\n\n\n\n<p>Asimismo, refiri\u00f3 que, como atractivo tur\u00edstico se pretende ofrecer al visitante el servicio de lanchas como antes para que los integrantes de la familia puedan disfrutar de un pintoresco paseo acu\u00e1tico, el cual es muy relajante.<\/p>\n\n\n\n<p>Para finalizar, Rodr\u00edguez Orta coment\u00f3 que en el marco de la reactivaci\u00f3n del espacio se solicitar\u00e1 al municipio la donaci\u00f3n de aparatos para el \u00e1rea infantil, ya que los juegos que est\u00e1n exhiben un marcado deterioro.<\/p>\n\n\n\n<p><\/p>\n\n\n\n<p><\/p>\n","protected":false},"excerpt":{"rendered":"<p>Por Salvador Altamirano\/Zunoticia Huejutla, Hgo.- Entrevistado en torno a las actividades que se est\u00e1n llevando a cabo en las instalaciones del Parque Ecol\u00f3gico, el nuevo coordinador del \u00e1rea, Aldair Rodr\u00edguez Orta, refiri\u00f3 que en primer t\u00e9rmino est\u00e1n reactivando el lago artificial para una opci\u00f3n m\u00e1s de convivencia familiar. Explic\u00f3 que, para tal efecto, se est\u00e1&hellip; <a class=\"more-link\" href=\"https:\/\/www.zunoticia.com\/noticias-de-hidalgo\/2023\/03\/09\/reactivan-lago-del-parque-ecologico-para-convivencia-familiar\/\">Seguir leyendo <span class=\"screen-reader-text\">Reactivan lago del Parque Ecol\u00f3gico para convivencia familiar<\/span><\/a><\/p>\n","protected":false},"author":20,"featured_media":471765,"comment_status":"closed","ping_status":"open","sticky":false,"template":"","format":"standard","meta":{"rop_custom_images_group":[],"rop_custom_messages_group":[],"rop_publish_now":"initial","rop_publish_now_accounts":{"facebook_10159540855086992_322828327761733":""},"rop_publish_now_history":[],"rop_publish_now_status":"pending","footnotes":""},"categories":[181],"tags":[121],"class_list":["post-471764","post","type-post","status-publish","format-standard","has-post-thumbnail","hentry","category-huejutla","tag-huejutla","entry"],"_links":{"self":[{"href":"https:\/\/www.zunoticia.com\/noticias-de-hidalgo\/wp-json\/wp\/v2\/posts\/471764","targetHints":{"allow":["GET"]}}],"collection":[{"href":"https:\/\/www.zunoticia.com\/noticias-de-hidalgo\/wp-json\/wp\/v2\/posts"}],"about":[{"href":"https:\/\/www.zunoticia.com\/noticias-de-hidalgo\/wp-json\/wp\/v2\/types\/post"}],"author":[{"embeddable":true,"href":"https:\/\/www.zunoticia.com\/noticias-de-hidalgo\/wp-json\/wp\/v2\/users\/20"}],"replies":[{"embeddable":true,"href":"https:\/\/www.zunoticia.com\/noticias-de-hidalgo\/wp-json\/wp\/v2\/comments?post=471764"}],"version-history":[{"count":1,"href":"https:\/\/www.zunoticia.com\/noticias-de-hidalgo\/wp-json\/wp\/v2\/posts\/471764\/revisions"}],"predecessor-version":[{"id":471766,"href":"https:\/\/www.zunoticia.com\/noticias-de-hidalgo\/wp-json\/wp\/v2\/posts\/471764\/revisions\/471766"}],"wp:featuredmedia":[{"embeddable":true,"href":"https:\/\/www.zunoticia.com\/noticias-de-hidalgo\/wp-json\/wp\/v2\/media\/471765"}],"wp:attachment":[{"href":"https:\/\/www.zunoticia.com\/noticias-de-hidalgo\/wp-json\/wp\/v2\/media?parent=471764"}],"wp:term":[{"taxonomy":"category","embeddable":true,"href":"https:\/\/www.zunoticia.com\/noticias-de-hidalgo\/wp-json\/wp\/v2\/categories?post=471764"},{"taxonomy":"post_tag","embeddable":true,"href":"https:\/\/www.zunoticia.com\/noticias-de-hidalgo\/wp-json\/wp\/v2\/tags?post=471764"}],"curies":[{"name":"wp","href":"https:\/\/api.w.org\/{rel}","templated":true}]}}