{"id":471768,"date":"2023-03-09T16:34:19","date_gmt":"2023-03-09T22:34:19","guid":{"rendered":"https:\/\/www.zunoticia.com\/noticias-de-hidalgo\/?p=471768"},"modified":"2023-03-09T16:34:20","modified_gmt":"2023-03-09T22:34:20","slug":"brinda-semarnath-capacitacion-sobre-ordenamiento-ecologico-territorial","status":"publish","type":"post","link":"https:\/\/www.zunoticia.com\/noticias-de-hidalgo\/2023\/03\/09\/brinda-semarnath-capacitacion-sobre-ordenamiento-ecologico-territorial\/","title":{"rendered":"Brinda SEMARNATH capacitaci\u00f3n sobre ordenamiento ecol\u00f3gico territorial"},"content":{"rendered":"<aside class=\"mashsb-container mashsb-main mashsb-stretched\"><div class=\"mashsb-box\"><div class=\"mashsb-count mash-large\" style=\"float:left\"><div class=\"counts mashsbcount\">42<\/div><span class=\"mashsb-sharetext\">SHARES<\/span><\/div><div class=\"mashsb-buttons\"><a class=\"mashicon-facebook mash-large mash-center mashsb-noshadow\" href=\"https:\/\/www.facebook.com\/sharer.php?u=https%3A%2F%2Fwww.zunoticia.com%2Fnoticias-de-hidalgo%2F2023%2F03%2F09%2Fbrinda-semarnath-capacitacion-sobre-ordenamiento-ecologico-territorial%2F\" target=\"_top\" rel=\"nofollow\"><span class=\"icon\"><\/span><span class=\"text\">Share<\/span><\/a><a class=\"mashicon-twitter mash-large mash-center mashsb-noshadow\" href=\"https:\/\/twitter.com\/intent\/tweet?text=&amp;url=https:\/\/www.zunoticia.com\/noticias-de-hidalgo\/2023\/03\/09\/brinda-semarnath-capacitacion-sobre-ordenamiento-ecologico-territorial\/\" target=\"_top\" rel=\"nofollow\"><span class=\"icon\"><\/span><span class=\"text\">Tweet<\/span><\/a><div class=\"onoffswitch2 mash-large mashsb-noshadow\" style=\"display:none\"><\/div><\/div>\n            <\/div>\n                <div style=\"clear:both\"><\/div><div class=\"mashsb-toggle-container\"><\/div><\/aside>\n            <!-- Share buttons by mashshare.net - Version: 4.0.47-->\n<p><\/p>\n\n\n\n<p>Por Redacci\u00f3n\/Zunoticia<\/p>\n\n\n\n<p><strong>Pachuca de Soto, Hgo.-<\/strong> Personal de la Secretar\u00eda de Medio Ambiente y Recursos Naturales de Hidalgo (SEMARNATH) llev\u00f3 a cabo una serie de cursos de capacitaci\u00f3n en materia de ordenamiento ecol\u00f3gico territorial, impartidos a los municipios de las regiones de Apan y Tula.<\/p>\n\n\n\n<p>En ese sentido, los municipios de Apan, Tepeapulco, Singuilucan, Cuautepec y Almoloya recibieron la informaci\u00f3n correspondiente para la formulaci\u00f3n del Programa de Ordenamiento Ecol\u00f3gico Territorial de la regi\u00f3n Apan, con la finalidad de regular el uso del suelo y las actividades productivas de estas demarcaciones.<\/p>\n\n\n\n<p>En tanto, en coordinaci\u00f3n con la direcci\u00f3n de promoci\u00f3n minera de la Secretar\u00eda de Econom\u00eda, se llev\u00f3 a cabo una capacitaci\u00f3n a ejidatarios del sector minero no met\u00e1lico en Tula, con el objetivo de brindarles informaci\u00f3n sobre los usos condicionados e incompatibles definidos en las Unidades de Gesti\u00f3n Ambiental (UGAS) de su inter\u00e9s.<\/p>\n\n\n\n<p>Adem\u00e1s, se realiz\u00f3 una exposici\u00f3n sobre las regulaciones ambientales y los diferentes tr\u00e1mites para poder iniciar o dar seguimiento a las actividades productivas de las y los empresarios mineros; todo ello, en base a la legalidad requerida.<\/p>\n\n\n\n<p>Con estas capacitaciones, la SEMARNATH contribuye a orientar la planeaci\u00f3n del territorio, priorizando las zonas de riesgo para el fomento de la seguridad de las y los hidalguenses, tal como lo establece el Plan Estatal de Desarrollo para la Transformaci\u00f3n de Hidalgo.<\/p>\n","protected":false},"excerpt":{"rendered":"<p>Por Redacci\u00f3n\/Zunoticia Pachuca de Soto, Hgo.- Personal de la Secretar\u00eda de Medio Ambiente y Recursos Naturales de Hidalgo (SEMARNATH) llev\u00f3 a cabo una serie de cursos de capacitaci\u00f3n en materia de ordenamiento ecol\u00f3gico territorial, impartidos a los municipios de las regiones de Apan y Tula. En ese sentido, los municipios de Apan, Tepeapulco, Singuilucan, Cuautepec&hellip; <a class=\"more-link\" href=\"https:\/\/www.zunoticia.com\/noticias-de-hidalgo\/2023\/03\/09\/brinda-semarnath-capacitacion-sobre-ordenamiento-ecologico-territorial\/\">Seguir leyendo <span class=\"screen-reader-text\">Brinda SEMARNATH capacitaci\u00f3n sobre ordenamiento ecol\u00f3gico territorial<\/span><\/a><\/p>\n","protected":false},"author":20,"featured_media":471769,"comment_status":"closed","ping_status":"open","sticky":false,"template":"","format":"standard","meta":{"rop_custom_images_group":[],"rop_custom_messages_group":[],"rop_publish_now":"initial","rop_publish_now_accounts":{"facebook_10159540855086992_322828327761733":""},"rop_publish_now_history":[],"rop_publish_now_status":"pending","footnotes":""},"categories":[208],"tags":[214],"class_list":["post-471768","post","type-post","status-publish","format-standard","has-post-thumbnail","hentry","category-estado","tag-estado","entry"],"_links":{"self":[{"href":"https:\/\/www.zunoticia.com\/noticias-de-hidalgo\/wp-json\/wp\/v2\/posts\/471768","targetHints":{"allow":["GET"]}}],"collection":[{"href":"https:\/\/www.zunoticia.com\/noticias-de-hidalgo\/wp-json\/wp\/v2\/posts"}],"about":[{"href":"https:\/\/www.zunoticia.com\/noticias-de-hidalgo\/wp-json\/wp\/v2\/types\/post"}],"author":[{"embeddable":true,"href":"https:\/\/www.zunoticia.com\/noticias-de-hidalgo\/wp-json\/wp\/v2\/users\/20"}],"replies":[{"embeddable":true,"href":"https:\/\/www.zunoticia.com\/noticias-de-hidalgo\/wp-json\/wp\/v2\/comments?post=471768"}],"version-history":[{"count":1,"href":"https:\/\/www.zunoticia.com\/noticias-de-hidalgo\/wp-json\/wp\/v2\/posts\/471768\/revisions"}],"predecessor-version":[{"id":471770,"href":"https:\/\/www.zunoticia.com\/noticias-de-hidalgo\/wp-json\/wp\/v2\/posts\/471768\/revisions\/471770"}],"wp:featuredmedia":[{"embeddable":true,"href":"https:\/\/www.zunoticia.com\/noticias-de-hidalgo\/wp-json\/wp\/v2\/media\/471769"}],"wp:attachment":[{"href":"https:\/\/www.zunoticia.com\/noticias-de-hidalgo\/wp-json\/wp\/v2\/media?parent=471768"}],"wp:term":[{"taxonomy":"category","embeddable":true,"href":"https:\/\/www.zunoticia.com\/noticias-de-hidalgo\/wp-json\/wp\/v2\/categories?post=471768"},{"taxonomy":"post_tag","embeddable":true,"href":"https:\/\/www.zunoticia.com\/noticias-de-hidalgo\/wp-json\/wp\/v2\/tags?post=471768"}],"curies":[{"name":"wp","href":"https:\/\/api.w.org\/{rel}","templated":true}]}}