{"id":471777,"date":"2023-03-09T16:49:34","date_gmt":"2023-03-09T22:49:34","guid":{"rendered":"https:\/\/www.zunoticia.com\/noticias-de-hidalgo\/?p=471777"},"modified":"2023-03-09T16:57:34","modified_gmt":"2023-03-09T22:57:34","slug":"apicultores-recibieron-capacitacion-para-mejor-produccion-de-la-miel","status":"publish","type":"post","link":"https:\/\/www.zunoticia.com\/noticias-de-hidalgo\/2023\/03\/09\/apicultores-recibieron-capacitacion-para-mejor-produccion-de-la-miel\/","title":{"rendered":"Apicultores recibieron capacitaci\u00f3n para mejor producci\u00f3n de la miel"},"content":{"rendered":"<aside class=\"mashsb-container mashsb-main mashsb-stretched\"><div class=\"mashsb-box\"><div class=\"mashsb-count mash-large\" style=\"float:left\"><div class=\"counts mashsbcount\">41<\/div><span class=\"mashsb-sharetext\">SHARES<\/span><\/div><div class=\"mashsb-buttons\"><a class=\"mashicon-facebook mash-large mash-center mashsb-noshadow\" href=\"https:\/\/www.facebook.com\/sharer.php?u=https%3A%2F%2Fwww.zunoticia.com%2Fnoticias-de-hidalgo%2F2023%2F03%2F09%2Fapicultores-recibieron-capacitacion-para-mejor-produccion-de-la-miel%2F\" target=\"_top\" rel=\"nofollow\"><span class=\"icon\"><\/span><span class=\"text\">Share<\/span><\/a><a class=\"mashicon-twitter mash-large mash-center mashsb-noshadow\" href=\"https:\/\/twitter.com\/intent\/tweet?text=&amp;url=https:\/\/www.zunoticia.com\/noticias-de-hidalgo\/2023\/03\/09\/apicultores-recibieron-capacitacion-para-mejor-produccion-de-la-miel\/\" target=\"_top\" rel=\"nofollow\"><span class=\"icon\"><\/span><span class=\"text\">Tweet<\/span><\/a><div class=\"onoffswitch2 mash-large mashsb-noshadow\" style=\"display:none\"><\/div><\/div>\n            <\/div>\n                <div style=\"clear:both\"><\/div><div class=\"mashsb-toggle-container\"><\/div><\/aside>\n            <!-- Share buttons by mashshare.net - Version: 4.0.47-->\n<p><\/p>\n\n\n\n<p><em>Por Roberto Meza\/Zunoticia<\/em><\/p>\n\n\n\n<p><strong>Huazalingo, Hgo.-<\/strong> La titular de Desarrollo Social y Econ\u00f3mico del gobierno municipal, Patricia \u00c1ngeles Mart\u00ednez, apunt\u00f3 que se les imparti\u00f3 un taller de capacitaci\u00f3n a todos los apicultores de Huazalingo para que tengan una mejor producci\u00f3n de miel.<\/p>\n\n\n\n<p>Al respeto, la funcionaria se\u00f1al\u00f3, &#8220;se brind\u00f3 una capacitaci\u00f3n a los apicultores de este municipio que fue en Chiatipan, en donde se hizo una reuni\u00f3n; tambi\u00e9n estuvieron los productores de la comunidad de Pilchiatipa, as\u00ed mismo se hizo otra en la comunidad de San Juan y llegaron apicultores de Tequicuil y de San Francisco para que tambi\u00e9n tomaran el curso, para darles a conocer para el buen manejo de sus colmenas&#8221;.<\/p>\n\n\n\n<p>Entre las tem\u00e1ticas que se impartieron fue &#8220;c\u00f3mo es el producto, qu\u00e9 tipo de producto deben de tener, c\u00f3mo debe ser la miel que ellas fabrican y c\u00f3mo hacerle para que la miel tenga buen peso. Igualmente se les brind\u00f3 la tem\u00e1tica de las plagas de las abejas, como las hormigas, moscas y otros depredadores para que no da\u00f1en los n\u00facleos.<\/p>\n\n\n\n<p>&#8220;Es la primera capacitaci\u00f3n que se les da y fue te\u00f3rica con varios Ingenieros conocedores de ese tema; este curso lo gestionamos para ellos, con la finalidad de que tengan una buena producci\u00f3n y estamos en pie de seguir haci\u00e9ndolo, en pr\u00f3ximos d\u00edas ser\u00e1 impartido otro para todos ellos pero al campo y m\u00e1s pr\u00e1ctico, tenemos que ir a los apiarios para que se revisen la cajas c\u00f3mo est\u00e1n, si no tienen plagas o enfermedades&#8221;, explic\u00f3 la funcionaria local.<\/p>\n\n\n\n<p>Afirm\u00f3 que entre los t\u00f3picos tambi\u00e9n se ver\u00e1 el tiempo de floraci\u00f3n \u201cporque ya viene la primera cosecha, que es la flor de naranja que es la que m\u00e1s abunda, es que la de mejor producci\u00f3n; son 22 apicultores quienes se est\u00e1n capacitando, de 8 comunidades\u201d.<\/p>\n\n\n\n<p>Por \u00faltimo dijo, \u201ces necesario que todos los productores se unan para trabajar en coordinaci\u00f3n, para que tengan una mejor producci\u00f3n y sobre todo encuentren mejores estrategias de mercado para la miel de abeja\u201d.<\/p>\n\n\n\n<p><\/p>\n\n\n\n<p><\/p>\n","protected":false},"excerpt":{"rendered":"<p>Por Roberto Meza\/Zunoticia Huazalingo, Hgo.- La titular de Desarrollo Social y Econ\u00f3mico del gobierno municipal, Patricia \u00c1ngeles Mart\u00ednez, apunt\u00f3 que se les imparti\u00f3 un taller de capacitaci\u00f3n a todos los apicultores de Huazalingo para que tengan una mejor producci\u00f3n de miel. Al respeto, la funcionaria se\u00f1al\u00f3, &#8220;se brind\u00f3 una capacitaci\u00f3n a los apicultores de este&hellip; <a class=\"more-link\" href=\"https:\/\/www.zunoticia.com\/noticias-de-hidalgo\/2023\/03\/09\/apicultores-recibieron-capacitacion-para-mejor-produccion-de-la-miel\/\">Seguir leyendo <span class=\"screen-reader-text\">Apicultores recibieron capacitaci\u00f3n para mejor producci\u00f3n de la miel<\/span><\/a><\/p>\n","protected":false},"author":20,"featured_media":471778,"comment_status":"closed","ping_status":"open","sticky":false,"template":"","format":"standard","meta":{"rop_custom_images_group":[],"rop_custom_messages_group":[],"rop_publish_now":"initial","rop_publish_now_accounts":{"facebook_10159540855086992_322828327761733":""},"rop_publish_now_history":[],"rop_publish_now_status":"pending","footnotes":""},"categories":[212],"tags":[138],"class_list":["post-471777","post","type-post","status-publish","format-standard","has-post-thumbnail","hentry","category-huazalingo","tag-huazalingo","entry"],"_links":{"self":[{"href":"https:\/\/www.zunoticia.com\/noticias-de-hidalgo\/wp-json\/wp\/v2\/posts\/471777","targetHints":{"allow":["GET"]}}],"collection":[{"href":"https:\/\/www.zunoticia.com\/noticias-de-hidalgo\/wp-json\/wp\/v2\/posts"}],"about":[{"href":"https:\/\/www.zunoticia.com\/noticias-de-hidalgo\/wp-json\/wp\/v2\/types\/post"}],"author":[{"embeddable":true,"href":"https:\/\/www.zunoticia.com\/noticias-de-hidalgo\/wp-json\/wp\/v2\/users\/20"}],"replies":[{"embeddable":true,"href":"https:\/\/www.zunoticia.com\/noticias-de-hidalgo\/wp-json\/wp\/v2\/comments?post=471777"}],"version-history":[{"count":4,"href":"https:\/\/www.zunoticia.com\/noticias-de-hidalgo\/wp-json\/wp\/v2\/posts\/471777\/revisions"}],"predecessor-version":[{"id":471782,"href":"https:\/\/www.zunoticia.com\/noticias-de-hidalgo\/wp-json\/wp\/v2\/posts\/471777\/revisions\/471782"}],"wp:featuredmedia":[{"embeddable":true,"href":"https:\/\/www.zunoticia.com\/noticias-de-hidalgo\/wp-json\/wp\/v2\/media\/471778"}],"wp:attachment":[{"href":"https:\/\/www.zunoticia.com\/noticias-de-hidalgo\/wp-json\/wp\/v2\/media?parent=471777"}],"wp:term":[{"taxonomy":"category","embeddable":true,"href":"https:\/\/www.zunoticia.com\/noticias-de-hidalgo\/wp-json\/wp\/v2\/categories?post=471777"},{"taxonomy":"post_tag","embeddable":true,"href":"https:\/\/www.zunoticia.com\/noticias-de-hidalgo\/wp-json\/wp\/v2\/tags?post=471777"}],"curies":[{"name":"wp","href":"https:\/\/api.w.org\/{rel}","templated":true}]}}