{"id":471789,"date":"2023-03-09T17:40:30","date_gmt":"2023-03-09T23:40:30","guid":{"rendered":"https:\/\/www.zunoticia.com\/noticias-de-hidalgo\/?p=471789"},"modified":"2023-03-09T17:40:31","modified_gmt":"2023-03-09T23:40:31","slug":"comerciantes-del-laminado-piden-facilidades-para-rehabilitar-locales","status":"publish","type":"post","link":"https:\/\/www.zunoticia.com\/noticias-de-hidalgo\/2023\/03\/09\/comerciantes-del-laminado-piden-facilidades-para-rehabilitar-locales\/","title":{"rendered":"Comerciantes del laminado piden facilidades para rehabilitar locales"},"content":{"rendered":"<aside class=\"mashsb-container mashsb-main mashsb-stretched\"><div class=\"mashsb-box\"><div class=\"mashsb-count mash-large\" style=\"float:left\"><div class=\"counts mashsbcount\">42<\/div><span class=\"mashsb-sharetext\">SHARES<\/span><\/div><div class=\"mashsb-buttons\"><a class=\"mashicon-facebook mash-large mash-center mashsb-noshadow\" href=\"https:\/\/www.facebook.com\/sharer.php?u=https%3A%2F%2Fwww.zunoticia.com%2Fnoticias-de-hidalgo%2F2023%2F03%2F09%2Fcomerciantes-del-laminado-piden-facilidades-para-rehabilitar-locales%2F\" target=\"_top\" rel=\"nofollow\"><span class=\"icon\"><\/span><span class=\"text\">Share<\/span><\/a><a class=\"mashicon-twitter mash-large mash-center mashsb-noshadow\" href=\"https:\/\/twitter.com\/intent\/tweet?text=&amp;url=https:\/\/www.zunoticia.com\/noticias-de-hidalgo\/2023\/03\/09\/comerciantes-del-laminado-piden-facilidades-para-rehabilitar-locales\/\" target=\"_top\" rel=\"nofollow\"><span class=\"icon\"><\/span><span class=\"text\">Tweet<\/span><\/a><div class=\"onoffswitch2 mash-large mashsb-noshadow\" style=\"display:none\"><\/div><\/div>\n            <\/div>\n                <div style=\"clear:both\"><\/div><div class=\"mashsb-toggle-container\"><\/div><\/aside>\n            <!-- Share buttons by mashshare.net - Version: 4.0.47-->\n<p><\/p>\n\n\n\n<p><em>Por Salvador Altamirano\/Zunoticia<\/em><\/p>\n\n\n\n<p><strong>Huejutla, Hgo<\/strong>.- Locatarios establecidos en la zona del laminado, sector del mercado municipal, ante la llegada de la temporada de extremo calor expresaron nuevamente la intenci\u00f3n de rehabilitar por cuenta propia los techos de sus respectivos locales, toda vez que las gestiones ante las autoridades no tuvieron una respuesta favorable.<\/p>\n\n\n\n<p>Para cuyo efecto, solicitan al gobierno municipal les otorgue las facilidades que se requieren, en este caso los permisos o en espec\u00edfico, que no interfiera autoridad alguna cuando cada quien, que son la mayor\u00eda, cuele el techo de sus espacios comerciales, lo cual ya es una necesidad inevitable.<\/p>\n\n\n\n<p>En torno a las recientes declaraciones del dirigente de la Uni\u00f3n de Comerciantes Locatarios Tianguistas y Ambulantes de la Regi\u00f3n Huasteca (UCLTARH), Nicol\u00e1s Lara Herrera, quien expres\u00f3 p\u00fablicamente que para el cambio de techado ha realizado gestiones ante los tres \u00f3rdenes de gobierno, le requirieron que presente pruebas documentales.<\/p>\n\n\n\n<p>Agreg\u00f3 el grupo de comerciantes locatarios, que est\u00e1n en desacuerdo con Lara Herrera en lo que respecta a que ninguno puede hacer arreglos en su espacio comercial. Est\u00e1 muy equivocado -subrayaron-, ya que somos due\u00f1os y como tal tenemos derecho a realizar reformas estructurales necesarias.<\/p>\n\n\n\n<p>Para finalizar, reiteraron el exhort\u00f3 al gobierno municipal para que no intervenga si cada quien efect\u00faa el cambio de techo en sus respectivos locales, que sea consciente que est\u00e1n laborando en un ambiente de riesgo, por lo que debe dejarlos buscar opciones de rehabilitaci\u00f3n.<\/p>\n\n\n\n<p><\/p>\n\n\n\n<p><\/p>\n","protected":false},"excerpt":{"rendered":"<p>Por Salvador Altamirano\/Zunoticia Huejutla, Hgo.- Locatarios establecidos en la zona del laminado, sector del mercado municipal, ante la llegada de la temporada de extremo calor expresaron nuevamente la intenci\u00f3n de rehabilitar por cuenta propia los techos de sus respectivos locales, toda vez que las gestiones ante las autoridades no tuvieron una respuesta favorable. Para cuyo&hellip; <a class=\"more-link\" href=\"https:\/\/www.zunoticia.com\/noticias-de-hidalgo\/2023\/03\/09\/comerciantes-del-laminado-piden-facilidades-para-rehabilitar-locales\/\">Seguir leyendo <span class=\"screen-reader-text\">Comerciantes del laminado piden facilidades para rehabilitar locales<\/span><\/a><\/p>\n","protected":false},"author":20,"featured_media":471790,"comment_status":"closed","ping_status":"open","sticky":false,"template":"","format":"standard","meta":{"rop_custom_images_group":[],"rop_custom_messages_group":[],"rop_publish_now":"initial","rop_publish_now_accounts":{"facebook_10159540855086992_322828327761733":""},"rop_publish_now_history":[],"rop_publish_now_status":"pending","footnotes":""},"categories":[181],"tags":[121],"class_list":["post-471789","post","type-post","status-publish","format-standard","has-post-thumbnail","hentry","category-huejutla","tag-huejutla","entry"],"_links":{"self":[{"href":"https:\/\/www.zunoticia.com\/noticias-de-hidalgo\/wp-json\/wp\/v2\/posts\/471789","targetHints":{"allow":["GET"]}}],"collection":[{"href":"https:\/\/www.zunoticia.com\/noticias-de-hidalgo\/wp-json\/wp\/v2\/posts"}],"about":[{"href":"https:\/\/www.zunoticia.com\/noticias-de-hidalgo\/wp-json\/wp\/v2\/types\/post"}],"author":[{"embeddable":true,"href":"https:\/\/www.zunoticia.com\/noticias-de-hidalgo\/wp-json\/wp\/v2\/users\/20"}],"replies":[{"embeddable":true,"href":"https:\/\/www.zunoticia.com\/noticias-de-hidalgo\/wp-json\/wp\/v2\/comments?post=471789"}],"version-history":[{"count":1,"href":"https:\/\/www.zunoticia.com\/noticias-de-hidalgo\/wp-json\/wp\/v2\/posts\/471789\/revisions"}],"predecessor-version":[{"id":471791,"href":"https:\/\/www.zunoticia.com\/noticias-de-hidalgo\/wp-json\/wp\/v2\/posts\/471789\/revisions\/471791"}],"wp:featuredmedia":[{"embeddable":true,"href":"https:\/\/www.zunoticia.com\/noticias-de-hidalgo\/wp-json\/wp\/v2\/media\/471790"}],"wp:attachment":[{"href":"https:\/\/www.zunoticia.com\/noticias-de-hidalgo\/wp-json\/wp\/v2\/media?parent=471789"}],"wp:term":[{"taxonomy":"category","embeddable":true,"href":"https:\/\/www.zunoticia.com\/noticias-de-hidalgo\/wp-json\/wp\/v2\/categories?post=471789"},{"taxonomy":"post_tag","embeddable":true,"href":"https:\/\/www.zunoticia.com\/noticias-de-hidalgo\/wp-json\/wp\/v2\/tags?post=471789"}],"curies":[{"name":"wp","href":"https:\/\/api.w.org\/{rel}","templated":true}]}}