{"id":471857,"date":"2023-03-09T23:19:35","date_gmt":"2023-03-10T05:19:35","guid":{"rendered":"https:\/\/www.zunoticia.com\/noticias-de-hidalgo\/?p=471857"},"modified":"2023-03-09T23:19:36","modified_gmt":"2023-03-10T05:19:36","slug":"rehabilitacion-del-alumbrado-se-realizo-en-la-colonia-flavio-crespo","status":"publish","type":"post","link":"https:\/\/www.zunoticia.com\/noticias-de-hidalgo\/2023\/03\/09\/rehabilitacion-del-alumbrado-se-realizo-en-la-colonia-flavio-crespo\/","title":{"rendered":"Rehabilitaci\u00f3n del alumbrado se realiz\u00f3 en la Colonia Flavio Crespo"},"content":{"rendered":"<aside class=\"mashsb-container mashsb-main mashsb-stretched\"><div class=\"mashsb-box\"><div class=\"mashsb-count mash-large\" style=\"float:left\"><div class=\"counts mashsbcount\">8<\/div><span class=\"mashsb-sharetext\">SHARES<\/span><\/div><div class=\"mashsb-buttons\"><a class=\"mashicon-facebook mash-large mash-center mashsb-noshadow\" href=\"https:\/\/www.facebook.com\/sharer.php?u=https%3A%2F%2Fwww.zunoticia.com%2Fnoticias-de-hidalgo%2F2023%2F03%2F09%2Frehabilitacion-del-alumbrado-se-realizo-en-la-colonia-flavio-crespo%2F\" target=\"_top\" rel=\"nofollow\"><span class=\"icon\"><\/span><span class=\"text\">Share<\/span><\/a><a class=\"mashicon-twitter mash-large mash-center mashsb-noshadow\" href=\"https:\/\/twitter.com\/intent\/tweet?text=&amp;url=https:\/\/www.zunoticia.com\/noticias-de-hidalgo\/2023\/03\/09\/rehabilitacion-del-alumbrado-se-realizo-en-la-colonia-flavio-crespo\/\" target=\"_top\" rel=\"nofollow\"><span class=\"icon\"><\/span><span class=\"text\">Tweet<\/span><\/a><div class=\"onoffswitch2 mash-large mashsb-noshadow\" style=\"display:none\"><\/div><\/div>\n            <\/div>\n                <div style=\"clear:both\"><\/div><div class=\"mashsb-toggle-container\"><\/div><\/aside>\n            <!-- Share buttons by mashshare.net - Version: 4.0.47-->\n<p><em>Por Karen Rivera\/Zunoticia<\/em><\/p>\n\n\n\n<p><strong>Huejutla, Hgo.-<\/strong> Alrededor de siete l\u00e1mparas se rehabilitaron el pasado 8 de marzo en la Colonia Flavio Crespo, con la finalidad de brindar un mejor servicio a la ciudadan\u00eda y con ello inhibir los casos de inseguridad en la zona.<\/p>\n\n\n\n<p>El delegado del citado sector, Silvestre T\u00e9llez Arg\u00fcelles, inform\u00f3 a los vecinos que, desde temprana hora, personal de alumbrado p\u00fablico, acudi\u00f3 a realizar la rehabilitaci\u00f3n de siete luminarias, las cuales requer\u00edan atenci\u00f3n ya que estaban fundidas.<\/p>\n\n\n\n<p>Mediante un comunicado, T\u00e9llez Arg\u00fcelles, extern\u00f3 \u201cSe informa a los vecin@s de la colonia Flavio Crespo, que el d\u00eda de hoy (8 de marzo) fueron reparadas 7 l\u00e1mparas que estaban fundidas\u201d.<\/p>\n\n\n\n<p>\u201cAgradecemos a presidencia municipal, al \u00e1rea de Alumbrado P\u00fablico de presidencia que presiden los contadores: Daniel Andrade Presidente y Obed Beltr\u00e1n, coordinador de Alumbrado P\u00fablico por el gran apoyo que siempre han tenido hacia nuestra colonia les agradecemos mucho y sobre todo a ustedes vecin@s por su comprensi\u00f3n. Seguiremos trabajando en beneficios de nuestra colonia\u201d, a\u00f1adi\u00f3 el delegado Silvestre T\u00e9llez Arg\u00fcelles.<\/p>\n\n\n\n<p>Cabe mencionar que, desde hace varias semanas, las l\u00e1mparas estaban descompuestas, pero gracias a las gestiones realizadas del delegado, el departamento de Alumbrado P\u00fablico, resolvi\u00f3 la problem\u00e1tica.<\/p>\n","protected":false},"excerpt":{"rendered":"<p>Por Karen Rivera\/Zunoticia Huejutla, Hgo.- Alrededor de siete l\u00e1mparas se rehabilitaron el pasado 8 de marzo en la Colonia Flavio Crespo, con la finalidad de brindar un mejor servicio a la ciudadan\u00eda y con ello inhibir los casos de inseguridad en la zona. El delegado del citado sector, Silvestre T\u00e9llez Arg\u00fcelles, inform\u00f3 a los vecinos&hellip; <a class=\"more-link\" href=\"https:\/\/www.zunoticia.com\/noticias-de-hidalgo\/2023\/03\/09\/rehabilitacion-del-alumbrado-se-realizo-en-la-colonia-flavio-crespo\/\">Seguir leyendo <span class=\"screen-reader-text\">Rehabilitaci\u00f3n del alumbrado se realiz\u00f3 en la Colonia Flavio Crespo<\/span><\/a><\/p>\n","protected":false},"author":12,"featured_media":471849,"comment_status":"closed","ping_status":"open","sticky":false,"template":"","format":"standard","meta":{"rop_custom_images_group":[],"rop_custom_messages_group":[],"rop_publish_now":"initial","rop_publish_now_accounts":{"facebook_10159540855086992_322828327761733":""},"rop_publish_now_history":[],"rop_publish_now_status":"pending","footnotes":""},"categories":[181],"tags":[121],"class_list":["post-471857","post","type-post","status-publish","format-standard","has-post-thumbnail","hentry","category-huejutla","tag-huejutla","entry"],"_links":{"self":[{"href":"https:\/\/www.zunoticia.com\/noticias-de-hidalgo\/wp-json\/wp\/v2\/posts\/471857","targetHints":{"allow":["GET"]}}],"collection":[{"href":"https:\/\/www.zunoticia.com\/noticias-de-hidalgo\/wp-json\/wp\/v2\/posts"}],"about":[{"href":"https:\/\/www.zunoticia.com\/noticias-de-hidalgo\/wp-json\/wp\/v2\/types\/post"}],"author":[{"embeddable":true,"href":"https:\/\/www.zunoticia.com\/noticias-de-hidalgo\/wp-json\/wp\/v2\/users\/12"}],"replies":[{"embeddable":true,"href":"https:\/\/www.zunoticia.com\/noticias-de-hidalgo\/wp-json\/wp\/v2\/comments?post=471857"}],"version-history":[{"count":1,"href":"https:\/\/www.zunoticia.com\/noticias-de-hidalgo\/wp-json\/wp\/v2\/posts\/471857\/revisions"}],"predecessor-version":[{"id":471859,"href":"https:\/\/www.zunoticia.com\/noticias-de-hidalgo\/wp-json\/wp\/v2\/posts\/471857\/revisions\/471859"}],"wp:featuredmedia":[{"embeddable":true,"href":"https:\/\/www.zunoticia.com\/noticias-de-hidalgo\/wp-json\/wp\/v2\/media\/471849"}],"wp:attachment":[{"href":"https:\/\/www.zunoticia.com\/noticias-de-hidalgo\/wp-json\/wp\/v2\/media?parent=471857"}],"wp:term":[{"taxonomy":"category","embeddable":true,"href":"https:\/\/www.zunoticia.com\/noticias-de-hidalgo\/wp-json\/wp\/v2\/categories?post=471857"},{"taxonomy":"post_tag","embeddable":true,"href":"https:\/\/www.zunoticia.com\/noticias-de-hidalgo\/wp-json\/wp\/v2\/tags?post=471857"}],"curies":[{"name":"wp","href":"https:\/\/api.w.org\/{rel}","templated":true}]}}