{"id":471858,"date":"2023-03-09T23:26:42","date_gmt":"2023-03-10T05:26:42","guid":{"rendered":"https:\/\/www.zunoticia.com\/noticias-de-hidalgo\/?p=471858"},"modified":"2023-03-09T23:26:43","modified_gmt":"2023-03-10T05:26:43","slug":"las-altas-temperaturas-favorecen-los-incendios-forestales-pc","status":"publish","type":"post","link":"https:\/\/www.zunoticia.com\/noticias-de-hidalgo\/2023\/03\/09\/las-altas-temperaturas-favorecen-los-incendios-forestales-pc\/","title":{"rendered":"Las altas temperaturas favorecen los incendios forestales: PC"},"content":{"rendered":"<aside class=\"mashsb-container mashsb-main mashsb-stretched\"><div class=\"mashsb-box\"><div class=\"mashsb-count mash-large\" style=\"float:left\"><div class=\"counts mashsbcount\">17<\/div><span class=\"mashsb-sharetext\">SHARES<\/span><\/div><div class=\"mashsb-buttons\"><a class=\"mashicon-facebook mash-large mash-center mashsb-noshadow\" href=\"https:\/\/www.facebook.com\/sharer.php?u=https%3A%2F%2Fwww.zunoticia.com%2Fnoticias-de-hidalgo%2F2023%2F03%2F09%2Flas-altas-temperaturas-favorecen-los-incendios-forestales-pc%2F\" target=\"_top\" rel=\"nofollow\"><span class=\"icon\"><\/span><span class=\"text\">Share<\/span><\/a><a class=\"mashicon-twitter mash-large mash-center mashsb-noshadow\" href=\"https:\/\/twitter.com\/intent\/tweet?text=&amp;url=https:\/\/www.zunoticia.com\/noticias-de-hidalgo\/2023\/03\/09\/las-altas-temperaturas-favorecen-los-incendios-forestales-pc\/\" target=\"_top\" rel=\"nofollow\"><span class=\"icon\"><\/span><span class=\"text\">Tweet<\/span><\/a><div class=\"onoffswitch2 mash-large mashsb-noshadow\" style=\"display:none\"><\/div><\/div>\n            <\/div>\n                <div style=\"clear:both\"><\/div><div class=\"mashsb-toggle-container\"><\/div><\/aside>\n            <!-- Share buttons by mashshare.net - Version: 4.0.47-->\n<ul class=\"wp-block-list\">\n<li>El Director de Protecci\u00f3n Civil hizo un llamado a los productores a evitar quemas agr\u00edcolas despu\u00e9s de las 11:00 horas.<\/li>\n<\/ul>\n\n\n\n<p><em>Por Karen Rivera\/Zunoticia<\/em><\/p>\n\n\n\n<p><strong>Huejutla, Hgo.-<\/strong> Dados los recientes casos de incendios que se han registrado en el municipio y para salvaguardar la integridad de los huejutlenses, el Director de Protecci\u00f3n Civil, Otoniel Zenteno Redondo, hizo un llamado a los delegados, comisariados, as\u00ed como a los productores a evitar las quemas agr\u00edcolas, y si estas llegan a realizarse, a visar inmediatamente a las corporaciones competentes para evitar los incendios forestales. &nbsp;<\/p>\n\n\n\n<p>Zenteno Redondo coment\u00f3 que, en las recientes visitas realizadas en las localidades del municipio, ha entregado comunicados para que tengan conocimiento sobre las quemas agr\u00edcolas y las medidas a implementar, en caso que estas se ejecuten, ya que, de no cumplir con la norma, esto pudiera salirse de control y genera un problema mayor.<\/p>\n\n\n\n<p>\u201cHemos hablado con delegados y comisariados por las quemas agr\u00edcolas, muchas veces queman los pastos y todo eso debe de estar controlado, avisar al comisariado y a Protecci\u00f3n Civil\u201d, cit\u00f3 el director de la dependencia de auxilio.<\/p>\n\n\n\n<p>Argument\u00f3 que, \u201cLas quemas agrarias deben realizarse antes de las 11:00 de la ma\u00f1ana porque est\u00e1 m\u00e1s fresco y hay humedad, despu\u00e9s de esa hora la temperatura aumenta y la humedad disminuye\u201d; lo que favorece a\u00fan m\u00e1s los incendios forestales.<\/p>\n\n\n\n<p>Asegur\u00f3 que estos d\u00edas se han registrado ya algunos incendios, donde han estado pendientes en coordinaci\u00f3n con el H. Cuerpo de Bomberos, \u201cincendios que nos han reportado, en los cuales han quedado por completo liquidados cuando atendemos la emergencia\u201d.<\/p>\n","protected":false},"excerpt":{"rendered":"<p>Por Karen Rivera\/Zunoticia Huejutla, Hgo.- Dados los recientes casos de incendios que se han registrado en el municipio y para salvaguardar la integridad de los huejutlenses, el Director de Protecci\u00f3n Civil, Otoniel Zenteno Redondo, hizo un llamado a los delegados, comisariados, as\u00ed como a los productores a evitar las quemas agr\u00edcolas, y si estas llegan&hellip; <a class=\"more-link\" href=\"https:\/\/www.zunoticia.com\/noticias-de-hidalgo\/2023\/03\/09\/las-altas-temperaturas-favorecen-los-incendios-forestales-pc\/\">Seguir leyendo <span class=\"screen-reader-text\">Las altas temperaturas favorecen los incendios forestales: PC<\/span><\/a><\/p>\n","protected":false},"author":12,"featured_media":471835,"comment_status":"closed","ping_status":"open","sticky":false,"template":"","format":"standard","meta":{"rop_custom_images_group":[],"rop_custom_messages_group":[],"rop_publish_now":"initial","rop_publish_now_accounts":{"facebook_10159540855086992_322828327761733":""},"rop_publish_now_history":[],"rop_publish_now_status":"pending","footnotes":""},"categories":[181],"tags":[121],"class_list":["post-471858","post","type-post","status-publish","format-standard","has-post-thumbnail","hentry","category-huejutla","tag-huejutla","entry"],"_links":{"self":[{"href":"https:\/\/www.zunoticia.com\/noticias-de-hidalgo\/wp-json\/wp\/v2\/posts\/471858","targetHints":{"allow":["GET"]}}],"collection":[{"href":"https:\/\/www.zunoticia.com\/noticias-de-hidalgo\/wp-json\/wp\/v2\/posts"}],"about":[{"href":"https:\/\/www.zunoticia.com\/noticias-de-hidalgo\/wp-json\/wp\/v2\/types\/post"}],"author":[{"embeddable":true,"href":"https:\/\/www.zunoticia.com\/noticias-de-hidalgo\/wp-json\/wp\/v2\/users\/12"}],"replies":[{"embeddable":true,"href":"https:\/\/www.zunoticia.com\/noticias-de-hidalgo\/wp-json\/wp\/v2\/comments?post=471858"}],"version-history":[{"count":1,"href":"https:\/\/www.zunoticia.com\/noticias-de-hidalgo\/wp-json\/wp\/v2\/posts\/471858\/revisions"}],"predecessor-version":[{"id":471861,"href":"https:\/\/www.zunoticia.com\/noticias-de-hidalgo\/wp-json\/wp\/v2\/posts\/471858\/revisions\/471861"}],"wp:featuredmedia":[{"embeddable":true,"href":"https:\/\/www.zunoticia.com\/noticias-de-hidalgo\/wp-json\/wp\/v2\/media\/471835"}],"wp:attachment":[{"href":"https:\/\/www.zunoticia.com\/noticias-de-hidalgo\/wp-json\/wp\/v2\/media?parent=471858"}],"wp:term":[{"taxonomy":"category","embeddable":true,"href":"https:\/\/www.zunoticia.com\/noticias-de-hidalgo\/wp-json\/wp\/v2\/categories?post=471858"},{"taxonomy":"post_tag","embeddable":true,"href":"https:\/\/www.zunoticia.com\/noticias-de-hidalgo\/wp-json\/wp\/v2\/tags?post=471858"}],"curies":[{"name":"wp","href":"https:\/\/api.w.org\/{rel}","templated":true}]}}