{"id":471865,"date":"2023-03-09T23:36:33","date_gmt":"2023-03-10T05:36:33","guid":{"rendered":"https:\/\/www.zunoticia.com\/noticias-de-hidalgo\/?p=471865"},"modified":"2023-03-09T23:36:34","modified_gmt":"2023-03-10T05:36:34","slug":"invitan-a-jovenes-a-participar-en-danza-folklorica-y-sones-diversos","status":"publish","type":"post","link":"https:\/\/www.zunoticia.com\/noticias-de-hidalgo\/2023\/03\/09\/invitan-a-jovenes-a-participar-en-danza-folklorica-y-sones-diversos\/","title":{"rendered":"Invitan a j\u00f3venes a participar en danza folkl\u00f3rica y sones diversos"},"content":{"rendered":"<aside class=\"mashsb-container mashsb-main mashsb-stretched\"><div class=\"mashsb-box\"><div class=\"mashsb-count mash-large\" style=\"float:left\"><div class=\"counts mashsbcount\">28<\/div><span class=\"mashsb-sharetext\">SHARES<\/span><\/div><div class=\"mashsb-buttons\"><a class=\"mashicon-facebook mash-large mash-center mashsb-noshadow\" href=\"https:\/\/www.facebook.com\/sharer.php?u=https%3A%2F%2Fwww.zunoticia.com%2Fnoticias-de-hidalgo%2F2023%2F03%2F09%2Finvitan-a-jovenes-a-participar-en-danza-folklorica-y-sones-diversos%2F\" target=\"_top\" rel=\"nofollow\"><span class=\"icon\"><\/span><span class=\"text\">Share<\/span><\/a><a class=\"mashicon-twitter mash-large mash-center mashsb-noshadow\" href=\"https:\/\/twitter.com\/intent\/tweet?text=&amp;url=https:\/\/www.zunoticia.com\/noticias-de-hidalgo\/2023\/03\/09\/invitan-a-jovenes-a-participar-en-danza-folklorica-y-sones-diversos\/\" target=\"_top\" rel=\"nofollow\"><span class=\"icon\"><\/span><span class=\"text\">Tweet<\/span><\/a><div class=\"onoffswitch2 mash-large mashsb-noshadow\" style=\"display:none\"><\/div><\/div>\n            <\/div>\n                <div style=\"clear:both\"><\/div><div class=\"mashsb-toggle-container\"><\/div><\/aside>\n            <!-- Share buttons by mashshare.net - Version: 4.0.47-->\n<p><em>Por Karen Rivera\/Zunoticia<\/em><\/p>\n\n\n\n<p><strong>Huejutla, Hgo.-<\/strong> Como parte del esparcimiento y para que tengan un aprendizaje en sones huastecos, jarochos, entre otros, el maestro de artes en el municipio, Miguel \u00c1ngel Mart\u00ednez Z\u00fa\u00f1iga, hace una atenta invitaci\u00f3n a los secundaristas a formar parte de este club de danza.<\/p>\n\n\n\n<p>Mart\u00ednez Z\u00fa\u00f1iga, coment\u00f3 que con este proyecto de danza y baile tiene un aproximado de un a\u00f1o trabajando, donde se han integrado los j\u00f3venes secundaristas a aprender a bailar los diferentes sones huastecos y jarochos, as\u00ed como la cumbia, la polka, entre otros.<\/p>\n\n\n\n<p>Mencion\u00f3 que como maestro de arte, imparte clases en las instituciones educativas, donde ha puesto estampas jaliscienses, sonorenses, huapangos (Hidalguense, Queretano, Tamaulipeco, Poblano y Potosino), la polka, la cumbia, etc.<\/p>\n\n\n\n<p>Coment\u00f3 que apenas se est\u00e1 formando el grupo y su meta es llegar a participar en diferentes festivales.<\/p>\n\n\n\n<p>De momento son 40 estudiantes los que integran esta agrupaci\u00f3n.<\/p>\n\n\n\n<p>Dijo que sus servicios los presta tanto en cabecera como en las localidades de donde lo han llamado para presentar las distintas estampas.<\/p>\n\n\n\n<p>Tambi\u00e9n de manera particular tiene llamados en la regi\u00f3n, donde ha participado tambi\u00e9n en m\u00fasica y baile.<\/p>\n\n\n\n<p>Narr\u00f3 que en Santa Catarina imparte sus clases a unos 20 minutos de la cabecera, donde despu\u00e9s de las clases se traslada al centro hist\u00f3rico y en p\u00fablico presenta parte de sus estampas folkl\u00f3ricas.<\/p>\n\n\n\n<p>Agreg\u00f3 \u201cquienes gusten formar parte de este grupo, son bienvenidos y me pueden contactar al 7891119856\u201d.<\/p>\n","protected":false},"excerpt":{"rendered":"<p>Por Karen Rivera\/Zunoticia Huejutla, Hgo.- Como parte del esparcimiento y para que tengan un aprendizaje en sones huastecos, jarochos, entre otros, el maestro de artes en el municipio, Miguel \u00c1ngel Mart\u00ednez Z\u00fa\u00f1iga, hace una atenta invitaci\u00f3n a los secundaristas a formar parte de este club de danza. Mart\u00ednez Z\u00fa\u00f1iga, coment\u00f3 que con este proyecto de&hellip; <a class=\"more-link\" href=\"https:\/\/www.zunoticia.com\/noticias-de-hidalgo\/2023\/03\/09\/invitan-a-jovenes-a-participar-en-danza-folklorica-y-sones-diversos\/\">Seguir leyendo <span class=\"screen-reader-text\">Invitan a j\u00f3venes a participar en danza folkl\u00f3rica y sones diversos<\/span><\/a><\/p>\n","protected":false},"author":12,"featured_media":471831,"comment_status":"closed","ping_status":"open","sticky":false,"template":"","format":"standard","meta":{"rop_custom_images_group":[],"rop_custom_messages_group":[],"rop_publish_now":"initial","rop_publish_now_accounts":{"facebook_10159540855086992_322828327761733":""},"rop_publish_now_history":[],"rop_publish_now_status":"pending","footnotes":""},"categories":[181],"tags":[121],"class_list":["post-471865","post","type-post","status-publish","format-standard","has-post-thumbnail","hentry","category-huejutla","tag-huejutla","entry"],"_links":{"self":[{"href":"https:\/\/www.zunoticia.com\/noticias-de-hidalgo\/wp-json\/wp\/v2\/posts\/471865","targetHints":{"allow":["GET"]}}],"collection":[{"href":"https:\/\/www.zunoticia.com\/noticias-de-hidalgo\/wp-json\/wp\/v2\/posts"}],"about":[{"href":"https:\/\/www.zunoticia.com\/noticias-de-hidalgo\/wp-json\/wp\/v2\/types\/post"}],"author":[{"embeddable":true,"href":"https:\/\/www.zunoticia.com\/noticias-de-hidalgo\/wp-json\/wp\/v2\/users\/12"}],"replies":[{"embeddable":true,"href":"https:\/\/www.zunoticia.com\/noticias-de-hidalgo\/wp-json\/wp\/v2\/comments?post=471865"}],"version-history":[{"count":1,"href":"https:\/\/www.zunoticia.com\/noticias-de-hidalgo\/wp-json\/wp\/v2\/posts\/471865\/revisions"}],"predecessor-version":[{"id":471867,"href":"https:\/\/www.zunoticia.com\/noticias-de-hidalgo\/wp-json\/wp\/v2\/posts\/471865\/revisions\/471867"}],"wp:featuredmedia":[{"embeddable":true,"href":"https:\/\/www.zunoticia.com\/noticias-de-hidalgo\/wp-json\/wp\/v2\/media\/471831"}],"wp:attachment":[{"href":"https:\/\/www.zunoticia.com\/noticias-de-hidalgo\/wp-json\/wp\/v2\/media?parent=471865"}],"wp:term":[{"taxonomy":"category","embeddable":true,"href":"https:\/\/www.zunoticia.com\/noticias-de-hidalgo\/wp-json\/wp\/v2\/categories?post=471865"},{"taxonomy":"post_tag","embeddable":true,"href":"https:\/\/www.zunoticia.com\/noticias-de-hidalgo\/wp-json\/wp\/v2\/tags?post=471865"}],"curies":[{"name":"wp","href":"https:\/\/api.w.org\/{rel}","templated":true}]}}