{"id":471875,"date":"2023-03-09T23:52:07","date_gmt":"2023-03-10T05:52:07","guid":{"rendered":"https:\/\/www.zunoticia.com\/noticias-de-hidalgo\/?p=471875"},"modified":"2023-03-09T23:52:09","modified_gmt":"2023-03-10T05:52:09","slug":"realizan-foro-informativo-sobre-ley-general-en-humanidades-ciencia-tecnologia-e-innovacion","status":"publish","type":"post","link":"https:\/\/www.zunoticia.com\/noticias-de-hidalgo\/2023\/03\/09\/realizan-foro-informativo-sobre-ley-general-en-humanidades-ciencia-tecnologia-e-innovacion\/","title":{"rendered":"Realizan Foro Informativo sobre Ley General en Humanidades, Ciencia, Tecnolog\u00eda e Innovaci\u00f3n"},"content":{"rendered":"<aside class=\"mashsb-container mashsb-main mashsb-stretched\"><div class=\"mashsb-box\"><div class=\"mashsb-count mash-large\" style=\"float:left\"><div class=\"counts mashsbcount\">13<\/div><span class=\"mashsb-sharetext\">SHARES<\/span><\/div><div class=\"mashsb-buttons\"><a class=\"mashicon-facebook mash-large mash-center mashsb-noshadow\" href=\"https:\/\/www.facebook.com\/sharer.php?u=https%3A%2F%2Fwww.zunoticia.com%2Fnoticias-de-hidalgo%2F2023%2F03%2F09%2Frealizan-foro-informativo-sobre-ley-general-en-humanidades-ciencia-tecnologia-e-innovacion%2F\" target=\"_top\" rel=\"nofollow\"><span class=\"icon\"><\/span><span class=\"text\">Share<\/span><\/a><a class=\"mashicon-twitter mash-large mash-center mashsb-noshadow\" href=\"https:\/\/twitter.com\/intent\/tweet?text=&amp;url=https:\/\/www.zunoticia.com\/noticias-de-hidalgo\/2023\/03\/09\/realizan-foro-informativo-sobre-ley-general-en-humanidades-ciencia-tecnologia-e-innovacion\/\" target=\"_top\" rel=\"nofollow\"><span class=\"icon\"><\/span><span class=\"text\">Tweet<\/span><\/a><div class=\"onoffswitch2 mash-large mashsb-noshadow\" style=\"display:none\"><\/div><\/div>\n            <\/div>\n                <div style=\"clear:both\"><\/div><div class=\"mashsb-toggle-container\"><\/div><\/aside>\n            <!-- Share buttons by mashshare.net - Version: 4.0.47-->\n<p><em>Por Redacci\u00f3n\/Zunoticia<\/em><\/p>\n\n\n\n<p><strong>Pachuca, Hgo.-<\/strong> Con la participaci\u00f3n de las y los investigadores, legisladores, rectores, y directores de Instituciones de Educaci\u00f3n Superior p\u00fablicas, se llev\u00f3 a cabo en la Universidad Polit\u00e9cnica de Pachuca (UPP) el Foro Informativo sobre la Ley General en materia de Humanidades, Ciencia, Tecnolog\u00eda e Innovaci\u00f3n, actividad organizada con prop\u00f3sito de difundir y analizar esta iniciativa de ley entre la comunidad acad\u00e9mica.<\/p>\n\n\n\n<p>Al realizar la exposici\u00f3n de motivos el secretario de Educaci\u00f3n P\u00fablica de Hidalgo, Natividad Castrej\u00f3n Valdez, detall\u00f3 que, con el Foro Informativo sobre la Ley General en materia de Humanidades, Ciencia, Tecnolog\u00eda e Innovaci\u00f3n, en la entidad se refrenda el compromiso que se tiene de impulsar todas las iniciativas, estrategias y acciones que permitan asegurar que el servicio educativo sea de calidad y acorde a las necesidades de la poblaci\u00f3n, de cara a los desaf\u00edos de este tercer milenio.<\/p>\n\n\n\n<p>Puntualiz\u00f3 que con la pol\u00edtica gubernamental que encabeza el gobernador Julio Menchaca Salazar, se ha brindado el apoyo necesario a la Educaci\u00f3n Superior, con el objetivo de formar profesionistas de excelencia para el desarrollo de Hidalgo; \u201cfinalmente, con esta iniciativa se concreta una visi\u00f3n del humanismo mexicano, necesaria para garantizar el ejercicio de una verdadera ciencia en M\u00e9xico, que haga honor al principio del conocimiento, a favor de las causas justas, con \u00e9tica, soberan\u00eda y de rigor cient\u00edfico\u201d.<\/p>\n\n\n\n<p>La diputada federal y secretaria de la Comisi\u00f3n de Ciencia, Tecnolog\u00eda e Innovaci\u00f3n del H. Congreso de la Uni\u00f3n, Mar\u00eda Eugenia Hern\u00e1ndez P\u00e9rez, detall\u00f3 que esta nueva Ley General en materia de Humanidades, Ciencia, Tecnolog\u00eda e Innovaci\u00f3n, tiene una enorme particularidad ya que es diferente porque ha sido consensuada. \u201cEste proyecto del Ejecutivo no es un capricho de una nueva ley, ya que en tres a\u00f1os se realizaron foros regionales en el Estado de M\u00e9xico, Nuevo Le\u00f3n, Guadalajara, Monterrey, Yucat\u00e1n y Chihuahua. En estos se realizaba la invitaci\u00f3n a los universitarios, catedr\u00e1ticos, investigadores y a todos los que tuvieran relaci\u00f3n con el desarrollo de la ciencia en M\u00e9xico, adem\u00e1s de que se realizaron recorridos en universidades y centros de investigaci\u00f3n, todo esto para tomar en cuenta la opini\u00f3n de todos los que participaron.\u201d &nbsp;&nbsp;<\/p>\n\n\n\n<figure class=\"wp-block-image size-large\"><img fetchpriority=\"high\" decoding=\"async\" width=\"1024\" height=\"682\" src=\"https:\/\/www.zunoticia.com\/noticias-de-hidalgo\/wp-content\/uploads\/2023\/03\/eZy-Watermark-09-03-2023-10-18-20p.m.-1024x682.jpg\" alt=\"\" class=\"wp-image-471816\" srcset=\"https:\/\/www.zunoticia.com\/noticias-de-hidalgo\/wp-content\/uploads\/2023\/03\/eZy-Watermark-09-03-2023-10-18-20p.m.-1024x682.jpg 1024w, https:\/\/www.zunoticia.com\/noticias-de-hidalgo\/wp-content\/uploads\/2023\/03\/eZy-Watermark-09-03-2023-10-18-20p.m.-300x200.jpg 300w, https:\/\/www.zunoticia.com\/noticias-de-hidalgo\/wp-content\/uploads\/2023\/03\/eZy-Watermark-09-03-2023-10-18-20p.m.-768x512.jpg 768w, https:\/\/www.zunoticia.com\/noticias-de-hidalgo\/wp-content\/uploads\/2023\/03\/eZy-Watermark-09-03-2023-10-18-20p.m..jpg 1276w\" sizes=\"(max-width: 1024px) 100vw, 1024px\" \/><\/figure>\n\n\n\n<p>En su mensaje de bienvenida, el rector de la UPP, Francisco Marroqu\u00edn Guti\u00e9rrez, agradeci\u00f3 la asistencia de las autoridades educativas, legisladoras, legisladores e investigadores, as\u00ed como los titulares de las Instituciones de Educaci\u00f3n Superior, ya que, con su participaci\u00f3n, se contribuir\u00e1 a lograr un mejor entendimiento del contenido de esta trascendente ley, que transformar\u00e1 la vida acad\u00e9mica y de investigaci\u00f3n en la Educaci\u00f3n Superior.<\/p>\n\n\n\n<p>En dicho foro se instalaron cuatro mesas de trabajo en donde se trataron los siguientes temas: Autonom\u00eda y libertad de c\u00e1tedra; las Humanidades y su aportaci\u00f3n transversal en la Ciencia; Fuentes de financiamiento para el desarrollo de las humanidades, ciencias, tecnolog\u00edas e innovaci\u00f3n; y la Agenda de estado y la contribuci\u00f3n de la investigaci\u00f3n.<\/p>\n\n\n\n<p>En dicho evento estuvieron presentes: el subsecretario de Educaci\u00f3n Media Superior y Superior, Daniel Fragoso Torres; el titular de la Unidad de Articulaci\u00f3n Sectorial y Regional del CONACyT, Alejandro D\u00edaz M\u00e9ndez; el titular de la Oficina de Enlace Educativo del Gobierno de M\u00e9xico en el Estado de Hidalgo, Jes\u00fas L\u00f3pez Serrano; y la diputada presidenta de la Comisi\u00f3n Permanente de Ciencia y Tecnolog\u00eda del Congreso local, Marcia Torres Gonz\u00e1lez.<\/p>\n","protected":false},"excerpt":{"rendered":"<p>Por Redacci\u00f3n\/Zunoticia Pachuca, Hgo.- Con la participaci\u00f3n de las y los investigadores, legisladores, rectores, y directores de Instituciones de Educaci\u00f3n Superior p\u00fablicas, se llev\u00f3 a cabo en la Universidad Polit\u00e9cnica de Pachuca (UPP) el Foro Informativo sobre la Ley General en materia de Humanidades, Ciencia, Tecnolog\u00eda e Innovaci\u00f3n, actividad organizada con prop\u00f3sito de difundir y&hellip; <a class=\"more-link\" href=\"https:\/\/www.zunoticia.com\/noticias-de-hidalgo\/2023\/03\/09\/realizan-foro-informativo-sobre-ley-general-en-humanidades-ciencia-tecnologia-e-innovacion\/\">Seguir leyendo <span class=\"screen-reader-text\">Realizan Foro Informativo sobre Ley General en Humanidades, Ciencia, Tecnolog\u00eda e Innovaci\u00f3n<\/span><\/a><\/p>\n","protected":false},"author":12,"featured_media":471817,"comment_status":"closed","ping_status":"open","sticky":false,"template":"","format":"standard","meta":{"rop_custom_images_group":[],"rop_custom_messages_group":[],"rop_publish_now":"initial","rop_publish_now_accounts":{"facebook_10159540855086992_322828327761733":""},"rop_publish_now_history":[],"rop_publish_now_status":"pending","footnotes":""},"categories":[208],"tags":[214],"class_list":["post-471875","post","type-post","status-publish","format-standard","has-post-thumbnail","hentry","category-estado","tag-estado","entry"],"_links":{"self":[{"href":"https:\/\/www.zunoticia.com\/noticias-de-hidalgo\/wp-json\/wp\/v2\/posts\/471875","targetHints":{"allow":["GET"]}}],"collection":[{"href":"https:\/\/www.zunoticia.com\/noticias-de-hidalgo\/wp-json\/wp\/v2\/posts"}],"about":[{"href":"https:\/\/www.zunoticia.com\/noticias-de-hidalgo\/wp-json\/wp\/v2\/types\/post"}],"author":[{"embeddable":true,"href":"https:\/\/www.zunoticia.com\/noticias-de-hidalgo\/wp-json\/wp\/v2\/users\/12"}],"replies":[{"embeddable":true,"href":"https:\/\/www.zunoticia.com\/noticias-de-hidalgo\/wp-json\/wp\/v2\/comments?post=471875"}],"version-history":[{"count":1,"href":"https:\/\/www.zunoticia.com\/noticias-de-hidalgo\/wp-json\/wp\/v2\/posts\/471875\/revisions"}],"predecessor-version":[{"id":471881,"href":"https:\/\/www.zunoticia.com\/noticias-de-hidalgo\/wp-json\/wp\/v2\/posts\/471875\/revisions\/471881"}],"wp:featuredmedia":[{"embeddable":true,"href":"https:\/\/www.zunoticia.com\/noticias-de-hidalgo\/wp-json\/wp\/v2\/media\/471817"}],"wp:attachment":[{"href":"https:\/\/www.zunoticia.com\/noticias-de-hidalgo\/wp-json\/wp\/v2\/media?parent=471875"}],"wp:term":[{"taxonomy":"category","embeddable":true,"href":"https:\/\/www.zunoticia.com\/noticias-de-hidalgo\/wp-json\/wp\/v2\/categories?post=471875"},{"taxonomy":"post_tag","embeddable":true,"href":"https:\/\/www.zunoticia.com\/noticias-de-hidalgo\/wp-json\/wp\/v2\/tags?post=471875"}],"curies":[{"name":"wp","href":"https:\/\/api.w.org\/{rel}","templated":true}]}}