{"id":472074,"date":"2023-03-11T00:18:34","date_gmt":"2023-03-11T06:18:34","guid":{"rendered":"https:\/\/www.zunoticia.com\/noticias-de-hidalgo\/?p=472074"},"modified":"2023-03-11T00:18:35","modified_gmt":"2023-03-11T06:18:35","slug":"huejutla-fue-la-sede-del-primer-mercado-agro-ecologico","status":"publish","type":"post","link":"https:\/\/www.zunoticia.com\/noticias-de-hidalgo\/2023\/03\/11\/huejutla-fue-la-sede-del-primer-mercado-agro-ecologico\/","title":{"rendered":"Huejutla fue la sede del primer mercado Agro Ecol\u00f3gico"},"content":{"rendered":"<aside class=\"mashsb-container mashsb-main mashsb-stretched\"><div class=\"mashsb-box\"><div class=\"mashsb-count mash-large\" style=\"float:left\"><div class=\"counts mashsbcount\">51<\/div><span class=\"mashsb-sharetext\">SHARES<\/span><\/div><div class=\"mashsb-buttons\"><a class=\"mashicon-facebook mash-large mash-center mashsb-noshadow\" href=\"https:\/\/www.facebook.com\/sharer.php?u=https%3A%2F%2Fwww.zunoticia.com%2Fnoticias-de-hidalgo%2F2023%2F03%2F11%2Fhuejutla-fue-la-sede-del-primer-mercado-agro-ecologico%2F\" target=\"_top\" rel=\"nofollow\"><span class=\"icon\"><\/span><span class=\"text\">Share<\/span><\/a><a class=\"mashicon-twitter mash-large mash-center mashsb-noshadow\" href=\"https:\/\/twitter.com\/intent\/tweet?text=&amp;url=https:\/\/www.zunoticia.com\/noticias-de-hidalgo\/2023\/03\/11\/huejutla-fue-la-sede-del-primer-mercado-agro-ecologico\/\" target=\"_top\" rel=\"nofollow\"><span class=\"icon\"><\/span><span class=\"text\">Tweet<\/span><\/a><div class=\"onoffswitch2 mash-large mashsb-noshadow\" style=\"display:none\"><\/div><\/div>\n            <\/div>\n                <div style=\"clear:both\"><\/div><div class=\"mashsb-toggle-container\"><\/div><\/aside>\n            <!-- Share buttons by mashshare.net - Version: 4.0.47-->\n<ul class=\"wp-block-list\">\n<li>Las escuelas de campo, est\u00e1n brindando resultados.<\/li>\n<\/ul>\n\n\n\n<p><em>Por Karen Rivera\/Zunoticia<\/em><\/p>\n\n\n\n<p><strong>Huejutla, Hgo.-<\/strong> En la transici\u00f3n agr\u00edcola del Bienestar a trav\u00e9s de la Subsecretar\u00eda de autosuficiencia alimentaria, se llev\u00f3 a cabo la muestra de&nbsp; resultados de las escuelas de campo que participan en la estrategia de acompa\u00f1amiento t\u00e9cnico en la regi\u00f3n 24 de la Huasteca Hidalguense, donde a trav\u00e9s del mercado Agro Ecol\u00f3gico, los productores pudieron expender sus productos libres de qu\u00edmicos y sulfatos.<\/p>\n\n\n\n<p>Alrededor de las 9:00 de la ma\u00f1ana del pasado 10 de marzo del a\u00f1o en curso, en las instalaciones del mercado municipal, se llev\u00f3 a cabo esta primera muestra del Mercado Agro Ecol\u00f3gico, donde todos los productores, meleros, de frijol, ma\u00edz, naranjas, expusieron sus cosechas, gracias al programa Producci\u00f3n para el Bienestar.<\/p>\n\n\n\n<p>Antes de ingresar al recinto todos los invitados a la mesa de honor pasaron a realizar el corte de list\u00f3n e inaugurar este importante evento.<\/p>\n\n\n\n<p>Cabe resaltar que en este programa federal se suma la Secretar\u00eda de Agricultura y Desarrollo Rural, el Instituto Nacional de Investigaciones Forestales y Agr\u00edcolas y Pecuarias (INIFAP), entre otros.<\/p>\n\n\n\n<p>En la mesa del pres\u00eddium se cont\u00f3 Jos\u00e9 Patricio Tunku, Jefe del Programa Rural del Estado de Hidalgo, en representaci\u00f3n de Arnulfo Vald\u00e9s; la presidenta municipal de San Felipe Orizatl\u00e1n, \u00c9rika Saab Lara; Eduardo Luna Olgu\u00edn en representaci\u00f3n del presidente de Atlapexco, Joel Noche Buena Hern\u00e1ndez; Ricardo Rocha Reyes, Jefe de distrito de Desarrollo Rural de Huejutla; Pedro \u00c1ngeles Ju\u00e1rez Coordinador Territorial del programa Sembrando Vida; Jos\u00e9 Antonio Espinoza Garc\u00eda, enlace del Instituto de Investigaci\u00f3n Forestal Agr\u00edcola y Pecuaria (INIFAP), Flabiano Hern\u00e1ndez, en representaci\u00f3n de Cristina Hern\u00e1ndez Bautista, coordinadora del INPI; V\u00edctor Daniel Luna Vega, Coordinador del Territorio 24 Huejutla- Veracruz; Nicol\u00e1s Herrera Canales, representante de Zen\u00f3n Navarro, presidente de Yahualica; Crist\u00f3bal Morales Arenas, representante de los 600 productores de este programa, entre otras personalidades.<\/p>\n\n\n\n<p>El Director de Desarrollo Econ\u00f3mico, Salatiel Dom\u00ednguez Flores, y representante del presidente Daniel Andrade Zurutuza, mencion\u00f3 \u201clas cosas se enfocan de la manera en la que se est\u00e1n enfocando, el campo es la base de la sociedad, la base de todo este movimiento que el que pa\u00eds requiere y hoy es un gusto estar en este evento, a nombre el presidente Daniel Andrade Zurutuza, les doy la bienvenida\u201d.<\/p>\n\n\n\n<p>La presidenta Erika Saab Lara, expres\u00f3 \u201ces un verdadero gusto estar en un encuentro de esta naturaleza, ocho municipios est\u00e1n compartiendo todo lo que los productores todos los d\u00edas trabajan en sus parcelas, sin el trabajo del campo no podr\u00edamos subsistir y yo celebro much\u00edsimo el apoyo de este programa, por lo que lleven un caluroso saludo al Presidente de la Rep\u00fablica y al se\u00f1or Gobernador por el impulso que le est\u00e1n dando a esta actividad que es para nosotros en este regi\u00f3n prioritaria, ya que la mayor parte de las familias se dedican al campo y est\u00e1 muy atinado el hecho de que ustedes lleven el impulso a la producci\u00f3n y comercializaci\u00f3n\u201d.<\/p>\n\n\n\n<p>\u201cSe nos complica a los productores de la regi\u00f3n en donde vender nuestros productos, y como hacerle para que el esfuerzo de muchas mujeres que estamos aqu\u00ed, de muchos hombres que se levantan muy temprano se puedan sentir en un mejoramiento de la calidad de vida de nuestras familias, es ah\u00ed donde tenemos un problema serio\u201d, cit\u00f3 la alcaldesa.<\/p>\n\n\n\n<figure class=\"wp-block-image size-large\"><img fetchpriority=\"high\" decoding=\"async\" width=\"1024\" height=\"768\" src=\"https:\/\/www.zunoticia.com\/noticias-de-hidalgo\/wp-content\/uploads\/2023\/03\/eZy-Watermark-10-03-2023-10-51-59p.m.-1024x768.jpg\" alt=\"\" class=\"wp-image-472055\" srcset=\"https:\/\/www.zunoticia.com\/noticias-de-hidalgo\/wp-content\/uploads\/2023\/03\/eZy-Watermark-10-03-2023-10-51-59p.m.-1024x768.jpg 1024w, https:\/\/www.zunoticia.com\/noticias-de-hidalgo\/wp-content\/uploads\/2023\/03\/eZy-Watermark-10-03-2023-10-51-59p.m.-300x225.jpg 300w, https:\/\/www.zunoticia.com\/noticias-de-hidalgo\/wp-content\/uploads\/2023\/03\/eZy-Watermark-10-03-2023-10-51-59p.m.-768x576.jpg 768w, https:\/\/www.zunoticia.com\/noticias-de-hidalgo\/wp-content\/uploads\/2023\/03\/eZy-Watermark-10-03-2023-10-51-59p.m..jpg 1280w\" sizes=\"(max-width: 1024px) 100vw, 1024px\" \/><\/figure>\n\n\n\n<p>Mencion\u00f3 \u201cproductores este es un espacio donde nosotros como presidentes municipales les demos a ustedes todas las facilidades para que puedan comercializar productos de calidad como los que se expenden aqu\u00ed y en nuestras plazas p\u00fablicas porque sin duda, el que ustedes comercialicen su producto y lo vendan va a hacer que sus familias vivan mejor\u201d.<\/p>\n\n\n\n<p>El enlace del INIFAP, Jos\u00e9 Antonio Espinoza Garc\u00eda, expres\u00f3, \u201ccuando se conjuntan esfuerzos de gobierno federal, gobierno municipal y estatal los resultados se ven reflejados como en este caso, igualmente en esta mesa se ve la presencia de dos programas emblem\u00e1ticos del gobierno federal, sembrando vida y producci\u00f3n para el bienestar, no podr\u00eda ser posible la producci\u00f3n agro ecol\u00f3gica si no hay acompa\u00f1amiento t\u00e9cnico, en este caso es importante que existan productores que quieran cambiar y transitar a una producci\u00f3n sana, que conserve los recursos naturales y que no afecte a las personas que lo consumen esa filosof\u00eda que se est\u00e1 cambiando y permeando en la producci\u00f3n del campo, se ve reflejado en estos productos\u201d.<\/p>\n\n\n\n<p>Crist\u00f3bal Morales Arenas, representante de los 600 productores de este programa, extern\u00f3 \u201cnuestro campo est\u00e1 muy lastimado por los agroqu\u00edmicos, sin embargo, en estos momentos hacemos productos agroecol\u00f3gicos, los hacemos de manera natural como anteriormente se hac\u00eda; a pesar de que tenemos muchos talleres, nos falta mucho por conocer, porque tenemos productos en nuestro campo, donde vivimos, hoy vendemos productos de calidad que son sanos, todo es agro ecol\u00f3gico\u201d.<\/p>\n\n\n\n<figure class=\"wp-block-image size-large\"><img decoding=\"async\" width=\"1024\" height=\"768\" src=\"https:\/\/www.zunoticia.com\/noticias-de-hidalgo\/wp-content\/uploads\/2023\/03\/eZy-Watermark-10-03-2023-10-53-28p.m.-1024x768.jpg\" alt=\"\" class=\"wp-image-472054\" srcset=\"https:\/\/www.zunoticia.com\/noticias-de-hidalgo\/wp-content\/uploads\/2023\/03\/eZy-Watermark-10-03-2023-10-53-28p.m.-1024x768.jpg 1024w, https:\/\/www.zunoticia.com\/noticias-de-hidalgo\/wp-content\/uploads\/2023\/03\/eZy-Watermark-10-03-2023-10-53-28p.m.-300x225.jpg 300w, https:\/\/www.zunoticia.com\/noticias-de-hidalgo\/wp-content\/uploads\/2023\/03\/eZy-Watermark-10-03-2023-10-53-28p.m.-768x576.jpg 768w, https:\/\/www.zunoticia.com\/noticias-de-hidalgo\/wp-content\/uploads\/2023\/03\/eZy-Watermark-10-03-2023-10-53-28p.m..jpg 1280w\" sizes=\"(max-width: 1024px) 100vw, 1024px\" \/><\/figure>\n\n\n\n<p>\u201cGracias al a polinizaci\u00f3n tenemos todav\u00eda alimentos, porque el d\u00eda que la abeja llegue a faltar, nuestro mundo se va a acabar, por eso debemos concientizar a los dem\u00e1s agricultores para que sigamos haciendo esta transformaci\u00f3n, es dif\u00edcil pero no imposible compa\u00f1eros, se puede porque se puede\u201d, concluy\u00f3.<\/p>\n\n\n\n<p>Danzantes de la escuela de productores de la comunidad de Xoxolpa, Yahualica, presentaron dos danzan aut\u00f3ctonas, donde realizaron un ritual en agradecimiento a la madre tierra.<\/p>\n\n\n\n<p>El evento concluy\u00f3 con un recorrido por todos y cada uno de los stands, donde los funcionarios hicieron la compra de productos de este mercado agro ecol\u00f3gico.<\/p>\n","protected":false},"excerpt":{"rendered":"<p>Por Karen Rivera\/Zunoticia Huejutla, Hgo.- En la transici\u00f3n agr\u00edcola del Bienestar a trav\u00e9s de la Subsecretar\u00eda de autosuficiencia alimentaria, se llev\u00f3 a cabo la muestra de&nbsp; resultados de las escuelas de campo que participan en la estrategia de acompa\u00f1amiento t\u00e9cnico en la regi\u00f3n 24 de la Huasteca Hidalguense, donde a trav\u00e9s del mercado Agro Ecol\u00f3gico,&hellip; <a class=\"more-link\" href=\"https:\/\/www.zunoticia.com\/noticias-de-hidalgo\/2023\/03\/11\/huejutla-fue-la-sede-del-primer-mercado-agro-ecologico\/\">Seguir leyendo <span class=\"screen-reader-text\">Huejutla fue la sede del primer mercado Agro Ecol\u00f3gico<\/span><\/a><\/p>\n","protected":false},"author":12,"featured_media":472056,"comment_status":"closed","ping_status":"open","sticky":false,"template":"","format":"standard","meta":{"rop_custom_images_group":[],"rop_custom_messages_group":[],"rop_publish_now":"initial","rop_publish_now_accounts":{"facebook_10159540855086992_322828327761733":""},"rop_publish_now_history":[],"rop_publish_now_status":"pending","footnotes":""},"categories":[181],"tags":[121],"class_list":["post-472074","post","type-post","status-publish","format-standard","has-post-thumbnail","hentry","category-huejutla","tag-huejutla","entry"],"_links":{"self":[{"href":"https:\/\/www.zunoticia.com\/noticias-de-hidalgo\/wp-json\/wp\/v2\/posts\/472074","targetHints":{"allow":["GET"]}}],"collection":[{"href":"https:\/\/www.zunoticia.com\/noticias-de-hidalgo\/wp-json\/wp\/v2\/posts"}],"about":[{"href":"https:\/\/www.zunoticia.com\/noticias-de-hidalgo\/wp-json\/wp\/v2\/types\/post"}],"author":[{"embeddable":true,"href":"https:\/\/www.zunoticia.com\/noticias-de-hidalgo\/wp-json\/wp\/v2\/users\/12"}],"replies":[{"embeddable":true,"href":"https:\/\/www.zunoticia.com\/noticias-de-hidalgo\/wp-json\/wp\/v2\/comments?post=472074"}],"version-history":[{"count":1,"href":"https:\/\/www.zunoticia.com\/noticias-de-hidalgo\/wp-json\/wp\/v2\/posts\/472074\/revisions"}],"predecessor-version":[{"id":472076,"href":"https:\/\/www.zunoticia.com\/noticias-de-hidalgo\/wp-json\/wp\/v2\/posts\/472074\/revisions\/472076"}],"wp:featuredmedia":[{"embeddable":true,"href":"https:\/\/www.zunoticia.com\/noticias-de-hidalgo\/wp-json\/wp\/v2\/media\/472056"}],"wp:attachment":[{"href":"https:\/\/www.zunoticia.com\/noticias-de-hidalgo\/wp-json\/wp\/v2\/media?parent=472074"}],"wp:term":[{"taxonomy":"category","embeddable":true,"href":"https:\/\/www.zunoticia.com\/noticias-de-hidalgo\/wp-json\/wp\/v2\/categories?post=472074"},{"taxonomy":"post_tag","embeddable":true,"href":"https:\/\/www.zunoticia.com\/noticias-de-hidalgo\/wp-json\/wp\/v2\/tags?post=472074"}],"curies":[{"name":"wp","href":"https:\/\/api.w.org\/{rel}","templated":true}]}}