{"id":472078,"date":"2023-03-11T00:25:32","date_gmt":"2023-03-11T06:25:32","guid":{"rendered":"https:\/\/www.zunoticia.com\/noticias-de-hidalgo\/?p=472078"},"modified":"2023-03-11T00:25:33","modified_gmt":"2023-03-11T06:25:33","slug":"gobernacion-y-alcaldia-capacitan-a-delegados-auxiliares","status":"publish","type":"post","link":"https:\/\/www.zunoticia.com\/noticias-de-hidalgo\/2023\/03\/11\/gobernacion-y-alcaldia-capacitan-a-delegados-auxiliares\/","title":{"rendered":"Gobernaci\u00f3n y alcald\u00eda capacitan a delegados auxiliares"},"content":{"rendered":"<aside class=\"mashsb-container mashsb-main mashsb-stretched\"><div class=\"mashsb-box\"><div class=\"mashsb-count mash-large\" style=\"float:left\"><div class=\"counts mashsbcount\">12<\/div><span class=\"mashsb-sharetext\">SHARES<\/span><\/div><div class=\"mashsb-buttons\"><a class=\"mashicon-facebook mash-large mash-center mashsb-noshadow\" href=\"https:\/\/www.facebook.com\/sharer.php?u=https%3A%2F%2Fwww.zunoticia.com%2Fnoticias-de-hidalgo%2F2023%2F03%2F11%2Fgobernacion-y-alcaldia-capacitan-a-delegados-auxiliares%2F\" target=\"_top\" rel=\"nofollow\"><span class=\"icon\"><\/span><span class=\"text\">Share<\/span><\/a><a class=\"mashicon-twitter mash-large mash-center mashsb-noshadow\" href=\"https:\/\/twitter.com\/intent\/tweet?text=&amp;url=https:\/\/www.zunoticia.com\/noticias-de-hidalgo\/2023\/03\/11\/gobernacion-y-alcaldia-capacitan-a-delegados-auxiliares\/\" target=\"_top\" rel=\"nofollow\"><span class=\"icon\"><\/span><span class=\"text\">Tweet<\/span><\/a><div class=\"onoffswitch2 mash-large mashsb-noshadow\" style=\"display:none\"><\/div><\/div>\n            <\/div>\n                <div style=\"clear:both\"><\/div><div class=\"mashsb-toggle-container\"><\/div><\/aside>\n            <!-- Share buttons by mashshare.net - Version: 4.0.47-->\n<ul class=\"wp-block-list\">\n<li>Sobre usos, costumbres y repercusiones legales.<\/li>\n<\/ul>\n\n\n\n<p><em>Por Redacci\u00f3n\/Zunoticia<\/em><\/p>\n\n\n\n<p><strong>Atlapexco, Hgo.-<\/strong> La Presidencia Municipal que preside el Ing. Joel Nochebuena Hern\u00e1ndez, en coordinaci\u00f3n con la Subsecretar\u00eda de Gobierno de la Huasteca Hidalguense y la Direcci\u00f3n General de Gobernaci\u00f3n, llevaron a cabo la Capacitaci\u00f3n de &#8220;Funciones de los Delegados Auxiliares Municipales, usos y costumbres y sus repercusiones jur\u00eddicas&#8221;.<\/p>\n\n\n<div class=\"wp-block-image\">\n<figure class=\"aligncenter size-large\"><img fetchpriority=\"high\" decoding=\"async\" width=\"998\" height=\"1024\" src=\"https:\/\/www.zunoticia.com\/noticias-de-hidalgo\/wp-content\/uploads\/2023\/03\/eZy-Watermark-10-03-2023-10-46-10p.m.-998x1024.jpg\" alt=\"\" class=\"wp-image-472061\" srcset=\"https:\/\/www.zunoticia.com\/noticias-de-hidalgo\/wp-content\/uploads\/2023\/03\/eZy-Watermark-10-03-2023-10-46-10p.m.-998x1024.jpg 998w, https:\/\/www.zunoticia.com\/noticias-de-hidalgo\/wp-content\/uploads\/2023\/03\/eZy-Watermark-10-03-2023-10-46-10p.m.-292x300.jpg 292w, https:\/\/www.zunoticia.com\/noticias-de-hidalgo\/wp-content\/uploads\/2023\/03\/eZy-Watermark-10-03-2023-10-46-10p.m.-768x788.jpg 768w, https:\/\/www.zunoticia.com\/noticias-de-hidalgo\/wp-content\/uploads\/2023\/03\/eZy-Watermark-10-03-2023-10-46-10p.m..jpg 1080w\" sizes=\"(max-width: 998px) 100vw, 998px\" \/><\/figure>\n<\/div>\n\n\n<p>Con la finalidad de proponer medidas preventivas de soluci\u00f3n que coadyuven a afrontar los problemas sociales de los diferentes rubros, tales como educaci\u00f3n, salud, obra p\u00fablica, asuntos agrarios.<\/p>\n\n\n\n<figure class=\"wp-block-image size-large\"><img decoding=\"async\" width=\"1024\" height=\"760\" src=\"https:\/\/www.zunoticia.com\/noticias-de-hidalgo\/wp-content\/uploads\/2023\/03\/eZy-Watermark-10-03-2023-10-46-32p.m.-1024x760.jpg\" alt=\"\" class=\"wp-image-472062\" srcset=\"https:\/\/www.zunoticia.com\/noticias-de-hidalgo\/wp-content\/uploads\/2023\/03\/eZy-Watermark-10-03-2023-10-46-32p.m.-1024x760.jpg 1024w, https:\/\/www.zunoticia.com\/noticias-de-hidalgo\/wp-content\/uploads\/2023\/03\/eZy-Watermark-10-03-2023-10-46-32p.m.-300x223.jpg 300w, https:\/\/www.zunoticia.com\/noticias-de-hidalgo\/wp-content\/uploads\/2023\/03\/eZy-Watermark-10-03-2023-10-46-32p.m.-768x570.jpg 768w, https:\/\/www.zunoticia.com\/noticias-de-hidalgo\/wp-content\/uploads\/2023\/03\/eZy-Watermark-10-03-2023-10-46-32p.m..jpg 1080w\" sizes=\"(max-width: 1024px) 100vw, 1024px\" \/><\/figure>\n\n\n\n<p>A nombre del H. Ayuntamiento Municipal se agradece la asistencia de las autoridades y las personalidades que asistieron a la capacitaci\u00f3n que ser\u00e1 ben\u00e9fica para la ciudadan\u00eda Atlapexquense.<\/p>\n","protected":false},"excerpt":{"rendered":"<p>Por Redacci\u00f3n\/Zunoticia Atlapexco, Hgo.- La Presidencia Municipal que preside el Ing. Joel Nochebuena Hern\u00e1ndez, en coordinaci\u00f3n con la Subsecretar\u00eda de Gobierno de la Huasteca Hidalguense y la Direcci\u00f3n General de Gobernaci\u00f3n, llevaron a cabo la Capacitaci\u00f3n de &#8220;Funciones de los Delegados Auxiliares Municipales, usos y costumbres y sus repercusiones jur\u00eddicas&#8221;. Con la finalidad de proponer&hellip; <a class=\"more-link\" href=\"https:\/\/www.zunoticia.com\/noticias-de-hidalgo\/2023\/03\/11\/gobernacion-y-alcaldia-capacitan-a-delegados-auxiliares\/\">Seguir leyendo <span class=\"screen-reader-text\">Gobernaci\u00f3n y alcald\u00eda capacitan a delegados auxiliares<\/span><\/a><\/p>\n","protected":false},"author":12,"featured_media":472060,"comment_status":"closed","ping_status":"open","sticky":false,"template":"","format":"standard","meta":{"rop_custom_images_group":[],"rop_custom_messages_group":[],"rop_publish_now":"initial","rop_publish_now_accounts":{"facebook_10159540855086992_322828327761733":""},"rop_publish_now_history":[],"rop_publish_now_status":"pending","footnotes":""},"categories":[182],"tags":[133],"class_list":["post-472078","post","type-post","status-publish","format-standard","has-post-thumbnail","hentry","category-atlapexco","tag-atlapexco","entry"],"_links":{"self":[{"href":"https:\/\/www.zunoticia.com\/noticias-de-hidalgo\/wp-json\/wp\/v2\/posts\/472078","targetHints":{"allow":["GET"]}}],"collection":[{"href":"https:\/\/www.zunoticia.com\/noticias-de-hidalgo\/wp-json\/wp\/v2\/posts"}],"about":[{"href":"https:\/\/www.zunoticia.com\/noticias-de-hidalgo\/wp-json\/wp\/v2\/types\/post"}],"author":[{"embeddable":true,"href":"https:\/\/www.zunoticia.com\/noticias-de-hidalgo\/wp-json\/wp\/v2\/users\/12"}],"replies":[{"embeddable":true,"href":"https:\/\/www.zunoticia.com\/noticias-de-hidalgo\/wp-json\/wp\/v2\/comments?post=472078"}],"version-history":[{"count":1,"href":"https:\/\/www.zunoticia.com\/noticias-de-hidalgo\/wp-json\/wp\/v2\/posts\/472078\/revisions"}],"predecessor-version":[{"id":472079,"href":"https:\/\/www.zunoticia.com\/noticias-de-hidalgo\/wp-json\/wp\/v2\/posts\/472078\/revisions\/472079"}],"wp:featuredmedia":[{"embeddable":true,"href":"https:\/\/www.zunoticia.com\/noticias-de-hidalgo\/wp-json\/wp\/v2\/media\/472060"}],"wp:attachment":[{"href":"https:\/\/www.zunoticia.com\/noticias-de-hidalgo\/wp-json\/wp\/v2\/media?parent=472078"}],"wp:term":[{"taxonomy":"category","embeddable":true,"href":"https:\/\/www.zunoticia.com\/noticias-de-hidalgo\/wp-json\/wp\/v2\/categories?post=472078"},{"taxonomy":"post_tag","embeddable":true,"href":"https:\/\/www.zunoticia.com\/noticias-de-hidalgo\/wp-json\/wp\/v2\/tags?post=472078"}],"curies":[{"name":"wp","href":"https:\/\/api.w.org\/{rel}","templated":true}]}}