{"id":472102,"date":"2023-03-11T13:53:10","date_gmt":"2023-03-11T19:53:10","guid":{"rendered":"https:\/\/www.zunoticia.com\/noticias-de-hidalgo\/?p=472102"},"modified":"2023-03-11T13:53:11","modified_gmt":"2023-03-11T19:53:11","slug":"la-ley-general-de-derechos-linguisticos-de-los-pueblos-indigenas-cumple-20-anos-de-su-promulgacion","status":"publish","type":"post","link":"https:\/\/www.zunoticia.com\/noticias-de-hidalgo\/2023\/03\/11\/la-ley-general-de-derechos-linguisticos-de-los-pueblos-indigenas-cumple-20-anos-de-su-promulgacion\/","title":{"rendered":"La Ley General de Derechos Ling\u00fc\u00edsticos de los Pueblos Ind\u00edgenas cumple 20 a\u00f1os de su promulgaci\u00f3n"},"content":{"rendered":"<aside class=\"mashsb-container mashsb-main mashsb-stretched\"><div class=\"mashsb-box\"><div class=\"mashsb-count mash-large\" style=\"float:left\"><div class=\"counts mashsbcount\">11<\/div><span class=\"mashsb-sharetext\">SHARES<\/span><\/div><div class=\"mashsb-buttons\"><a class=\"mashicon-facebook mash-large mash-center mashsb-noshadow\" href=\"https:\/\/www.facebook.com\/sharer.php?u=https%3A%2F%2Fwww.zunoticia.com%2Fnoticias-de-hidalgo%2F2023%2F03%2F11%2Fla-ley-general-de-derechos-linguisticos-de-los-pueblos-indigenas-cumple-20-anos-de-su-promulgacion%2F\" target=\"_top\" rel=\"nofollow\"><span class=\"icon\"><\/span><span class=\"text\">Share<\/span><\/a><a class=\"mashicon-twitter mash-large mash-center mashsb-noshadow\" href=\"https:\/\/twitter.com\/intent\/tweet?text=&amp;url=https:\/\/www.zunoticia.com\/noticias-de-hidalgo\/2023\/03\/11\/la-ley-general-de-derechos-linguisticos-de-los-pueblos-indigenas-cumple-20-anos-de-su-promulgacion\/\" target=\"_top\" rel=\"nofollow\"><span class=\"icon\"><\/span><span class=\"text\">Tweet<\/span><\/a><div class=\"onoffswitch2 mash-large mashsb-noshadow\" style=\"display:none\"><\/div><\/div>\n            <\/div>\n                <div style=\"clear:both\"><\/div><div class=\"mashsb-toggle-container\"><\/div><\/aside>\n            <!-- Share buttons by mashshare.net - Version: 4.0.47-->\n<p><\/p>\n\n\n\n<p>\u00b7 Esta Ley reconoce a los idiomas originarios y al espa\u00f1ol como lenguas nacionales, con la misma validez jur\u00eddica.<\/p>\n\n\n\n<p><em>Por Redacci\u00f3n\/Zunoticia<\/em><\/p>\n\n\n\n<p><strong>Ciudad de M\u00e9xico<\/strong> (11 de marzo de 2023).- La Constituci\u00f3n Pol\u00edtica de los Estados Unidos Mexicanos ha sido objeto de diversas reformas a lo largo de su historia. Una de las m\u00e1s relevantes fue la publicada en agosto de 2001, a su art\u00edculo 2\u00ba, por la que se reconoci\u00f3 que nuestro pa\u00eds tiene una composici\u00f3n pluricultural, sustentada originalmente en sus pueblos originarios.<\/p>\n\n\n\n<p>Entre otros, uno de sus efectos radic\u00f3 en la promulgaci\u00f3n de la Ley General de Derechos Ling\u00fc\u00edsticos de los Pueblos Ind\u00edgenas (LGDLPI), norma que se public\u00f3 en el Diario Oficial de la Federaci\u00f3n hace 20 a\u00f1os, esto es, 13 de marzo de 2003, con la que se mandat\u00f3 la regulaci\u00f3n, reconocimiento y protecci\u00f3n de los derechos ling\u00fc\u00edsticos, individuales y colectivos de los pueblos y comunidades ind\u00edgenas.<\/p>\n\n\n\n<p>Adem\u00e1s de lo anterior, tambi\u00e9n mandat\u00f3 la creaci\u00f3n del Instituto Nacional de Lenguas Ind\u00edgenas (Inali), con el objetivo de promover el fortalecimiento, preservaci\u00f3n y desarrollo de las lenguas ind\u00edgenas, generar pol\u00edticas ling\u00fc\u00edsticas p\u00fablicas en beneficio de comunidades ind\u00edgenas y sus hablantes, as\u00ed como asesorar a los tres \u00f3rdenes de gobierno en esta materia, entre otros.<\/p>\n\n\n\n<p>Cabe precisar que la misma norma jur\u00eddica reconoce a las lenguas ind\u00edgenas y al espa\u00f1ol como lenguas nacionales, otorg\u00e1ndoles la misma validez para cualquier asunto o tr\u00e1mite de car\u00e1cter p\u00fablico o privado y para que accedan plenamente a la gesti\u00f3n, servicios e informaci\u00f3n p\u00fablica.<\/p>\n\n\n\n<p>De acuerdo con la ley, es derecho de todo mexicano comunicarse en la lengua de la que sea hablante, sin restricciones en el \u00e1mbito p\u00fablico o privado, en forma oral o escrita, en todas sus actividades sociales, econ\u00f3micas, pol\u00edticas, culturales, religiosas y cualesquiera otras.<\/p>\n\n\n\n<p>Si deseas conocer m\u00e1s sobre la ley, puedes consultarla en la p\u00e1gina institucional https:\/\/site.inali.gob.mx\/Micrositios\/LGDLPI\/ y\/o en la siguiente liga: www.diputados.gob.mx\/LeyesBiblio\/ref\/lgdlpi.htm<\/p>\n","protected":false},"excerpt":{"rendered":"<p>\u00b7 Esta Ley reconoce a los idiomas originarios y al espa\u00f1ol como lenguas nacionales, con la misma validez jur\u00eddica. Por Redacci\u00f3n\/Zunoticia Ciudad de M\u00e9xico (11 de marzo de 2023).- La Constituci\u00f3n Pol\u00edtica de los Estados Unidos Mexicanos ha sido objeto de diversas reformas a lo largo de su historia. Una de las m\u00e1s relevantes fue&hellip; <a class=\"more-link\" href=\"https:\/\/www.zunoticia.com\/noticias-de-hidalgo\/2023\/03\/11\/la-ley-general-de-derechos-linguisticos-de-los-pueblos-indigenas-cumple-20-anos-de-su-promulgacion\/\">Seguir leyendo <span class=\"screen-reader-text\">La Ley General de Derechos Ling\u00fc\u00edsticos de los Pueblos Ind\u00edgenas cumple 20 a\u00f1os de su promulgaci\u00f3n<\/span><\/a><\/p>\n","protected":false},"author":20,"featured_media":472103,"comment_status":"closed","ping_status":"open","sticky":false,"template":"","format":"standard","meta":{"rop_custom_images_group":[],"rop_custom_messages_group":[],"rop_publish_now":"initial","rop_publish_now_accounts":{"facebook_10159540855086992_322828327761733":""},"rop_publish_now_history":[],"rop_publish_now_status":"pending","footnotes":""},"categories":[218],"tags":[217],"class_list":["post-472102","post","type-post","status-publish","format-standard","has-post-thumbnail","hentry","category-nacional","tag-nacional","entry"],"_links":{"self":[{"href":"https:\/\/www.zunoticia.com\/noticias-de-hidalgo\/wp-json\/wp\/v2\/posts\/472102","targetHints":{"allow":["GET"]}}],"collection":[{"href":"https:\/\/www.zunoticia.com\/noticias-de-hidalgo\/wp-json\/wp\/v2\/posts"}],"about":[{"href":"https:\/\/www.zunoticia.com\/noticias-de-hidalgo\/wp-json\/wp\/v2\/types\/post"}],"author":[{"embeddable":true,"href":"https:\/\/www.zunoticia.com\/noticias-de-hidalgo\/wp-json\/wp\/v2\/users\/20"}],"replies":[{"embeddable":true,"href":"https:\/\/www.zunoticia.com\/noticias-de-hidalgo\/wp-json\/wp\/v2\/comments?post=472102"}],"version-history":[{"count":1,"href":"https:\/\/www.zunoticia.com\/noticias-de-hidalgo\/wp-json\/wp\/v2\/posts\/472102\/revisions"}],"predecessor-version":[{"id":472104,"href":"https:\/\/www.zunoticia.com\/noticias-de-hidalgo\/wp-json\/wp\/v2\/posts\/472102\/revisions\/472104"}],"wp:featuredmedia":[{"embeddable":true,"href":"https:\/\/www.zunoticia.com\/noticias-de-hidalgo\/wp-json\/wp\/v2\/media\/472103"}],"wp:attachment":[{"href":"https:\/\/www.zunoticia.com\/noticias-de-hidalgo\/wp-json\/wp\/v2\/media?parent=472102"}],"wp:term":[{"taxonomy":"category","embeddable":true,"href":"https:\/\/www.zunoticia.com\/noticias-de-hidalgo\/wp-json\/wp\/v2\/categories?post=472102"},{"taxonomy":"post_tag","embeddable":true,"href":"https:\/\/www.zunoticia.com\/noticias-de-hidalgo\/wp-json\/wp\/v2\/tags?post=472102"}],"curies":[{"name":"wp","href":"https:\/\/api.w.org\/{rel}","templated":true}]}}