{"id":472105,"date":"2023-03-11T14:17:51","date_gmt":"2023-03-11T20:17:51","guid":{"rendered":"https:\/\/www.zunoticia.com\/noticias-de-hidalgo\/?p=472105"},"modified":"2023-03-11T14:17:52","modified_gmt":"2023-03-11T20:17:52","slug":"mas-de-dos-mil-vecinos-de-la-col-valle-del-encinal-afectados-por-problema-ayuntamiento-los-parajes","status":"publish","type":"post","link":"https:\/\/www.zunoticia.com\/noticias-de-hidalgo\/2023\/03\/11\/mas-de-dos-mil-vecinos-de-la-col-valle-del-encinal-afectados-por-problema-ayuntamiento-los-parajes\/","title":{"rendered":"M\u00e1s de dos mil vecinos de la col. Valle del Encinal afectados por problema Ayuntamiento &#8211; Los Parajes"},"content":{"rendered":"<aside class=\"mashsb-container mashsb-main mashsb-stretched\"><div class=\"mashsb-box\"><div class=\"mashsb-count mash-large\" style=\"float:left\"><div class=\"counts mashsbcount\">19<\/div><span class=\"mashsb-sharetext\">SHARES<\/span><\/div><div class=\"mashsb-buttons\"><a class=\"mashicon-facebook mash-large mash-center mashsb-noshadow\" href=\"https:\/\/www.facebook.com\/sharer.php?u=https%3A%2F%2Fwww.zunoticia.com%2Fnoticias-de-hidalgo%2F2023%2F03%2F11%2Fmas-de-dos-mil-vecinos-de-la-col-valle-del-encinal-afectados-por-problema-ayuntamiento-los-parajes%2F\" target=\"_top\" rel=\"nofollow\"><span class=\"icon\"><\/span><span class=\"text\">Share<\/span><\/a><a class=\"mashicon-twitter mash-large mash-center mashsb-noshadow\" href=\"https:\/\/twitter.com\/intent\/tweet?text=&amp;url=https:\/\/www.zunoticia.com\/noticias-de-hidalgo\/2023\/03\/11\/mas-de-dos-mil-vecinos-de-la-col-valle-del-encinal-afectados-por-problema-ayuntamiento-los-parajes\/\" target=\"_top\" rel=\"nofollow\"><span class=\"icon\"><\/span><span class=\"text\">Tweet<\/span><\/a><div class=\"onoffswitch2 mash-large mashsb-noshadow\" style=\"display:none\"><\/div><\/div>\n            <\/div>\n                <div style=\"clear:both\"><\/div><div class=\"mashsb-toggle-container\"><\/div><\/aside>\n            <!-- Share buttons by mashshare.net - Version: 4.0.47-->\n<p><\/p>\n\n\n\n<p><em>Por Salvador Altamirano\/Zunoticia<\/em><\/p>\n\n\n\n<p><strong>Huejutla, Hgo<\/strong>.- Seg\u00fan estad\u00edsticas proporcionadas por el director de la Comisi\u00f3n de Agua Potable, Alcantarillado y Saneamiento de Huejutla, Hidalgo (CAPASHH), Emilio \u00c1lvarez Lara, por la suspensi\u00f3n del suministro generado por habitantes de la comunidad de Los Parajes, est\u00e1n siendo afectadas un total de 43 colonias de la cabecera municipal y m\u00e1s de 50 mil personas que viven en las mismas.<\/p>\n\n\n\n<p>Entrevistado al respecto el delegado de la colonia Valle del Encinal, una de las de mayor poblaci\u00f3n, Casiano Lara Diego, especific\u00f3 que en el sector poblacional que representa est\u00e1n siendo perjudicados arriba de dos mil vecinos, entre propietarios y avecindados.<\/p>\n\n\n\n<p>Agreg\u00f3 que, por tal motivo, espera que las autoridades y los habitantes de Los Parajes le den pronta soluci\u00f3n al grave problema, ya que el agua es necesaria d\u00eda a d\u00eda en los hogares, y no nada m\u00e1s se est\u00e1 afectando a la colonia Valle del Encinal, sino a muchas m\u00e1s.<\/p>\n\n\n\n<p>A pregunta expresa, detall\u00f3 que, en el sector poblacional a su cargo no tienen agua desde el pasado lunes, por lo que ya son seis d\u00edas sin suministro \u201cy no nos queda otra que esperar a que se resuelva la situaci\u00f3n, lo cual ya urge, aunque hay quienes est\u00e1n comprando el vital l\u00edquido por tinaco o pipas, pero no todos tienen las mismas posibilidades econ\u00f3micas\u201d.<\/p>\n\n\n\n<p>Para finalizar, Lara Diego invit\u00f3 a los habitantes de la colonia Valle del Encinal a tener paciencia, as\u00ed mismo ofreci\u00f3 que si en algo pueden apoyar al Ayuntamiento en esta problem\u00e1tica, est\u00e1n en la mejor disposici\u00f3n de hacerlo.<\/p>\n\n\n\n<figure class=\"wp-block-gallery has-nested-images columns-default is-cropped wp-block-gallery-1 is-layout-flex wp-block-gallery-is-layout-flex\">\n<figure class=\"wp-block-image size-large\"><img fetchpriority=\"high\" decoding=\"async\" width=\"940\" height=\"788\" data-id=\"472107\" src=\"https:\/\/www.zunoticia.com\/noticias-de-hidalgo\/wp-content\/uploads\/2023\/03\/2-7.png\" alt=\"\" class=\"wp-image-472107\" srcset=\"https:\/\/www.zunoticia.com\/noticias-de-hidalgo\/wp-content\/uploads\/2023\/03\/2-7.png 940w, https:\/\/www.zunoticia.com\/noticias-de-hidalgo\/wp-content\/uploads\/2023\/03\/2-7-300x251.png 300w, https:\/\/www.zunoticia.com\/noticias-de-hidalgo\/wp-content\/uploads\/2023\/03\/2-7-768x644.png 768w\" sizes=\"(max-width: 940px) 100vw, 940px\" \/><\/figure>\n<\/figure>\n","protected":false},"excerpt":{"rendered":"<p>Por Salvador Altamirano\/Zunoticia Huejutla, Hgo.- Seg\u00fan estad\u00edsticas proporcionadas por el director de la Comisi\u00f3n de Agua Potable, Alcantarillado y Saneamiento de Huejutla, Hidalgo (CAPASHH), Emilio \u00c1lvarez Lara, por la suspensi\u00f3n del suministro generado por habitantes de la comunidad de Los Parajes, est\u00e1n siendo afectadas un total de 43 colonias de la cabecera municipal y m\u00e1s&hellip; <a class=\"more-link\" href=\"https:\/\/www.zunoticia.com\/noticias-de-hidalgo\/2023\/03\/11\/mas-de-dos-mil-vecinos-de-la-col-valle-del-encinal-afectados-por-problema-ayuntamiento-los-parajes\/\">Seguir leyendo <span class=\"screen-reader-text\">M\u00e1s de dos mil vecinos de la col. Valle del Encinal afectados por problema Ayuntamiento &#8211; Los Parajes<\/span><\/a><\/p>\n","protected":false},"author":20,"featured_media":472106,"comment_status":"closed","ping_status":"open","sticky":false,"template":"","format":"standard","meta":{"rop_custom_images_group":[],"rop_custom_messages_group":[],"rop_publish_now":"initial","rop_publish_now_accounts":{"facebook_10159540855086992_322828327761733":""},"rop_publish_now_history":[],"rop_publish_now_status":"pending","footnotes":""},"categories":[181,209],"tags":[121],"class_list":["post-472105","post","type-post","status-publish","format-standard","has-post-thumbnail","hentry","category-huejutla","category-relevante","tag-huejutla","entry"],"_links":{"self":[{"href":"https:\/\/www.zunoticia.com\/noticias-de-hidalgo\/wp-json\/wp\/v2\/posts\/472105","targetHints":{"allow":["GET"]}}],"collection":[{"href":"https:\/\/www.zunoticia.com\/noticias-de-hidalgo\/wp-json\/wp\/v2\/posts"}],"about":[{"href":"https:\/\/www.zunoticia.com\/noticias-de-hidalgo\/wp-json\/wp\/v2\/types\/post"}],"author":[{"embeddable":true,"href":"https:\/\/www.zunoticia.com\/noticias-de-hidalgo\/wp-json\/wp\/v2\/users\/20"}],"replies":[{"embeddable":true,"href":"https:\/\/www.zunoticia.com\/noticias-de-hidalgo\/wp-json\/wp\/v2\/comments?post=472105"}],"version-history":[{"count":1,"href":"https:\/\/www.zunoticia.com\/noticias-de-hidalgo\/wp-json\/wp\/v2\/posts\/472105\/revisions"}],"predecessor-version":[{"id":472108,"href":"https:\/\/www.zunoticia.com\/noticias-de-hidalgo\/wp-json\/wp\/v2\/posts\/472105\/revisions\/472108"}],"wp:featuredmedia":[{"embeddable":true,"href":"https:\/\/www.zunoticia.com\/noticias-de-hidalgo\/wp-json\/wp\/v2\/media\/472106"}],"wp:attachment":[{"href":"https:\/\/www.zunoticia.com\/noticias-de-hidalgo\/wp-json\/wp\/v2\/media?parent=472105"}],"wp:term":[{"taxonomy":"category","embeddable":true,"href":"https:\/\/www.zunoticia.com\/noticias-de-hidalgo\/wp-json\/wp\/v2\/categories?post=472105"},{"taxonomy":"post_tag","embeddable":true,"href":"https:\/\/www.zunoticia.com\/noticias-de-hidalgo\/wp-json\/wp\/v2\/tags?post=472105"}],"curies":[{"name":"wp","href":"https:\/\/api.w.org\/{rel}","templated":true}]}}