{"id":472119,"date":"2023-03-11T16:00:48","date_gmt":"2023-03-11T22:00:48","guid":{"rendered":"https:\/\/www.zunoticia.com\/noticias-de-hidalgo\/?p=472119"},"modified":"2023-03-11T16:00:49","modified_gmt":"2023-03-11T22:00:49","slug":"pueblo-que-no-conoce-su-historia-no-tiene-identidad-juarez-vega","status":"publish","type":"post","link":"https:\/\/www.zunoticia.com\/noticias-de-hidalgo\/2023\/03\/11\/pueblo-que-no-conoce-su-historia-no-tiene-identidad-juarez-vega\/","title":{"rendered":"Pueblo que no conoce su historia no tiene identidad: Ju\u00e1rez Vega"},"content":{"rendered":"<aside class=\"mashsb-container mashsb-main mashsb-stretched\"><div class=\"mashsb-box\"><div class=\"mashsb-count mash-large\" style=\"float:left\"><div class=\"counts mashsbcount\">33<\/div><span class=\"mashsb-sharetext\">SHARES<\/span><\/div><div class=\"mashsb-buttons\"><a class=\"mashicon-facebook mash-large mash-center mashsb-noshadow\" href=\"https:\/\/www.facebook.com\/sharer.php?u=https%3A%2F%2Fwww.zunoticia.com%2Fnoticias-de-hidalgo%2F2023%2F03%2F11%2Fpueblo-que-no-conoce-su-historia-no-tiene-identidad-juarez-vega%2F\" target=\"_top\" rel=\"nofollow\"><span class=\"icon\"><\/span><span class=\"text\">Share<\/span><\/a><a class=\"mashicon-twitter mash-large mash-center mashsb-noshadow\" href=\"https:\/\/twitter.com\/intent\/tweet?text=&amp;url=https:\/\/www.zunoticia.com\/noticias-de-hidalgo\/2023\/03\/11\/pueblo-que-no-conoce-su-historia-no-tiene-identidad-juarez-vega\/\" target=\"_top\" rel=\"nofollow\"><span class=\"icon\"><\/span><span class=\"text\">Tweet<\/span><\/a><div class=\"onoffswitch2 mash-large mashsb-noshadow\" style=\"display:none\"><\/div><\/div>\n            <\/div>\n                <div style=\"clear:both\"><\/div><div class=\"mashsb-toggle-container\"><\/div><\/aside>\n            <!-- Share buttons by mashshare.net - Version: 4.0.47-->\n<p><\/p>\n\n\n\n<p><em>Por Salvador Altamirano\/Zunoticia<\/em><\/p>\n\n\n\n<p><strong>Huejutla, Hgo.-<\/strong> Entrevistado en torno a s\u00ed considera que es necesario que se nombre oficialmente un cronista en Huejutla, ya que los dos que fueron designados fallecieron, el historiador Jorge Luis Ju\u00e1rez Vega, enfatiz\u00f3 que es forzoso.<\/p>\n\n\n\n<p>Subray\u00f3 &#8220;pueblo que no conoce su historia no tiene identidad&#8221;, por lo que es necesario un cronista y para tal efecto exhort\u00f3 a las autoridades municipales a que nombren uno nuevo, ya que hay muchos en el municipio que pueden desempe\u00f1ar el cargo, a quienes se les da poco cr\u00e9dito porque lo hacen de manera individual y con recursos propios, aunque la investigaci\u00f3n es cara.<\/p>\n\n\n\n<p>Especific\u00f3 que por falta de cronistas impulsados de manera oficial, ya que quienes fungieron lo hicieron sin apoyo, es vergonzoso que los habitantes de Huejutla no conozcan su historia verdadera, sino deformada, y den por hecho lo que se les escribe o se les explique, sin poner en tela de juicio si son verdades a medias o mentiras absolutas.<\/p>\n\n\n\n<p>Agreg\u00f3 que, no es posible que los huejutlenses ignoren qui\u00e9nes han sido y son las personas importantes en el \u00e1mbito local, lo que deriva en que en la cabecera hay un sin n\u00famero de colonias que &#8220;ostentan nombres de verdaderos delincuentes del erario p\u00fablico&#8221;, y la sociedad totalmente indiferente.<\/p>\n\n\n\n<p>Para finalizar, Ju\u00e1rez Vega coment\u00f3 que lo anterior es una constante no s\u00f3lo en el pueblo de Huejutla, ya que es cierto que los hechos nacionales repercuten a nivel estatal y local, si tenemos una historia nacional deformada -acentu\u00f3-, qu\u00e9 se puede esperar en los municipios.<\/p>\n\n\n\n<p><\/p>\n\n\n\n<p><\/p>\n","protected":false},"excerpt":{"rendered":"<p>Por Salvador Altamirano\/Zunoticia Huejutla, Hgo.- Entrevistado en torno a s\u00ed considera que es necesario que se nombre oficialmente un cronista en Huejutla, ya que los dos que fueron designados fallecieron, el historiador Jorge Luis Ju\u00e1rez Vega, enfatiz\u00f3 que es forzoso. Subray\u00f3 &#8220;pueblo que no conoce su historia no tiene identidad&#8221;, por lo que es necesario&hellip; <a class=\"more-link\" href=\"https:\/\/www.zunoticia.com\/noticias-de-hidalgo\/2023\/03\/11\/pueblo-que-no-conoce-su-historia-no-tiene-identidad-juarez-vega\/\">Seguir leyendo <span class=\"screen-reader-text\">Pueblo que no conoce su historia no tiene identidad: Ju\u00e1rez Vega<\/span><\/a><\/p>\n","protected":false},"author":20,"featured_media":472120,"comment_status":"closed","ping_status":"open","sticky":false,"template":"","format":"standard","meta":{"rop_custom_images_group":[],"rop_custom_messages_group":[],"rop_publish_now":"initial","rop_publish_now_accounts":{"facebook_10159540855086992_322828327761733":""},"rop_publish_now_history":[],"rop_publish_now_status":"pending","footnotes":""},"categories":[181],"tags":[121],"class_list":["post-472119","post","type-post","status-publish","format-standard","has-post-thumbnail","hentry","category-huejutla","tag-huejutla","entry"],"_links":{"self":[{"href":"https:\/\/www.zunoticia.com\/noticias-de-hidalgo\/wp-json\/wp\/v2\/posts\/472119","targetHints":{"allow":["GET"]}}],"collection":[{"href":"https:\/\/www.zunoticia.com\/noticias-de-hidalgo\/wp-json\/wp\/v2\/posts"}],"about":[{"href":"https:\/\/www.zunoticia.com\/noticias-de-hidalgo\/wp-json\/wp\/v2\/types\/post"}],"author":[{"embeddable":true,"href":"https:\/\/www.zunoticia.com\/noticias-de-hidalgo\/wp-json\/wp\/v2\/users\/20"}],"replies":[{"embeddable":true,"href":"https:\/\/www.zunoticia.com\/noticias-de-hidalgo\/wp-json\/wp\/v2\/comments?post=472119"}],"version-history":[{"count":1,"href":"https:\/\/www.zunoticia.com\/noticias-de-hidalgo\/wp-json\/wp\/v2\/posts\/472119\/revisions"}],"predecessor-version":[{"id":472121,"href":"https:\/\/www.zunoticia.com\/noticias-de-hidalgo\/wp-json\/wp\/v2\/posts\/472119\/revisions\/472121"}],"wp:featuredmedia":[{"embeddable":true,"href":"https:\/\/www.zunoticia.com\/noticias-de-hidalgo\/wp-json\/wp\/v2\/media\/472120"}],"wp:attachment":[{"href":"https:\/\/www.zunoticia.com\/noticias-de-hidalgo\/wp-json\/wp\/v2\/media?parent=472119"}],"wp:term":[{"taxonomy":"category","embeddable":true,"href":"https:\/\/www.zunoticia.com\/noticias-de-hidalgo\/wp-json\/wp\/v2\/categories?post=472119"},{"taxonomy":"post_tag","embeddable":true,"href":"https:\/\/www.zunoticia.com\/noticias-de-hidalgo\/wp-json\/wp\/v2\/tags?post=472119"}],"curies":[{"name":"wp","href":"https:\/\/api.w.org\/{rel}","templated":true}]}}