{"id":472122,"date":"2023-03-11T16:07:23","date_gmt":"2023-03-11T22:07:23","guid":{"rendered":"https:\/\/www.zunoticia.com\/noticias-de-hidalgo\/?p=472122"},"modified":"2023-03-11T16:07:25","modified_gmt":"2023-03-11T22:07:25","slug":"instalaran-banco-comunitario-de-semillas","status":"publish","type":"post","link":"https:\/\/www.zunoticia.com\/noticias-de-hidalgo\/2023\/03\/11\/instalaran-banco-comunitario-de-semillas\/","title":{"rendered":"Instalar\u00e1n Banco Comunitario de Semillas"},"content":{"rendered":"<aside class=\"mashsb-container mashsb-main mashsb-stretched\"><div class=\"mashsb-box\"><div class=\"mashsb-count mash-large\" style=\"float:left\"><div class=\"counts mashsbcount\">8<\/div><span class=\"mashsb-sharetext\">SHARES<\/span><\/div><div class=\"mashsb-buttons\"><a class=\"mashicon-facebook mash-large mash-center mashsb-noshadow\" href=\"https:\/\/www.facebook.com\/sharer.php?u=https%3A%2F%2Fwww.zunoticia.com%2Fnoticias-de-hidalgo%2F2023%2F03%2F11%2Finstalaran-banco-comunitario-de-semillas%2F\" target=\"_top\" rel=\"nofollow\"><span class=\"icon\"><\/span><span class=\"text\">Share<\/span><\/a><a class=\"mashicon-twitter mash-large mash-center mashsb-noshadow\" href=\"https:\/\/twitter.com\/intent\/tweet?text=&amp;url=https:\/\/www.zunoticia.com\/noticias-de-hidalgo\/2023\/03\/11\/instalaran-banco-comunitario-de-semillas\/\" target=\"_top\" rel=\"nofollow\"><span class=\"icon\"><\/span><span class=\"text\">Tweet<\/span><\/a><div class=\"onoffswitch2 mash-large mashsb-noshadow\" style=\"display:none\"><\/div><\/div>\n            <\/div>\n                <div style=\"clear:both\"><\/div><div class=\"mashsb-toggle-container\"><\/div><\/aside>\n            <!-- Share buttons by mashshare.net - Version: 4.0.47-->\n<p><em>Por Enedino Hern\u00e1ndez\/Zunoticia<\/em><\/p>\n\n\n\n<p><strong>Huejutla, Hgo<\/strong>.- Con el objetivo principal de rescatar toda la gran variedad de semillas que se produce en la regi\u00f3n, en la comunidad de Motoltepec del municipio de Chiconamel, en la zona norte de Veracruz, se espera instalar un Banco Comunitario de Semillas en donde se habr\u00e1 de&nbsp; concentrar semillas propias de las localidades de Hidalgo y Veracruz.<\/p>\n\n\n\n<p>El T\u00e9cnico del Programa de Producci\u00f3n para el Bienestar, No\u00e9 Hern\u00e1ndez Cruz, se\u00f1al\u00f3 que normalmente participan productores de la Escuela de Campo y poco a poco se va ir integrando el Banco Comunitario de Semillas con las semillas propias de la regi\u00f3n.<\/p>\n\n\n\n<p>Adelant\u00f3 que, en esta actividad conf\u00edan que participen productores de varios municipios del estado de Hidalgo, as\u00ed como de la zona norte de Veracruz, con semillas propias de la regi\u00f3n.<\/p>\n\n\n\n<p>Concluy\u00f3 que el programa se ha estado trabajando desde a\u00f1os anteriores por parte del Instituto Nacional de Investigaciones Forestales, Agr\u00edcolas y Pecuarias (INIFAP), situaci\u00f3n que se fortalece actualmente con el apoyo de los productores de los municipios de Hidalgo y Veracruz.<\/p>\n\n\n\n<p><\/p>\n\n\n\n<p><\/p>\n","protected":false},"excerpt":{"rendered":"<p>Por Enedino Hern\u00e1ndez\/Zunoticia Huejutla, Hgo.- Con el objetivo principal de rescatar toda la gran variedad de semillas que se produce en la regi\u00f3n, en la comunidad de Motoltepec del municipio de Chiconamel, en la zona norte de Veracruz, se espera instalar un Banco Comunitario de Semillas en donde se habr\u00e1 de&nbsp; concentrar semillas propias de&hellip; <a class=\"more-link\" href=\"https:\/\/www.zunoticia.com\/noticias-de-hidalgo\/2023\/03\/11\/instalaran-banco-comunitario-de-semillas\/\">Seguir leyendo <span class=\"screen-reader-text\">Instalar\u00e1n Banco Comunitario de Semillas<\/span><\/a><\/p>\n","protected":false},"author":20,"featured_media":472123,"comment_status":"closed","ping_status":"open","sticky":false,"template":"","format":"standard","meta":{"rop_custom_images_group":[],"rop_custom_messages_group":[],"rop_publish_now":"initial","rop_publish_now_accounts":{"facebook_10159540855086992_322828327761733":""},"rop_publish_now_history":[],"rop_publish_now_status":"pending","footnotes":""},"categories":[181],"tags":[121],"class_list":["post-472122","post","type-post","status-publish","format-standard","has-post-thumbnail","hentry","category-huejutla","tag-huejutla","entry"],"_links":{"self":[{"href":"https:\/\/www.zunoticia.com\/noticias-de-hidalgo\/wp-json\/wp\/v2\/posts\/472122","targetHints":{"allow":["GET"]}}],"collection":[{"href":"https:\/\/www.zunoticia.com\/noticias-de-hidalgo\/wp-json\/wp\/v2\/posts"}],"about":[{"href":"https:\/\/www.zunoticia.com\/noticias-de-hidalgo\/wp-json\/wp\/v2\/types\/post"}],"author":[{"embeddable":true,"href":"https:\/\/www.zunoticia.com\/noticias-de-hidalgo\/wp-json\/wp\/v2\/users\/20"}],"replies":[{"embeddable":true,"href":"https:\/\/www.zunoticia.com\/noticias-de-hidalgo\/wp-json\/wp\/v2\/comments?post=472122"}],"version-history":[{"count":1,"href":"https:\/\/www.zunoticia.com\/noticias-de-hidalgo\/wp-json\/wp\/v2\/posts\/472122\/revisions"}],"predecessor-version":[{"id":472124,"href":"https:\/\/www.zunoticia.com\/noticias-de-hidalgo\/wp-json\/wp\/v2\/posts\/472122\/revisions\/472124"}],"wp:featuredmedia":[{"embeddable":true,"href":"https:\/\/www.zunoticia.com\/noticias-de-hidalgo\/wp-json\/wp\/v2\/media\/472123"}],"wp:attachment":[{"href":"https:\/\/www.zunoticia.com\/noticias-de-hidalgo\/wp-json\/wp\/v2\/media?parent=472122"}],"wp:term":[{"taxonomy":"category","embeddable":true,"href":"https:\/\/www.zunoticia.com\/noticias-de-hidalgo\/wp-json\/wp\/v2\/categories?post=472122"},{"taxonomy":"post_tag","embeddable":true,"href":"https:\/\/www.zunoticia.com\/noticias-de-hidalgo\/wp-json\/wp\/v2\/tags?post=472122"}],"curies":[{"name":"wp","href":"https:\/\/api.w.org\/{rel}","templated":true}]}}