{"id":472168,"date":"2023-03-11T19:51:32","date_gmt":"2023-03-12T01:51:32","guid":{"rendered":"https:\/\/www.zunoticia.com\/noticias-de-hidalgo\/?p=472168"},"modified":"2023-03-11T19:51:33","modified_gmt":"2023-03-12T01:51:33","slug":"centro-de-las-artes-inicia-talleres-libres-con-concierto-de-bienvenida","status":"publish","type":"post","link":"https:\/\/www.zunoticia.com\/noticias-de-hidalgo\/2023\/03\/11\/centro-de-las-artes-inicia-talleres-libres-con-concierto-de-bienvenida\/","title":{"rendered":"Centro de las Artes inicia talleres libres con Concierto de Bienvenida"},"content":{"rendered":"<aside class=\"mashsb-container mashsb-main mashsb-stretched\"><div class=\"mashsb-box\"><div class=\"mashsb-count mash-large\" style=\"float:left\"><div class=\"counts mashsbcount\">5<\/div><span class=\"mashsb-sharetext\">SHARES<\/span><\/div><div class=\"mashsb-buttons\"><a class=\"mashicon-facebook mash-large mash-center mashsb-noshadow\" href=\"https:\/\/www.facebook.com\/sharer.php?u=https%3A%2F%2Fwww.zunoticia.com%2Fnoticias-de-hidalgo%2F2023%2F03%2F11%2Fcentro-de-las-artes-inicia-talleres-libres-con-concierto-de-bienvenida%2F\" target=\"_top\" rel=\"nofollow\"><span class=\"icon\"><\/span><span class=\"text\">Share<\/span><\/a><a class=\"mashicon-twitter mash-large mash-center mashsb-noshadow\" href=\"https:\/\/twitter.com\/intent\/tweet?text=&amp;url=https:\/\/www.zunoticia.com\/noticias-de-hidalgo\/2023\/03\/11\/centro-de-las-artes-inicia-talleres-libres-con-concierto-de-bienvenida\/\" target=\"_top\" rel=\"nofollow\"><span class=\"icon\"><\/span><span class=\"text\">Tweet<\/span><\/a><div class=\"onoffswitch2 mash-large mashsb-noshadow\" style=\"display:none\"><\/div><\/div>\n            <\/div>\n                <div style=\"clear:both\"><\/div><div class=\"mashsb-toggle-container\"><\/div><\/aside>\n            <!-- Share buttons by mashshare.net - Version: 4.0.47-->\n<p><\/p>\n\n\n\n<p>\u00b7 La presentaci\u00f3n musical fue realizada por docentes, en la sala Abundio Mart\u00ednez, para inaugurar el Ciclo Febrero &#8211; Junio 2023.<\/p>\n\n\n\n<p><em>Por Redacci\u00f3n\/Zunoticia<\/em><\/p>\n\n\n\n<p><strong>Pachuca de Soto, Hgo.<\/strong> \u2013 La Secretar\u00eda de Cultura, a trav\u00e9s del Cecultah y del Centro de las Artes de Hidalgo, llev\u00f3 a cabo el Concierto de Bienvenida del Ciclo Febrero &#8211; Junio 2023 para las y los alumnos de los talleres libres de las \u00e1reas de danza, teatro, m\u00fasica, artes visuales y literatura.<\/p>\n\n\n\n<p>En su mensaje, Tania Er\u00e9ndira Meza Escorza, secretaria de Cultura, agradeci\u00f3 por la confianza depositada al ingresar a las actividades y enfatiz\u00f3 en que la dependencia estatal logr\u00f3 concretar cada uno de los talleres propuestos.<\/p>\n\n\n\n<p>\u201cA las ni\u00f1as, ni\u00f1os y adolescentes les damos la m\u00e1s cordial bienvenida y les pedimos que nos hagan saber cualquier situaci\u00f3n que ocurra en nuestro Centro que no sea de su agrado, con mucho gusto les vamos a auxiliar porque vamos a escuchar siempre sus voces\u201d, asegur\u00f3 Meza Escorza.<\/p>\n\n\n\n<p>El concierto fue realizado por los docentes Marco Antonio Porras Villalobos, Sandra Roc\u00edo Jim\u00e9nez Ram\u00edrez y Jes\u00fas Castro L\u00f3pez, en la sala Abundio Mart\u00ednez; el programa incluy\u00f3 las piezas Preludio y fuga No. 24, en Si menor, de Johann Sebasti\u00e1n Bach; Gavota, de Manuel Mar\u00eda Ponce; Nocturno en mi menor opus 72 , de Fryderyk Franciszek Chopin; Duo de las flores, de Cl\u00e9ment Philibert L\u00e9o Delibes y Por una cabeza, de Carlos Gardel, por mencionar algunas.<\/p>\n\n\n\n<p>Finalmente, la declaratoria oficial de inicio de los talleres libres estuvo a cargo de Diana Rangel Z\u00fa\u00f1iga, directora del Consejo Estatal para la Cultura y las Artes de Hidalgo (Cecultah), en presencia de la titular de Cultura de Hidalgo, Tania Meza.<\/p>\n\n\n\n<p>Con ello, tambi\u00e9n fueron inaugurados los talleres en los ocho Centros Culturales Regionales, ubicados en Emiliano Zapata, Huejutla, Huichapan, Ixmiquilpan, Mineral del Monte, Tepeapulco, Zacualtip\u00e1n y Zimap\u00e1n.<\/p>\n\n\n\n<figure class=\"wp-block-gallery has-nested-images columns-default is-cropped wp-block-gallery-1 is-layout-flex wp-block-gallery-is-layout-flex\">\n<figure class=\"wp-block-image size-large\"><img fetchpriority=\"high\" decoding=\"async\" width=\"940\" height=\"788\" data-id=\"472170\" src=\"https:\/\/www.zunoticia.com\/noticias-de-hidalgo\/wp-content\/uploads\/2023\/03\/1-7.png\" alt=\"\" class=\"wp-image-472170\" srcset=\"https:\/\/www.zunoticia.com\/noticias-de-hidalgo\/wp-content\/uploads\/2023\/03\/1-7.png 940w, https:\/\/www.zunoticia.com\/noticias-de-hidalgo\/wp-content\/uploads\/2023\/03\/1-7-300x251.png 300w, https:\/\/www.zunoticia.com\/noticias-de-hidalgo\/wp-content\/uploads\/2023\/03\/1-7-768x644.png 768w\" sizes=\"(max-width: 940px) 100vw, 940px\" \/><\/figure>\n<\/figure>\n","protected":false},"excerpt":{"rendered":"<p>\u00b7 La presentaci\u00f3n musical fue realizada por docentes, en la sala Abundio Mart\u00ednez, para inaugurar el Ciclo Febrero &#8211; Junio 2023. Por Redacci\u00f3n\/Zunoticia Pachuca de Soto, Hgo. \u2013 La Secretar\u00eda de Cultura, a trav\u00e9s del Cecultah y del Centro de las Artes de Hidalgo, llev\u00f3 a cabo el Concierto de Bienvenida del Ciclo Febrero &#8211;&hellip; <a class=\"more-link\" href=\"https:\/\/www.zunoticia.com\/noticias-de-hidalgo\/2023\/03\/11\/centro-de-las-artes-inicia-talleres-libres-con-concierto-de-bienvenida\/\">Seguir leyendo <span class=\"screen-reader-text\">Centro de las Artes inicia talleres libres con Concierto de Bienvenida<\/span><\/a><\/p>\n","protected":false},"author":20,"featured_media":472169,"comment_status":"closed","ping_status":"open","sticky":false,"template":"","format":"standard","meta":{"rop_custom_images_group":[],"rop_custom_messages_group":[],"rop_publish_now":"initial","rop_publish_now_accounts":{"facebook_10159540855086992_322828327761733":""},"rop_publish_now_history":[],"rop_publish_now_status":"pending","footnotes":""},"categories":[208],"tags":[214],"class_list":["post-472168","post","type-post","status-publish","format-standard","has-post-thumbnail","hentry","category-estado","tag-estado","entry"],"_links":{"self":[{"href":"https:\/\/www.zunoticia.com\/noticias-de-hidalgo\/wp-json\/wp\/v2\/posts\/472168","targetHints":{"allow":["GET"]}}],"collection":[{"href":"https:\/\/www.zunoticia.com\/noticias-de-hidalgo\/wp-json\/wp\/v2\/posts"}],"about":[{"href":"https:\/\/www.zunoticia.com\/noticias-de-hidalgo\/wp-json\/wp\/v2\/types\/post"}],"author":[{"embeddable":true,"href":"https:\/\/www.zunoticia.com\/noticias-de-hidalgo\/wp-json\/wp\/v2\/users\/20"}],"replies":[{"embeddable":true,"href":"https:\/\/www.zunoticia.com\/noticias-de-hidalgo\/wp-json\/wp\/v2\/comments?post=472168"}],"version-history":[{"count":1,"href":"https:\/\/www.zunoticia.com\/noticias-de-hidalgo\/wp-json\/wp\/v2\/posts\/472168\/revisions"}],"predecessor-version":[{"id":472171,"href":"https:\/\/www.zunoticia.com\/noticias-de-hidalgo\/wp-json\/wp\/v2\/posts\/472168\/revisions\/472171"}],"wp:featuredmedia":[{"embeddable":true,"href":"https:\/\/www.zunoticia.com\/noticias-de-hidalgo\/wp-json\/wp\/v2\/media\/472169"}],"wp:attachment":[{"href":"https:\/\/www.zunoticia.com\/noticias-de-hidalgo\/wp-json\/wp\/v2\/media?parent=472168"}],"wp:term":[{"taxonomy":"category","embeddable":true,"href":"https:\/\/www.zunoticia.com\/noticias-de-hidalgo\/wp-json\/wp\/v2\/categories?post=472168"},{"taxonomy":"post_tag","embeddable":true,"href":"https:\/\/www.zunoticia.com\/noticias-de-hidalgo\/wp-json\/wp\/v2\/tags?post=472168"}],"curies":[{"name":"wp","href":"https:\/\/api.w.org\/{rel}","templated":true}]}}