{"id":472178,"date":"2023-03-11T21:56:19","date_gmt":"2023-03-12T03:56:19","guid":{"rendered":"https:\/\/www.zunoticia.com\/noticias-de-hidalgo\/?p=472178"},"modified":"2023-03-11T21:56:22","modified_gmt":"2023-03-12T03:56:22","slug":"fundacion-cultural-mesenas-trae-a-huejutla-la-feria-municipal-del-libro","status":"publish","type":"post","link":"https:\/\/www.zunoticia.com\/noticias-de-hidalgo\/2023\/03\/11\/fundacion-cultural-mesenas-trae-a-huejutla-la-feria-municipal-del-libro\/","title":{"rendered":"Fundaci\u00f3n Cultural Mesenas trae a Huejutla la feria municipal del libro"},"content":{"rendered":"<aside class=\"mashsb-container mashsb-main mashsb-stretched\"><div class=\"mashsb-box\"><div class=\"mashsb-count mash-large\" style=\"float:left\"><div class=\"counts mashsbcount\">31<\/div><span class=\"mashsb-sharetext\">SHARES<\/span><\/div><div class=\"mashsb-buttons\"><a class=\"mashicon-facebook mash-large mash-center mashsb-noshadow\" href=\"https:\/\/www.facebook.com\/sharer.php?u=https%3A%2F%2Fwww.zunoticia.com%2Fnoticias-de-hidalgo%2F2023%2F03%2F11%2Ffundacion-cultural-mesenas-trae-a-huejutla-la-feria-municipal-del-libro%2F\" target=\"_top\" rel=\"nofollow\"><span class=\"icon\"><\/span><span class=\"text\">Share<\/span><\/a><a class=\"mashicon-twitter mash-large mash-center mashsb-noshadow\" href=\"https:\/\/twitter.com\/intent\/tweet?text=&amp;url=https:\/\/www.zunoticia.com\/noticias-de-hidalgo\/2023\/03\/11\/fundacion-cultural-mesenas-trae-a-huejutla-la-feria-municipal-del-libro\/\" target=\"_top\" rel=\"nofollow\"><span class=\"icon\"><\/span><span class=\"text\">Tweet<\/span><\/a><div class=\"onoffswitch2 mash-large mashsb-noshadow\" style=\"display:none\"><\/div><\/div>\n            <\/div>\n                <div style=\"clear:both\"><\/div><div class=\"mashsb-toggle-container\"><\/div><\/aside>\n            <!-- Share buttons by mashshare.net - Version: 4.0.47-->\n<p><em>Por Karen Rivera\/Zunoticia<\/em><\/p>\n\n\n\n<p><strong>Huejutla, Hgo.-<\/strong> Con la finalidad de nutrir la sabidur\u00eda y desarrollar la imaginaci\u00f3n desde los m\u00e1s peque\u00f1os a los m\u00e1s grandes, el presidente de la Fundaci\u00f3n Cultural Mensenas de Libros A.C, a cargo de Oswaldo Ju\u00e1rez Ortega, en coordinaci\u00f3n con la presidencia huejutlense, lleva a cabo la feria municipal del libro que se desarrollar\u00e1 del 10 al 19 de marzo del a\u00f1o en curso.<\/p>\n\n\n\n<p>En la plaza 21 de mayo se instal\u00f3 una carpa donde se resguardan miles de libros para todas las edades, tambi\u00e9n se encuentran \u00e1reas de juegos did\u00e1cticos, c\u00f3mics, de espirograf\u00eda y el de las ofertas que van desde los $15.00, 3 x 100, 1 x 50, los de 100 y los de 50 pesos.<\/p>\n\n\n\n<p>Entre las gamas de libros se encuentran novelas rom\u00e1nticas, de ficci\u00f3n, de recetas de cocina, herbolaria, as\u00ed como de autores de la talla de Gabriel Garc\u00eda M\u00e1rquez, \u00d3scar Wilde, Miguel de Cervates Saavedra, Paulo Coelho, Ana Frank, entre otros.<\/p>\n\n\n\n<figure class=\"wp-block-image size-large\"><img fetchpriority=\"high\" decoding=\"async\" width=\"1024\" height=\"538\" src=\"https:\/\/www.zunoticia.com\/noticias-de-hidalgo\/wp-content\/uploads\/2023\/03\/feria3-1024x538.jpg\" alt=\"\" class=\"wp-image-472204\" srcset=\"https:\/\/www.zunoticia.com\/noticias-de-hidalgo\/wp-content\/uploads\/2023\/03\/feria3-1024x538.jpg 1024w, https:\/\/www.zunoticia.com\/noticias-de-hidalgo\/wp-content\/uploads\/2023\/03\/feria3-300x158.jpg 300w, https:\/\/www.zunoticia.com\/noticias-de-hidalgo\/wp-content\/uploads\/2023\/03\/feria3-768x403.jpg 768w, https:\/\/www.zunoticia.com\/noticias-de-hidalgo\/wp-content\/uploads\/2023\/03\/feria3.jpg 1200w\" sizes=\"(max-width: 1024px) 100vw, 1024px\" \/><figcaption class=\"wp-element-caption\"><em>Ofertas en libros existentes para todo el p\u00fablico.<\/em><\/figcaption><\/figure>\n\n\n\n<p>De 10:00 de la ma\u00f1ana a 9:00 de la noche la feria del libro brinda atenci\u00f3n al p\u00fablico de todas las edades. Tambi\u00e9n se pueden encontrar libros de la narrativa, poes\u00eda, stand de juguetes did\u00e1cticos, libros t\u00e9cnicos, etc.<\/p>\n\n\n\n<p>Cabe hacer menci\u00f3n que dentro de esta carpa encontrar\u00e1n un escenario donde escritores como Juan Carlos Capetillo, en vivo, leen sus obras y comparten parte de su lectura con los presentes.<\/p>\n\n\n\n<figure class=\"wp-block-image size-large\"><img decoding=\"async\" width=\"1024\" height=\"538\" src=\"https:\/\/www.zunoticia.com\/noticias-de-hidalgo\/wp-content\/uploads\/2023\/03\/feria2-1024x538.jpg\" alt=\"\" class=\"wp-image-472208\" srcset=\"https:\/\/www.zunoticia.com\/noticias-de-hidalgo\/wp-content\/uploads\/2023\/03\/feria2-1024x538.jpg 1024w, https:\/\/www.zunoticia.com\/noticias-de-hidalgo\/wp-content\/uploads\/2023\/03\/feria2-300x158.jpg 300w, https:\/\/www.zunoticia.com\/noticias-de-hidalgo\/wp-content\/uploads\/2023\/03\/feria2-768x403.jpg 768w, https:\/\/www.zunoticia.com\/noticias-de-hidalgo\/wp-content\/uploads\/2023\/03\/feria2.jpg 1200w\" sizes=\"(max-width: 1024px) 100vw, 1024px\" \/><figcaption class=\"wp-element-caption\"><em>Muchos j\u00f3venes est\u00e1n interesados en la lectura.<\/em><\/figcaption><\/figure>\n","protected":false},"excerpt":{"rendered":"<p>Por Karen Rivera\/Zunoticia Huejutla, Hgo.- Con la finalidad de nutrir la sabidur\u00eda y desarrollar la imaginaci\u00f3n desde los m\u00e1s peque\u00f1os a los m\u00e1s grandes, el presidente de la Fundaci\u00f3n Cultural Mensenas de Libros A.C, a cargo de Oswaldo Ju\u00e1rez Ortega, en coordinaci\u00f3n con la presidencia huejutlense, lleva a cabo la feria municipal del libro que&hellip; <a class=\"more-link\" href=\"https:\/\/www.zunoticia.com\/noticias-de-hidalgo\/2023\/03\/11\/fundacion-cultural-mesenas-trae-a-huejutla-la-feria-municipal-del-libro\/\">Seguir leyendo <span class=\"screen-reader-text\">Fundaci\u00f3n Cultural Mesenas trae a Huejutla la feria municipal del libro<\/span><\/a><\/p>\n","protected":false},"author":13,"featured_media":472209,"comment_status":"closed","ping_status":"open","sticky":false,"template":"","format":"standard","meta":{"rop_custom_images_group":[],"rop_custom_messages_group":[],"rop_publish_now":"initial","rop_publish_now_accounts":{"facebook_10159540855086992_322828327761733":""},"rop_publish_now_history":[],"rop_publish_now_status":"pending","footnotes":""},"categories":[181],"tags":[121],"class_list":["post-472178","post","type-post","status-publish","format-standard","has-post-thumbnail","hentry","category-huejutla","tag-huejutla","entry"],"_links":{"self":[{"href":"https:\/\/www.zunoticia.com\/noticias-de-hidalgo\/wp-json\/wp\/v2\/posts\/472178","targetHints":{"allow":["GET"]}}],"collection":[{"href":"https:\/\/www.zunoticia.com\/noticias-de-hidalgo\/wp-json\/wp\/v2\/posts"}],"about":[{"href":"https:\/\/www.zunoticia.com\/noticias-de-hidalgo\/wp-json\/wp\/v2\/types\/post"}],"author":[{"embeddable":true,"href":"https:\/\/www.zunoticia.com\/noticias-de-hidalgo\/wp-json\/wp\/v2\/users\/13"}],"replies":[{"embeddable":true,"href":"https:\/\/www.zunoticia.com\/noticias-de-hidalgo\/wp-json\/wp\/v2\/comments?post=472178"}],"version-history":[{"count":1,"href":"https:\/\/www.zunoticia.com\/noticias-de-hidalgo\/wp-json\/wp\/v2\/posts\/472178\/revisions"}],"predecessor-version":[{"id":472210,"href":"https:\/\/www.zunoticia.com\/noticias-de-hidalgo\/wp-json\/wp\/v2\/posts\/472178\/revisions\/472210"}],"wp:featuredmedia":[{"embeddable":true,"href":"https:\/\/www.zunoticia.com\/noticias-de-hidalgo\/wp-json\/wp\/v2\/media\/472209"}],"wp:attachment":[{"href":"https:\/\/www.zunoticia.com\/noticias-de-hidalgo\/wp-json\/wp\/v2\/media?parent=472178"}],"wp:term":[{"taxonomy":"category","embeddable":true,"href":"https:\/\/www.zunoticia.com\/noticias-de-hidalgo\/wp-json\/wp\/v2\/categories?post=472178"},{"taxonomy":"post_tag","embeddable":true,"href":"https:\/\/www.zunoticia.com\/noticias-de-hidalgo\/wp-json\/wp\/v2\/tags?post=472178"}],"curies":[{"name":"wp","href":"https:\/\/api.w.org\/{rel}","templated":true}]}}