{"id":472786,"date":"2023-03-15T16:36:48","date_gmt":"2023-03-15T22:36:48","guid":{"rendered":"https:\/\/www.zunoticia.com\/noticias-de-hidalgo\/?p=472786"},"modified":"2023-03-15T16:36:49","modified_gmt":"2023-03-15T22:36:49","slug":"alcalde-participa-en-reacomodo-de-comerciantes-semifijos","status":"publish","type":"post","link":"https:\/\/www.zunoticia.com\/noticias-de-hidalgo\/2023\/03\/15\/alcalde-participa-en-reacomodo-de-comerciantes-semifijos\/","title":{"rendered":"Alcalde participa en reacomodo de comerciantes semifijos"},"content":{"rendered":"<aside class=\"mashsb-container mashsb-main mashsb-stretched\"><div class=\"mashsb-box\"><div class=\"mashsb-count mash-large\" style=\"float:left\"><div class=\"counts mashsbcount\">10<\/div><span class=\"mashsb-sharetext\">SHARES<\/span><\/div><div class=\"mashsb-buttons\"><a class=\"mashicon-facebook mash-large mash-center mashsb-noshadow\" href=\"https:\/\/www.facebook.com\/sharer.php?u=https%3A%2F%2Fwww.zunoticia.com%2Fnoticias-de-hidalgo%2F2023%2F03%2F15%2Falcalde-participa-en-reacomodo-de-comerciantes-semifijos%2F\" target=\"_top\" rel=\"nofollow\"><span class=\"icon\"><\/span><span class=\"text\">Share<\/span><\/a><a class=\"mashicon-twitter mash-large mash-center mashsb-noshadow\" href=\"https:\/\/twitter.com\/intent\/tweet?text=&amp;url=https:\/\/www.zunoticia.com\/noticias-de-hidalgo\/2023\/03\/15\/alcalde-participa-en-reacomodo-de-comerciantes-semifijos\/\" target=\"_top\" rel=\"nofollow\"><span class=\"icon\"><\/span><span class=\"text\">Tweet<\/span><\/a><div class=\"onoffswitch2 mash-large mashsb-noshadow\" style=\"display:none\"><\/div><\/div>\n            <\/div>\n                <div style=\"clear:both\"><\/div><div class=\"mashsb-toggle-container\"><\/div><\/aside>\n            <!-- Share buttons by mashshare.net - Version: 4.0.47-->\n<p><\/p>\n\n\n\n<p><em>Por Salvador Altamirano\/Zunoticia<\/em><\/p>\n\n\n\n<p><strong>Huejutla, Hgo.-<\/strong> Con la finalidad de que haya un mejor ordenamiento tendiente a darle fluidez a la circulaci\u00f3n vial, el alcalde Daniel Andrade Zurutuza particip\u00f3 la ma\u00f1ana de este mi\u00e9rcoles a trav\u00e9s del di\u00e1logo, en acciones de reacomodo de comerciantes semifijos que laboran en la Cerrada Hidalgo, de la colonia Santa Irene.<\/p>\n\n\n\n<p>Entrevistado al respecto, el mandatario municipal enfatiz\u00f3 que el reacomodo de comerciantes no es un tema sencillo, muestra de ello, es que hay quienes argumentan que ya tienen mucho tiempo trabajando en esos espacios, m\u00e1s de quince a\u00f1os, lo que seg\u00fan les da derecho de estar ah\u00ed, pero nada m\u00e1s se les est\u00e1 invitando a que se cambien de acera.<\/p>\n\n\n\n<p>Aclarando que no es un gobierno represor, refiri\u00f3 que la intenci\u00f3n es buscar un esquema de trabajo, por lo que se les est\u00e1n dando alternativas, \u201chay algunos que acceden, otros no, pero seguiremos en el di\u00e1logo cordial\u201d.<\/p>\n\n\n\n<p>Agreg\u00f3 que, de no acceder vendr\u00e1n otro tipo de acciones dentro del marco del reglamento, pero para evitarlas seguir\u00e1n en di\u00e1logo con los dirigentes y agremiados de las organizaciones a las que pertenecen, ya que platicando y consensando siempre se llega a un buen t\u00e9rmino.<\/p>\n\n\n\n<p>A pregunta formulada, expres\u00f3 que ya tienen un plan de ordenamiento y desarrollo territorial, hoy est\u00e1n en reglamentaciones en apariencias m\u00e1s sencillas, pero la posesi\u00f3n de lugares en la v\u00eda p\u00fablica es un vicio que tiene 20, 30 a\u00f1os o m\u00e1s y por eso les est\u00e1 costando trabajo.<\/p>\n\n\n\n<p>Para finalizar, Andrade Zurutuza manifest\u00f3 que este jueves tendr\u00e1n una reuni\u00f3n&nbsp; con todos los comerciantes, ya que tampoco respetan los horarios y sitios de recolecci\u00f3n de basura. Y las acciones de reacomodo -acentu\u00f3-, continuar\u00e1n en la Avenida M\u00e9xico y la pr\u00f3xima semana en la Constituyentes.<\/p>\n\n\n\n<p><\/p>\n\n\n\n<p><\/p>\n\n\n\n<figure class=\"wp-block-gallery has-nested-images columns-default is-cropped wp-block-gallery-1 is-layout-flex wp-block-gallery-is-layout-flex\">\n<figure class=\"wp-block-image size-large\"><img fetchpriority=\"high\" decoding=\"async\" width=\"940\" height=\"788\" data-id=\"472790\" src=\"https:\/\/www.zunoticia.com\/noticias-de-hidalgo\/wp-content\/uploads\/2023\/03\/2-34.png\" alt=\"\" class=\"wp-image-472790\" srcset=\"https:\/\/www.zunoticia.com\/noticias-de-hidalgo\/wp-content\/uploads\/2023\/03\/2-34.png 940w, https:\/\/www.zunoticia.com\/noticias-de-hidalgo\/wp-content\/uploads\/2023\/03\/2-34-300x251.png 300w, https:\/\/www.zunoticia.com\/noticias-de-hidalgo\/wp-content\/uploads\/2023\/03\/2-34-768x644.png 768w\" sizes=\"(max-width: 940px) 100vw, 940px\" \/><\/figure>\n\n\n\n<figure class=\"wp-block-image size-large\"><img decoding=\"async\" width=\"940\" height=\"788\" data-id=\"472789\" src=\"https:\/\/www.zunoticia.com\/noticias-de-hidalgo\/wp-content\/uploads\/2023\/03\/1-28.png\" alt=\"\" class=\"wp-image-472789\" srcset=\"https:\/\/www.zunoticia.com\/noticias-de-hidalgo\/wp-content\/uploads\/2023\/03\/1-28.png 940w, https:\/\/www.zunoticia.com\/noticias-de-hidalgo\/wp-content\/uploads\/2023\/03\/1-28-300x251.png 300w, https:\/\/www.zunoticia.com\/noticias-de-hidalgo\/wp-content\/uploads\/2023\/03\/1-28-768x644.png 768w\" sizes=\"(max-width: 940px) 100vw, 940px\" \/><\/figure>\n<\/figure>\n","protected":false},"excerpt":{"rendered":"<p>Por Salvador Altamirano\/Zunoticia Huejutla, Hgo.- Con la finalidad de que haya un mejor ordenamiento tendiente a darle fluidez a la circulaci\u00f3n vial, el alcalde Daniel Andrade Zurutuza particip\u00f3 la ma\u00f1ana de este mi\u00e9rcoles a trav\u00e9s del di\u00e1logo, en acciones de reacomodo de comerciantes semifijos que laboran en la Cerrada Hidalgo, de la colonia Santa Irene.&hellip; <a class=\"more-link\" href=\"https:\/\/www.zunoticia.com\/noticias-de-hidalgo\/2023\/03\/15\/alcalde-participa-en-reacomodo-de-comerciantes-semifijos\/\">Seguir leyendo <span class=\"screen-reader-text\">Alcalde participa en reacomodo de comerciantes semifijos<\/span><\/a><\/p>\n","protected":false},"author":20,"featured_media":472788,"comment_status":"closed","ping_status":"open","sticky":false,"template":"","format":"standard","meta":{"rop_custom_images_group":[],"rop_custom_messages_group":[],"rop_publish_now":"initial","rop_publish_now_accounts":{"facebook_10159540855086992_322828327761733":""},"rop_publish_now_history":[],"rop_publish_now_status":"pending","footnotes":""},"categories":[181],"tags":[121],"class_list":["post-472786","post","type-post","status-publish","format-standard","has-post-thumbnail","hentry","category-huejutla","tag-huejutla","entry"],"_links":{"self":[{"href":"https:\/\/www.zunoticia.com\/noticias-de-hidalgo\/wp-json\/wp\/v2\/posts\/472786","targetHints":{"allow":["GET"]}}],"collection":[{"href":"https:\/\/www.zunoticia.com\/noticias-de-hidalgo\/wp-json\/wp\/v2\/posts"}],"about":[{"href":"https:\/\/www.zunoticia.com\/noticias-de-hidalgo\/wp-json\/wp\/v2\/types\/post"}],"author":[{"embeddable":true,"href":"https:\/\/www.zunoticia.com\/noticias-de-hidalgo\/wp-json\/wp\/v2\/users\/20"}],"replies":[{"embeddable":true,"href":"https:\/\/www.zunoticia.com\/noticias-de-hidalgo\/wp-json\/wp\/v2\/comments?post=472786"}],"version-history":[{"count":2,"href":"https:\/\/www.zunoticia.com\/noticias-de-hidalgo\/wp-json\/wp\/v2\/posts\/472786\/revisions"}],"predecessor-version":[{"id":472792,"href":"https:\/\/www.zunoticia.com\/noticias-de-hidalgo\/wp-json\/wp\/v2\/posts\/472786\/revisions\/472792"}],"wp:featuredmedia":[{"embeddable":true,"href":"https:\/\/www.zunoticia.com\/noticias-de-hidalgo\/wp-json\/wp\/v2\/media\/472788"}],"wp:attachment":[{"href":"https:\/\/www.zunoticia.com\/noticias-de-hidalgo\/wp-json\/wp\/v2\/media?parent=472786"}],"wp:term":[{"taxonomy":"category","embeddable":true,"href":"https:\/\/www.zunoticia.com\/noticias-de-hidalgo\/wp-json\/wp\/v2\/categories?post=472786"},{"taxonomy":"post_tag","embeddable":true,"href":"https:\/\/www.zunoticia.com\/noticias-de-hidalgo\/wp-json\/wp\/v2\/tags?post=472786"}],"curies":[{"name":"wp","href":"https:\/\/api.w.org\/{rel}","templated":true}]}}