{"id":472793,"date":"2023-03-15T16:47:51","date_gmt":"2023-03-15T22:47:51","guid":{"rendered":"https:\/\/www.zunoticia.com\/noticias-de-hidalgo\/?p=472793"},"modified":"2023-03-15T16:47:52","modified_gmt":"2023-03-15T22:47:52","slug":"supuesta-destitucion-del-dirigente-de-la-organizacion-de-comerciantes-laurel","status":"publish","type":"post","link":"https:\/\/www.zunoticia.com\/noticias-de-hidalgo\/2023\/03\/15\/supuesta-destitucion-del-dirigente-de-la-organizacion-de-comerciantes-laurel\/","title":{"rendered":"Supuesta destituci\u00f3n del dirigente de la organizaci\u00f3n de comerciantes LAUREL"},"content":{"rendered":"<aside class=\"mashsb-container mashsb-main mashsb-stretched\"><div class=\"mashsb-box\"><div class=\"mashsb-count mash-large\" style=\"float:left\"><div class=\"counts mashsbcount\">1<\/div><span class=\"mashsb-sharetext\">SHARES<\/span><\/div><div class=\"mashsb-buttons\"><a class=\"mashicon-facebook mash-large mash-center mashsb-noshadow\" href=\"https:\/\/www.facebook.com\/sharer.php?u=https%3A%2F%2Fwww.zunoticia.com%2Fnoticias-de-hidalgo%2F2023%2F03%2F15%2Fsupuesta-destitucion-del-dirigente-de-la-organizacion-de-comerciantes-laurel%2F\" target=\"_top\" rel=\"nofollow\"><span class=\"icon\"><\/span><span class=\"text\">Share<\/span><\/a><a class=\"mashicon-twitter mash-large mash-center mashsb-noshadow\" href=\"https:\/\/twitter.com\/intent\/tweet?text=&amp;url=https:\/\/www.zunoticia.com\/noticias-de-hidalgo\/2023\/03\/15\/supuesta-destitucion-del-dirigente-de-la-organizacion-de-comerciantes-laurel\/\" target=\"_top\" rel=\"nofollow\"><span class=\"icon\"><\/span><span class=\"text\">Tweet<\/span><\/a><div class=\"onoffswitch2 mash-large mashsb-noshadow\" style=\"display:none\"><\/div><\/div>\n            <\/div>\n                <div style=\"clear:both\"><\/div><div class=\"mashsb-toggle-container\"><\/div><\/aside>\n            <!-- Share buttons by mashshare.net - Version: 4.0.47-->\n<p><\/p>\n\n\n\n<p><em>Por Salvador Altamirano\/Zunoticia<\/em><\/p>\n\n\n\n<p><strong>Huejutla, Hgo<\/strong>.- Trascendi\u00f3 la ma\u00f1ana de este mi\u00e9rcoles que en asamblea general efectuada la tarde-noche del martes, por razones que se desconocen, fue destituido de su cargo el dirigente de la organizaci\u00f3n del Mercado LAUREL, Eleuterio Br\u00edgido Mart\u00ednez, supli\u00e9ndolo en el puesto Pedro Hern\u00e1ndez Garnica.<\/p>\n\n\n\n<p>As\u00ed mismo, se tiene conocimiento que el l\u00edder de comerciantes, quien aseguraba que su funci\u00f3n era vitalicia, ya que estaba protocolizada por 99 a\u00f1os, se neg\u00f3 a entregar la documentaci\u00f3n que corresponde a la organizaci\u00f3n.<\/p>\n\n\n\n<p>Indagando al respecto, agremiados del LAUREL, allegados al supuesto destituido dirigente, negaron de manera categ\u00f3rica tal cese, son rumores -dijeron-, \u201cque \u00e9l mismo desmentir\u00e1 cuando regrese del Puerto de Tampico, Tamaulipas, a donde acudi\u00f3 esta ma\u00f1ana a una cita m\u00e9dica\u201d.<\/p>\n\n\n\n<p>Sin embargo, trascendi\u00f3 de otras fuentes que efectivamente Eleuterio Br\u00edgido Mart\u00ednez fue destituido pero se neg\u00f3 a entregar la documentaci\u00f3n, por lo que su gente asegura que sigue ostentando el cargo, pero hay un acta constitutiva firmada por asamblea, entregu\u00e9 los documentos o no, el nuevo dirigente es Pedro Hern\u00e1ndez Garnica.<\/p>\n\n\n\n<figure class=\"wp-block-gallery has-nested-images columns-default is-cropped wp-block-gallery-1 is-layout-flex wp-block-gallery-is-layout-flex\">\n<figure class=\"wp-block-image size-large\"><img fetchpriority=\"high\" decoding=\"async\" width=\"940\" height=\"788\" data-id=\"472795\" src=\"https:\/\/www.zunoticia.com\/noticias-de-hidalgo\/wp-content\/uploads\/2023\/03\/1-29.png\" alt=\"\" class=\"wp-image-472795\" srcset=\"https:\/\/www.zunoticia.com\/noticias-de-hidalgo\/wp-content\/uploads\/2023\/03\/1-29.png 940w, https:\/\/www.zunoticia.com\/noticias-de-hidalgo\/wp-content\/uploads\/2023\/03\/1-29-300x251.png 300w, https:\/\/www.zunoticia.com\/noticias-de-hidalgo\/wp-content\/uploads\/2023\/03\/1-29-768x644.png 768w\" sizes=\"(max-width: 940px) 100vw, 940px\" \/><\/figure>\n<\/figure>\n\n\n\n<p><\/p>\n","protected":false},"excerpt":{"rendered":"<p>Por Salvador Altamirano\/Zunoticia Huejutla, Hgo.- Trascendi\u00f3 la ma\u00f1ana de este mi\u00e9rcoles que en asamblea general efectuada la tarde-noche del martes, por razones que se desconocen, fue destituido de su cargo el dirigente de la organizaci\u00f3n del Mercado LAUREL, Eleuterio Br\u00edgido Mart\u00ednez, supli\u00e9ndolo en el puesto Pedro Hern\u00e1ndez Garnica. As\u00ed mismo, se tiene conocimiento que el&hellip; <a class=\"more-link\" href=\"https:\/\/www.zunoticia.com\/noticias-de-hidalgo\/2023\/03\/15\/supuesta-destitucion-del-dirigente-de-la-organizacion-de-comerciantes-laurel\/\">Seguir leyendo <span class=\"screen-reader-text\">Supuesta destituci\u00f3n del dirigente de la organizaci\u00f3n de comerciantes LAUREL<\/span><\/a><\/p>\n","protected":false},"author":20,"featured_media":472794,"comment_status":"closed","ping_status":"open","sticky":false,"template":"","format":"standard","meta":{"rop_custom_images_group":[],"rop_custom_messages_group":[],"rop_publish_now":"initial","rop_publish_now_accounts":{"facebook_10159540855086992_322828327761733":""},"rop_publish_now_history":[],"rop_publish_now_status":"pending","footnotes":""},"categories":[181],"tags":[121],"class_list":["post-472793","post","type-post","status-publish","format-standard","has-post-thumbnail","hentry","category-huejutla","tag-huejutla","entry"],"_links":{"self":[{"href":"https:\/\/www.zunoticia.com\/noticias-de-hidalgo\/wp-json\/wp\/v2\/posts\/472793","targetHints":{"allow":["GET"]}}],"collection":[{"href":"https:\/\/www.zunoticia.com\/noticias-de-hidalgo\/wp-json\/wp\/v2\/posts"}],"about":[{"href":"https:\/\/www.zunoticia.com\/noticias-de-hidalgo\/wp-json\/wp\/v2\/types\/post"}],"author":[{"embeddable":true,"href":"https:\/\/www.zunoticia.com\/noticias-de-hidalgo\/wp-json\/wp\/v2\/users\/20"}],"replies":[{"embeddable":true,"href":"https:\/\/www.zunoticia.com\/noticias-de-hidalgo\/wp-json\/wp\/v2\/comments?post=472793"}],"version-history":[{"count":1,"href":"https:\/\/www.zunoticia.com\/noticias-de-hidalgo\/wp-json\/wp\/v2\/posts\/472793\/revisions"}],"predecessor-version":[{"id":472796,"href":"https:\/\/www.zunoticia.com\/noticias-de-hidalgo\/wp-json\/wp\/v2\/posts\/472793\/revisions\/472796"}],"wp:featuredmedia":[{"embeddable":true,"href":"https:\/\/www.zunoticia.com\/noticias-de-hidalgo\/wp-json\/wp\/v2\/media\/472794"}],"wp:attachment":[{"href":"https:\/\/www.zunoticia.com\/noticias-de-hidalgo\/wp-json\/wp\/v2\/media?parent=472793"}],"wp:term":[{"taxonomy":"category","embeddable":true,"href":"https:\/\/www.zunoticia.com\/noticias-de-hidalgo\/wp-json\/wp\/v2\/categories?post=472793"},{"taxonomy":"post_tag","embeddable":true,"href":"https:\/\/www.zunoticia.com\/noticias-de-hidalgo\/wp-json\/wp\/v2\/tags?post=472793"}],"curies":[{"name":"wp","href":"https:\/\/api.w.org\/{rel}","templated":true}]}}