{"id":472823,"date":"2023-03-15T18:34:57","date_gmt":"2023-03-16T00:34:57","guid":{"rendered":"https:\/\/www.zunoticia.com\/noticias-de-hidalgo\/?p=472823"},"modified":"2023-03-15T18:34:59","modified_gmt":"2023-03-16T00:34:59","slug":"ciclista-herido-tras-chocar-contra-taxi","status":"publish","type":"post","link":"https:\/\/www.zunoticia.com\/noticias-de-hidalgo\/2023\/03\/15\/ciclista-herido-tras-chocar-contra-taxi\/","title":{"rendered":"Ciclista herido tras chocar contra taxi"},"content":{"rendered":"<aside class=\"mashsb-container mashsb-main mashsb-stretched\"><div class=\"mashsb-box\"><div class=\"mashsb-count mash-large\" style=\"float:left\"><div class=\"counts mashsbcount\">28<\/div><span class=\"mashsb-sharetext\">SHARES<\/span><\/div><div class=\"mashsb-buttons\"><a class=\"mashicon-facebook mash-large mash-center mashsb-noshadow\" href=\"https:\/\/www.facebook.com\/sharer.php?u=https%3A%2F%2Fwww.zunoticia.com%2Fnoticias-de-hidalgo%2F2023%2F03%2F15%2Fciclista-herido-tras-chocar-contra-taxi%2F\" target=\"_top\" rel=\"nofollow\"><span class=\"icon\"><\/span><span class=\"text\">Share<\/span><\/a><a class=\"mashicon-twitter mash-large mash-center mashsb-noshadow\" href=\"https:\/\/twitter.com\/intent\/tweet?text=&amp;url=https:\/\/www.zunoticia.com\/noticias-de-hidalgo\/2023\/03\/15\/ciclista-herido-tras-chocar-contra-taxi\/\" target=\"_top\" rel=\"nofollow\"><span class=\"icon\"><\/span><span class=\"text\">Tweet<\/span><\/a><div class=\"onoffswitch2 mash-large mashsb-noshadow\" style=\"display:none\"><\/div><\/div>\n            <\/div>\n                <div style=\"clear:both\"><\/div><div class=\"mashsb-toggle-container\"><\/div><\/aside>\n            <!-- Share buttons by mashshare.net - Version: 4.0.47-->\n<p><em>Por Francisco Rosas\/Zunoticia<\/em><\/p>\n\n\n\n<p><strong>Huejutla, Hgo.-<\/strong> Con una herida en el rostro y raspones en una pierna, result\u00f3 un ciclista tras chocar contra un taxi que circulaba en la calle Campeche esquina con la calle Sur Uno de la colonia 5 de Mayo de esta ciudad.<\/p>\n\n\n\n<figure class=\"wp-block-image size-large\"><img fetchpriority=\"high\" decoding=\"async\" width=\"1024\" height=\"755\" src=\"https:\/\/www.zunoticia.com\/noticias-de-hidalgo\/wp-content\/uploads\/2023\/03\/Imagen-de-WhatsApp-2023-03-15-a-las-17.58.39-1024x755.jpg\" alt=\"\" class=\"wp-image-472843\" srcset=\"https:\/\/www.zunoticia.com\/noticias-de-hidalgo\/wp-content\/uploads\/2023\/03\/Imagen-de-WhatsApp-2023-03-15-a-las-17.58.39-1024x755.jpg 1024w, https:\/\/www.zunoticia.com\/noticias-de-hidalgo\/wp-content\/uploads\/2023\/03\/Imagen-de-WhatsApp-2023-03-15-a-las-17.58.39-300x221.jpg 300w, https:\/\/www.zunoticia.com\/noticias-de-hidalgo\/wp-content\/uploads\/2023\/03\/Imagen-de-WhatsApp-2023-03-15-a-las-17.58.39-768x566.jpg 768w, https:\/\/www.zunoticia.com\/noticias-de-hidalgo\/wp-content\/uploads\/2023\/03\/Imagen-de-WhatsApp-2023-03-15-a-las-17.58.39.jpg 1280w\" sizes=\"(max-width: 1024px) 100vw, 1024px\" \/><\/figure>\n\n\n\n<p>El accidente ocurri\u00f3 la tarde de este mi\u00e9rcoles y el ciclista lesionado fue identificado con el nombre de Jos\u00e9 Mart\u00edn H. R., de 19 a\u00f1os, con domicilio en la colonia Tecorral de esta ciudad.<\/p>\n\n\n\n<figure class=\"wp-block-image size-large\"><img decoding=\"async\" width=\"1024\" height=\"698\" src=\"https:\/\/www.zunoticia.com\/noticias-de-hidalgo\/wp-content\/uploads\/2023\/03\/Imagen-de-WhatsApp-2023-03-15-a-las-17.58.42-1024x698.jpg\" alt=\"\" class=\"wp-image-472841\" srcset=\"https:\/\/www.zunoticia.com\/noticias-de-hidalgo\/wp-content\/uploads\/2023\/03\/Imagen-de-WhatsApp-2023-03-15-a-las-17.58.42-1024x698.jpg 1024w, https:\/\/www.zunoticia.com\/noticias-de-hidalgo\/wp-content\/uploads\/2023\/03\/Imagen-de-WhatsApp-2023-03-15-a-las-17.58.42-300x204.jpg 300w, https:\/\/www.zunoticia.com\/noticias-de-hidalgo\/wp-content\/uploads\/2023\/03\/Imagen-de-WhatsApp-2023-03-15-a-las-17.58.42-768x523.jpg 768w, https:\/\/www.zunoticia.com\/noticias-de-hidalgo\/wp-content\/uploads\/2023\/03\/Imagen-de-WhatsApp-2023-03-15-a-las-17.58.42.jpg 1280w\" sizes=\"(max-width: 1024px) 100vw, 1024px\" \/><\/figure>\n\n\n\n<p>De acuerdo con la versi\u00f3n de algunos testigos, refieren que el veh\u00edculo de dos ruedas se desplazaba a exceso de velocidad y por falta de precauci\u00f3n del conductor, se estamp\u00f3 a un costado de la puerta del conductor del taxi marcado con el n\u00famero econ\u00f3mico 0396 y placas de circulaci\u00f3n A-936-FUM.<\/p>\n\n\n\n<figure class=\"wp-block-image size-large\"><img decoding=\"async\" width=\"1024\" height=\"641\" src=\"https:\/\/www.zunoticia.com\/noticias-de-hidalgo\/wp-content\/uploads\/2023\/03\/Imagen-de-WhatsApp-2023-03-15-a-las-17.58.43-1024x641.jpg\" alt=\"\" class=\"wp-image-472839\" srcset=\"https:\/\/www.zunoticia.com\/noticias-de-hidalgo\/wp-content\/uploads\/2023\/03\/Imagen-de-WhatsApp-2023-03-15-a-las-17.58.43-1024x641.jpg 1024w, https:\/\/www.zunoticia.com\/noticias-de-hidalgo\/wp-content\/uploads\/2023\/03\/Imagen-de-WhatsApp-2023-03-15-a-las-17.58.43-300x188.jpg 300w, https:\/\/www.zunoticia.com\/noticias-de-hidalgo\/wp-content\/uploads\/2023\/03\/Imagen-de-WhatsApp-2023-03-15-a-las-17.58.43-768x481.jpg 768w, https:\/\/www.zunoticia.com\/noticias-de-hidalgo\/wp-content\/uploads\/2023\/03\/Imagen-de-WhatsApp-2023-03-15-a-las-17.58.43.jpg 1150w\" sizes=\"(max-width: 1024px) 100vw, 1024px\" \/><\/figure>\n\n\n\n<p>Debido al fuerte impacto, el ciclista sali\u00f3 disparado y cay\u00f3 encima del parabrisas de la unidad del alquiler, resultando con una herida cortante en la cara del lado derecho, por lo que fue atendido en el lugar por param\u00e9dicos del Heroico Cuerpo de Bomberos, ya que no fue necesario trasladarlo a un centro hospitalario.<\/p>\n\n\n\n<figure class=\"wp-block-image size-large\"><img loading=\"lazy\" decoding=\"async\" width=\"1024\" height=\"713\" src=\"https:\/\/www.zunoticia.com\/noticias-de-hidalgo\/wp-content\/uploads\/2023\/03\/Imagen-de-WhatsApp-2023-03-15-a-las-17.58.421-1024x713.jpg\" alt=\"\" class=\"wp-image-472840\" srcset=\"https:\/\/www.zunoticia.com\/noticias-de-hidalgo\/wp-content\/uploads\/2023\/03\/Imagen-de-WhatsApp-2023-03-15-a-las-17.58.421-1024x713.jpg 1024w, https:\/\/www.zunoticia.com\/noticias-de-hidalgo\/wp-content\/uploads\/2023\/03\/Imagen-de-WhatsApp-2023-03-15-a-las-17.58.421-300x209.jpg 300w, https:\/\/www.zunoticia.com\/noticias-de-hidalgo\/wp-content\/uploads\/2023\/03\/Imagen-de-WhatsApp-2023-03-15-a-las-17.58.421-768x535.jpg 768w, https:\/\/www.zunoticia.com\/noticias-de-hidalgo\/wp-content\/uploads\/2023\/03\/Imagen-de-WhatsApp-2023-03-15-a-las-17.58.421.jpg 1280w\" sizes=\"(max-width: 1024px) 100vw, 1024px\" \/><\/figure>\n\n\n\n<p>Los conductores involucrados en el percance fueron llevados a la comandancia por agentes de la Secretar\u00eda de Seguridad P\u00fablica y Tr\u00e1nsito Municipal, para que ambos llegaran a un acuerdo para la reparaci\u00f3n de los da\u00f1os materiales.<\/p>\n","protected":false},"excerpt":{"rendered":"<p>Por Francisco Rosas\/Zunoticia Huejutla, Hgo.- Con una herida en el rostro y raspones en una pierna, result\u00f3 un ciclista tras chocar contra un taxi que circulaba en la calle Campeche esquina con la calle Sur Uno de la colonia 5 de Mayo de esta ciudad. El accidente ocurri\u00f3 la tarde de este mi\u00e9rcoles y el&hellip; <a class=\"more-link\" href=\"https:\/\/www.zunoticia.com\/noticias-de-hidalgo\/2023\/03\/15\/ciclista-herido-tras-chocar-contra-taxi\/\">Seguir leyendo <span class=\"screen-reader-text\">Ciclista herido tras chocar contra taxi<\/span><\/a><\/p>\n","protected":false},"author":12,"featured_media":472842,"comment_status":"closed","ping_status":"open","sticky":false,"template":"","format":"standard","meta":{"rop_custom_images_group":[],"rop_custom_messages_group":[],"rop_publish_now":"initial","rop_publish_now_accounts":{"facebook_10159540855086992_322828327761733":""},"rop_publish_now_history":[],"rop_publish_now_status":"pending","footnotes":""},"categories":[178],"tags":[259],"class_list":["post-472823","post","type-post","status-publish","format-standard","has-post-thumbnail","hentry","category-policiaca","tag-policiaca","entry"],"_links":{"self":[{"href":"https:\/\/www.zunoticia.com\/noticias-de-hidalgo\/wp-json\/wp\/v2\/posts\/472823","targetHints":{"allow":["GET"]}}],"collection":[{"href":"https:\/\/www.zunoticia.com\/noticias-de-hidalgo\/wp-json\/wp\/v2\/posts"}],"about":[{"href":"https:\/\/www.zunoticia.com\/noticias-de-hidalgo\/wp-json\/wp\/v2\/types\/post"}],"author":[{"embeddable":true,"href":"https:\/\/www.zunoticia.com\/noticias-de-hidalgo\/wp-json\/wp\/v2\/users\/12"}],"replies":[{"embeddable":true,"href":"https:\/\/www.zunoticia.com\/noticias-de-hidalgo\/wp-json\/wp\/v2\/comments?post=472823"}],"version-history":[{"count":1,"href":"https:\/\/www.zunoticia.com\/noticias-de-hidalgo\/wp-json\/wp\/v2\/posts\/472823\/revisions"}],"predecessor-version":[{"id":472844,"href":"https:\/\/www.zunoticia.com\/noticias-de-hidalgo\/wp-json\/wp\/v2\/posts\/472823\/revisions\/472844"}],"wp:featuredmedia":[{"embeddable":true,"href":"https:\/\/www.zunoticia.com\/noticias-de-hidalgo\/wp-json\/wp\/v2\/media\/472842"}],"wp:attachment":[{"href":"https:\/\/www.zunoticia.com\/noticias-de-hidalgo\/wp-json\/wp\/v2\/media?parent=472823"}],"wp:term":[{"taxonomy":"category","embeddable":true,"href":"https:\/\/www.zunoticia.com\/noticias-de-hidalgo\/wp-json\/wp\/v2\/categories?post=472823"},{"taxonomy":"post_tag","embeddable":true,"href":"https:\/\/www.zunoticia.com\/noticias-de-hidalgo\/wp-json\/wp\/v2\/tags?post=472823"}],"curies":[{"name":"wp","href":"https:\/\/api.w.org\/{rel}","templated":true}]}}