{"id":472847,"date":"2023-03-15T18:56:39","date_gmt":"2023-03-16T00:56:39","guid":{"rendered":"https:\/\/www.zunoticia.com\/noticias-de-hidalgo\/?p=472847"},"modified":"2023-03-15T18:56:40","modified_gmt":"2023-03-16T00:56:40","slug":"conmemoraran-el-109-aniversario-del-natalicio-de-el-rey-del-huapango","status":"publish","type":"post","link":"https:\/\/www.zunoticia.com\/noticias-de-hidalgo\/2023\/03\/15\/conmemoraran-el-109-aniversario-del-natalicio-de-el-rey-del-huapango\/","title":{"rendered":"Conmemorar\u00e1n el 109 aniversario del natalicio de \u201cEl Rey del huapango\u201d"},"content":{"rendered":"<aside class=\"mashsb-container mashsb-main mashsb-stretched\"><div class=\"mashsb-box\"><div class=\"mashsb-count mash-large\" style=\"float:left\"><div class=\"counts mashsbcount\">12<\/div><span class=\"mashsb-sharetext\">SHARES<\/span><\/div><div class=\"mashsb-buttons\"><a class=\"mashicon-facebook mash-large mash-center mashsb-noshadow\" href=\"https:\/\/www.facebook.com\/sharer.php?u=https%3A%2F%2Fwww.zunoticia.com%2Fnoticias-de-hidalgo%2F2023%2F03%2F15%2Fconmemoraran-el-109-aniversario-del-natalicio-de-el-rey-del-huapango%2F\" target=\"_top\" rel=\"nofollow\"><span class=\"icon\"><\/span><span class=\"text\">Share<\/span><\/a><a class=\"mashicon-twitter mash-large mash-center mashsb-noshadow\" href=\"https:\/\/twitter.com\/intent\/tweet?text=&amp;url=https:\/\/www.zunoticia.com\/noticias-de-hidalgo\/2023\/03\/15\/conmemoraran-el-109-aniversario-del-natalicio-de-el-rey-del-huapango\/\" target=\"_top\" rel=\"nofollow\"><span class=\"icon\"><\/span><span class=\"text\">Tweet<\/span><\/a><div class=\"onoffswitch2 mash-large mashsb-noshadow\" style=\"display:none\"><\/div><\/div>\n            <\/div>\n                <div style=\"clear:both\"><\/div><div class=\"mashsb-toggle-container\"><\/div><\/aside>\n            <!-- Share buttons by mashshare.net - Version: 4.0.47-->\n<p><em>Por Karen Rivera\/Zunoticia<\/em><\/p>\n\n\n\n<p><strong>Huejutla, Hgo.-<\/strong> \u00c9ste 17 de marzo del a\u00f1o en curso en la plaza Nicandro Castillo, se llevar\u00e1 a cabo la celebraci\u00f3n del CIX aniversario del natalicio de \u201cEl Rey del Huapango\u201d.<\/p>\n\n\n\n<p>Este evento estar\u00e1 a cargo del ayuntamiento municipal, quien hace extensiva la invitaci\u00f3n a la ciudadan\u00eda para que a partir de las 9:00 de la ma\u00f1ana asista a la Plaza Nicandro Castillo, donde se dejar\u00e1 una ofrenda floral, posteriormente, alrededor de las 10:00 horas se estar\u00e1 realizando la exposici\u00f3n de la vida y obra de este personaje reconocido.<\/p>\n\n\n\n<p>Alrededor de las 17:30 horas en la misma plaza se program\u00f3 un evento art\u00edstico cultural, para concluir con una huapangueada a las 7:00 de la tarde.<\/p>\n\n\n\n<p>Nicandro Castillo G\u00f3mez fue un compositor mexicano de m\u00fasica vern\u00e1cula, naci\u00f3 en Xochiatipan, Estado de Hidalgo, el 17 de marzo de 1914, sus primeros estudios los realiz\u00f3 en el municipio de Molango y se form\u00f3 como profesor normalista en la Escuela Normal de El Mexe.<\/p>\n\n\n\n<p>Su primera composici\u00f3n fue \u201cSi yo pudiera\u201d en 1938, compuso cerca de 100 canciones, varias de ellas tuvieron mucho \u00e9xito, las cuales han sido grabadas por m\u00faltiples artistas y cantantes desde los a\u00f1os 40&#8217;s hasta la actualidad, como Los Tres Ases, Miguel Aceves Mej\u00eda, Pedro Infante, Mar\u00eda de Lourdes, Vicente Fern\u00e1ndez, Los Rogacianos, Los Tres Huastecos, Alberto \u00c1ngel &#8220;El Cuervo&#8221; y Antonio Aguilar, entre otros.<\/p>\n\n\n\n<p>Los temas m\u00e1s exitosos de su autor\u00eda son: \u201cEl Hidalguense\u201d, \u201cLas Tres Huastecas\u201d, \u201cEl Cantador\u201d, \u201cLa Calandria\u201d, \u201cSue\u00f1o\u201d, \u201cEl Alegre\u201d, \u201cEl Huasteco Enamorado\u201d, \u201cFiesta Huasteca\u201d, \u201cEl Gavil\u00e1n Tamaulipeco\u201d, \u201cEl Huasteco\u201d y \u201cMi Huejutla\u201d.<\/p>\n\n\n\n<p>Tambi\u00e9n incursion\u00f3 en grupos musicales e intervino en distintas pel\u00edculas, como \u201cSeda\u201d, \u201cSangre y Sol\u201d y \u201cAs\u00ed se quiere en Jalisco\u201d en compa\u00f1\u00eda de Jorge Negrete, \u201cCuando habla el coraz\u00f3n\u201d, con Pedro Infante y \u201cLa Perla\u201d con Pedro Armend\u00e1riz, entre muchas otras cintas mexicanas.<\/p>\n\n\n\n<p>Perteneci\u00f3 a la agrupaci\u00f3n \u201cLos Plateados\u201d, se presentaron con \u00e9xito en la XEW y grabaron para la RCA V\u00edctor, interpretando b\u00e1sicamente las composiciones de Nicandro Castillo hasta 1949, a\u00f1o en que Nicandro decide retirarse del ambiente art\u00edstico y dedicarse, despu\u00e9s de alg\u00fan tiempo, a la administraci\u00f3n p\u00fablica en su estado natal.<\/p>\n","protected":false},"excerpt":{"rendered":"<p>Por Karen Rivera\/Zunoticia Huejutla, Hgo.- \u00c9ste 17 de marzo del a\u00f1o en curso en la plaza Nicandro Castillo, se llevar\u00e1 a cabo la celebraci\u00f3n del CIX aniversario del natalicio de \u201cEl Rey del Huapango\u201d. Este evento estar\u00e1 a cargo del ayuntamiento municipal, quien hace extensiva la invitaci\u00f3n a la ciudadan\u00eda para que a partir de&hellip; <a class=\"more-link\" href=\"https:\/\/www.zunoticia.com\/noticias-de-hidalgo\/2023\/03\/15\/conmemoraran-el-109-aniversario-del-natalicio-de-el-rey-del-huapango\/\">Seguir leyendo <span class=\"screen-reader-text\">Conmemorar\u00e1n el 109 aniversario del natalicio de \u201cEl Rey del huapango\u201d<\/span><\/a><\/p>\n","protected":false},"author":12,"featured_media":472850,"comment_status":"closed","ping_status":"open","sticky":false,"template":"","format":"standard","meta":{"rop_custom_images_group":[],"rop_custom_messages_group":[],"rop_publish_now":"initial","rop_publish_now_accounts":{"facebook_10159540855086992_322828327761733":""},"rop_publish_now_history":[],"rop_publish_now_status":"pending","footnotes":""},"categories":[181],"tags":[121],"class_list":["post-472847","post","type-post","status-publish","format-standard","has-post-thumbnail","hentry","category-huejutla","tag-huejutla","entry"],"_links":{"self":[{"href":"https:\/\/www.zunoticia.com\/noticias-de-hidalgo\/wp-json\/wp\/v2\/posts\/472847","targetHints":{"allow":["GET"]}}],"collection":[{"href":"https:\/\/www.zunoticia.com\/noticias-de-hidalgo\/wp-json\/wp\/v2\/posts"}],"about":[{"href":"https:\/\/www.zunoticia.com\/noticias-de-hidalgo\/wp-json\/wp\/v2\/types\/post"}],"author":[{"embeddable":true,"href":"https:\/\/www.zunoticia.com\/noticias-de-hidalgo\/wp-json\/wp\/v2\/users\/12"}],"replies":[{"embeddable":true,"href":"https:\/\/www.zunoticia.com\/noticias-de-hidalgo\/wp-json\/wp\/v2\/comments?post=472847"}],"version-history":[{"count":1,"href":"https:\/\/www.zunoticia.com\/noticias-de-hidalgo\/wp-json\/wp\/v2\/posts\/472847\/revisions"}],"predecessor-version":[{"id":472851,"href":"https:\/\/www.zunoticia.com\/noticias-de-hidalgo\/wp-json\/wp\/v2\/posts\/472847\/revisions\/472851"}],"wp:featuredmedia":[{"embeddable":true,"href":"https:\/\/www.zunoticia.com\/noticias-de-hidalgo\/wp-json\/wp\/v2\/media\/472850"}],"wp:attachment":[{"href":"https:\/\/www.zunoticia.com\/noticias-de-hidalgo\/wp-json\/wp\/v2\/media?parent=472847"}],"wp:term":[{"taxonomy":"category","embeddable":true,"href":"https:\/\/www.zunoticia.com\/noticias-de-hidalgo\/wp-json\/wp\/v2\/categories?post=472847"},{"taxonomy":"post_tag","embeddable":true,"href":"https:\/\/www.zunoticia.com\/noticias-de-hidalgo\/wp-json\/wp\/v2\/tags?post=472847"}],"curies":[{"name":"wp","href":"https:\/\/api.w.org\/{rel}","templated":true}]}}