{"id":472856,"date":"2023-03-15T19:28:09","date_gmt":"2023-03-16T01:28:09","guid":{"rendered":"https:\/\/www.zunoticia.com\/noticias-de-hidalgo\/?p=472856"},"modified":"2023-03-15T19:28:10","modified_gmt":"2023-03-16T01:28:10","slug":"vamos-hasta-las-ultimas-consecuencias-advierte-dirigente-de-la-central-de-abasto","status":"publish","type":"post","link":"https:\/\/www.zunoticia.com\/noticias-de-hidalgo\/2023\/03\/15\/vamos-hasta-las-ultimas-consecuencias-advierte-dirigente-de-la-central-de-abasto\/","title":{"rendered":"&#8220;Vamos hasta las \u00faltimas consecuencias&#8221;: Advierte dirigente de la Central de Abasto"},"content":{"rendered":"<aside class=\"mashsb-container mashsb-main mashsb-stretched\"><div class=\"mashsb-box\"><div class=\"mashsb-count mash-large\" style=\"float:left\"><div class=\"counts mashsbcount\">21<\/div><span class=\"mashsb-sharetext\">SHARES<\/span><\/div><div class=\"mashsb-buttons\"><a class=\"mashicon-facebook mash-large mash-center mashsb-noshadow\" href=\"https:\/\/www.facebook.com\/sharer.php?u=https%3A%2F%2Fwww.zunoticia.com%2Fnoticias-de-hidalgo%2F2023%2F03%2F15%2Fvamos-hasta-las-ultimas-consecuencias-advierte-dirigente-de-la-central-de-abasto%2F\" target=\"_top\" rel=\"nofollow\"><span class=\"icon\"><\/span><span class=\"text\">Share<\/span><\/a><a class=\"mashicon-twitter mash-large mash-center mashsb-noshadow\" href=\"https:\/\/twitter.com\/intent\/tweet?text=&amp;url=https:\/\/www.zunoticia.com\/noticias-de-hidalgo\/2023\/03\/15\/vamos-hasta-las-ultimas-consecuencias-advierte-dirigente-de-la-central-de-abasto\/\" target=\"_top\" rel=\"nofollow\"><span class=\"icon\"><\/span><span class=\"text\">Tweet<\/span><\/a><div class=\"onoffswitch2 mash-large mashsb-noshadow\" style=\"display:none\"><\/div><\/div>\n            <\/div>\n                <div style=\"clear:both\"><\/div><div class=\"mashsb-toggle-container\"><\/div><\/aside>\n            <!-- Share buttons by mashshare.net - Version: 4.0.47-->\n<p><em>Por Salvador Altamirano\/Zunoticia<\/em><\/p>\n\n\n\n<p><strong>Huejutla, Hgo.-<\/strong> Entrevistado respecto a la disputa por la posesi\u00f3n de un espacio con los dirigentes de las organizaciones LAUREL y UCTARHH, Eleuterio Br\u00edgido Mart\u00ednez y Alberto Hern\u00e1ndez Bautista, respectivamente, el representante de la Central de Abasto, Aurelio Nava Avil\u00e9s, advirti\u00f3 que defender\u00e1n su derecho hasta las &#8220;\u00faltimas consecuencias&#8221;.<\/p>\n\n\n\n<p>Subray\u00f3 que tiene documentaci\u00f3n que avala que ese predio es para estacionamiento de las tres organizaciones, o sea, Mercado LAUREL, UCTARHH y Central de Abasto, por lo que no van a permitir que los precitados dirigentes de las otras dos organizaciones se salgan con la suya, que vendan esos espacios para la construcci\u00f3n de locales.<\/p>\n\n\n\n<p>Explic\u00f3 que quienes pagaron por los espacios de la Aviaci\u00f3n Civil fueron los agremiados de las tres organizaciones, hay documentos al respecto, no las diligencias en s\u00ed como ellos est\u00e1n argumentando, por lo que intentan despojar hasta a sus agremiados.<\/p>\n\n\n\n<p>A pregunta expresa, remarc\u00f3 que van a defender hasta lo \u00faltimo ese espacio que fue destinado para estacionamiento, y no nada m\u00e1s para los comerciantes, sino tambi\u00e9n para la ciudadan\u00eda en general, incluyendo a los docentes de la escuela primaria del sector.<\/p>\n\n\n\n<p>Asimismo, acentu\u00f3 que ambos dirigentes se han dedicado a invadir espacios que no ocupan, y una muestra de ello son los m\u00faltiples locales abandonados en el Mercado LAUREL, en donde han construido hasta viviendas, lo cual est\u00e1 prohibido en zonas comerciales.<\/p>\n\n\n\n<p>Para finalizar, Nava Avil\u00e9s expres\u00f3 que hay rumores que el Ayuntamiento les quiere dar posesi\u00f3n del predio a ambos dirigentes, por lo que de hacerlo emplazar\u00e1n acciones legales, concretamente un juicio en contra del municipio o de quien resulte responsable.<\/p>\n","protected":false},"excerpt":{"rendered":"<p>Por Salvador Altamirano\/Zunoticia Huejutla, Hgo.- Entrevistado respecto a la disputa por la posesi\u00f3n de un espacio con los dirigentes de las organizaciones LAUREL y UCTARHH, Eleuterio Br\u00edgido Mart\u00ednez y Alberto Hern\u00e1ndez Bautista, respectivamente, el representante de la Central de Abasto, Aurelio Nava Avil\u00e9s, advirti\u00f3 que defender\u00e1n su derecho hasta las &#8220;\u00faltimas consecuencias&#8221;. Subray\u00f3 que tiene&hellip; <a class=\"more-link\" href=\"https:\/\/www.zunoticia.com\/noticias-de-hidalgo\/2023\/03\/15\/vamos-hasta-las-ultimas-consecuencias-advierte-dirigente-de-la-central-de-abasto\/\">Seguir leyendo <span class=\"screen-reader-text\">&#8220;Vamos hasta las \u00faltimas consecuencias&#8221;: Advierte dirigente de la Central de Abasto<\/span><\/a><\/p>\n","protected":false},"author":12,"featured_media":472828,"comment_status":"closed","ping_status":"open","sticky":false,"template":"","format":"standard","meta":{"rop_custom_images_group":[],"rop_custom_messages_group":[],"rop_publish_now":"initial","rop_publish_now_accounts":{"facebook_10159540855086992_322828327761733":""},"rop_publish_now_history":[],"rop_publish_now_status":"pending","footnotes":""},"categories":[181],"tags":[121],"class_list":["post-472856","post","type-post","status-publish","format-standard","has-post-thumbnail","hentry","category-huejutla","tag-huejutla","entry"],"_links":{"self":[{"href":"https:\/\/www.zunoticia.com\/noticias-de-hidalgo\/wp-json\/wp\/v2\/posts\/472856","targetHints":{"allow":["GET"]}}],"collection":[{"href":"https:\/\/www.zunoticia.com\/noticias-de-hidalgo\/wp-json\/wp\/v2\/posts"}],"about":[{"href":"https:\/\/www.zunoticia.com\/noticias-de-hidalgo\/wp-json\/wp\/v2\/types\/post"}],"author":[{"embeddable":true,"href":"https:\/\/www.zunoticia.com\/noticias-de-hidalgo\/wp-json\/wp\/v2\/users\/12"}],"replies":[{"embeddable":true,"href":"https:\/\/www.zunoticia.com\/noticias-de-hidalgo\/wp-json\/wp\/v2\/comments?post=472856"}],"version-history":[{"count":1,"href":"https:\/\/www.zunoticia.com\/noticias-de-hidalgo\/wp-json\/wp\/v2\/posts\/472856\/revisions"}],"predecessor-version":[{"id":472857,"href":"https:\/\/www.zunoticia.com\/noticias-de-hidalgo\/wp-json\/wp\/v2\/posts\/472856\/revisions\/472857"}],"wp:featuredmedia":[{"embeddable":true,"href":"https:\/\/www.zunoticia.com\/noticias-de-hidalgo\/wp-json\/wp\/v2\/media\/472828"}],"wp:attachment":[{"href":"https:\/\/www.zunoticia.com\/noticias-de-hidalgo\/wp-json\/wp\/v2\/media?parent=472856"}],"wp:term":[{"taxonomy":"category","embeddable":true,"href":"https:\/\/www.zunoticia.com\/noticias-de-hidalgo\/wp-json\/wp\/v2\/categories?post=472856"},{"taxonomy":"post_tag","embeddable":true,"href":"https:\/\/www.zunoticia.com\/noticias-de-hidalgo\/wp-json\/wp\/v2\/tags?post=472856"}],"curies":[{"name":"wp","href":"https:\/\/api.w.org\/{rel}","templated":true}]}}