{"id":472883,"date":"2023-03-15T22:24:18","date_gmt":"2023-03-16T04:24:18","guid":{"rendered":"https:\/\/www.zunoticia.com\/noticias-de-hidalgo\/?p=472883"},"modified":"2023-03-15T22:24:21","modified_gmt":"2023-03-16T04:24:21","slug":"buscan-a-200-trabajadores-del-campo-para-california-culiacan-y-jalisco","status":"publish","type":"post","link":"https:\/\/www.zunoticia.com\/noticias-de-hidalgo\/2023\/03\/15\/buscan-a-200-trabajadores-del-campo-para-california-culiacan-y-jalisco\/","title":{"rendered":"Buscan a 200 trabajadores del campo para California, Culiac\u00e1n y Jalisco"},"content":{"rendered":"<aside class=\"mashsb-container mashsb-main mashsb-stretched\"><div class=\"mashsb-box\"><div class=\"mashsb-count mash-large\" style=\"float:left\"><div class=\"counts mashsbcount\">41<\/div><span class=\"mashsb-sharetext\">SHARES<\/span><\/div><div class=\"mashsb-buttons\"><a class=\"mashicon-facebook mash-large mash-center mashsb-noshadow\" href=\"https:\/\/www.facebook.com\/sharer.php?u=https%3A%2F%2Fwww.zunoticia.com%2Fnoticias-de-hidalgo%2F2023%2F03%2F15%2Fbuscan-a-200-trabajadores-del-campo-para-california-culiacan-y-jalisco%2F\" target=\"_top\" rel=\"nofollow\"><span class=\"icon\"><\/span><span class=\"text\">Share<\/span><\/a><a class=\"mashicon-twitter mash-large mash-center mashsb-noshadow\" href=\"https:\/\/twitter.com\/intent\/tweet?text=&amp;url=https:\/\/www.zunoticia.com\/noticias-de-hidalgo\/2023\/03\/15\/buscan-a-200-trabajadores-del-campo-para-california-culiacan-y-jalisco\/\" target=\"_top\" rel=\"nofollow\"><span class=\"icon\"><\/span><span class=\"text\">Tweet<\/span><\/a><div class=\"onoffswitch2 mash-large mashsb-noshadow\" style=\"display:none\"><\/div><\/div>\n            <\/div>\n                <div style=\"clear:both\"><\/div><div class=\"mashsb-toggle-container\"><\/div><\/aside>\n            <!-- Share buttons by mashshare.net - Version: 4.0.47-->\n<p><em>Por Enedino Hern\u00e1ndez\/Zunoticia<\/em><\/p>\n\n\n\n<p><strong>Huejutla, Hgo.-<\/strong> Como parte de las acciones enfocadas en apoyar a los trabajadores del campo de las colonias y comunidades de esta zona de Hidalgo, se apertura un programa del gobierno federal e inicialmente se busca integrar a un promedio de 200 trabajadores del campo interesados en acudir a laborar a Baja California, Culiac\u00e1n y Jalisco, confirma el Director de Proyectos Productivos en Huejutla, David Ch\u00e1vez Hern\u00e1ndez.<\/p>\n\n\n\n<p>Destaca que los interesados pueden solicitar mayor informaci\u00f3n en las \u00e1reas de la Secretar\u00eda de Desarrollo Econ\u00f3mico y en Proyectos Productivos de la Presidencia de Huejutla de Reyes; y esto forma parte de un programa federal de la Secretar\u00eda de Econom\u00eda en donde se pide a los jornaleros que hagan el tr\u00e1mite correspondiente.<\/p>\n\n\n\n<p>Abunda que el apoyo vigente es para 200 trabajadores del campo y para una salida pr\u00f3xima para el 22 de marzo, por lo que es importante que todos los interesados con puntualidad acudan a pedir la informaci\u00f3n necesaria.<\/p>\n\n\n\n<p>David Ch\u00e1vez Hern\u00e1ndez dijo que, en una primera etapa se contempla o espera apoyar a 200 jornaleros agr\u00edcolas, y posteriormente se ir\u00e1 informando de mayores apoyos en etapas posteriores.<\/p>\n\n\n\n<p>Expone que esto forma parte de las gestiones realizadas por el Presidente Municipal de Huejutla en apoyo a los trabajadores del campo y en esta ocasi\u00f3n o primera etapa los interesados pueden acudir al \u00e1rea de Desarrollo Econ\u00f3mico y al \u00e1rea de Proyectos productivos para que se les proporcione la informaci\u00f3n necesaria.<\/p>\n","protected":false},"excerpt":{"rendered":"<p>Por Enedino Hern\u00e1ndez\/Zunoticia Huejutla, Hgo.- Como parte de las acciones enfocadas en apoyar a los trabajadores del campo de las colonias y comunidades de esta zona de Hidalgo, se apertura un programa del gobierno federal e inicialmente se busca integrar a un promedio de 200 trabajadores del campo interesados en acudir a laborar a Baja&hellip; <a class=\"more-link\" href=\"https:\/\/www.zunoticia.com\/noticias-de-hidalgo\/2023\/03\/15\/buscan-a-200-trabajadores-del-campo-para-california-culiacan-y-jalisco\/\">Seguir leyendo <span class=\"screen-reader-text\">Buscan a 200 trabajadores del campo para California, Culiac\u00e1n y Jalisco<\/span><\/a><\/p>\n","protected":false},"author":12,"featured_media":472831,"comment_status":"closed","ping_status":"open","sticky":false,"template":"","format":"standard","meta":{"rop_custom_images_group":[],"rop_custom_messages_group":[],"rop_publish_now":"initial","rop_publish_now_accounts":{"facebook_10159540855086992_322828327761733":""},"rop_publish_now_history":[],"rop_publish_now_status":"pending","footnotes":""},"categories":[181],"tags":[121],"class_list":["post-472883","post","type-post","status-publish","format-standard","has-post-thumbnail","hentry","category-huejutla","tag-huejutla","entry"],"_links":{"self":[{"href":"https:\/\/www.zunoticia.com\/noticias-de-hidalgo\/wp-json\/wp\/v2\/posts\/472883","targetHints":{"allow":["GET"]}}],"collection":[{"href":"https:\/\/www.zunoticia.com\/noticias-de-hidalgo\/wp-json\/wp\/v2\/posts"}],"about":[{"href":"https:\/\/www.zunoticia.com\/noticias-de-hidalgo\/wp-json\/wp\/v2\/types\/post"}],"author":[{"embeddable":true,"href":"https:\/\/www.zunoticia.com\/noticias-de-hidalgo\/wp-json\/wp\/v2\/users\/12"}],"replies":[{"embeddable":true,"href":"https:\/\/www.zunoticia.com\/noticias-de-hidalgo\/wp-json\/wp\/v2\/comments?post=472883"}],"version-history":[{"count":1,"href":"https:\/\/www.zunoticia.com\/noticias-de-hidalgo\/wp-json\/wp\/v2\/posts\/472883\/revisions"}],"predecessor-version":[{"id":472886,"href":"https:\/\/www.zunoticia.com\/noticias-de-hidalgo\/wp-json\/wp\/v2\/posts\/472883\/revisions\/472886"}],"wp:featuredmedia":[{"embeddable":true,"href":"https:\/\/www.zunoticia.com\/noticias-de-hidalgo\/wp-json\/wp\/v2\/media\/472831"}],"wp:attachment":[{"href":"https:\/\/www.zunoticia.com\/noticias-de-hidalgo\/wp-json\/wp\/v2\/media?parent=472883"}],"wp:term":[{"taxonomy":"category","embeddable":true,"href":"https:\/\/www.zunoticia.com\/noticias-de-hidalgo\/wp-json\/wp\/v2\/categories?post=472883"},{"taxonomy":"post_tag","embeddable":true,"href":"https:\/\/www.zunoticia.com\/noticias-de-hidalgo\/wp-json\/wp\/v2\/tags?post=472883"}],"curies":[{"name":"wp","href":"https:\/\/api.w.org\/{rel}","templated":true}]}}