{"id":472919,"date":"2023-03-15T23:54:18","date_gmt":"2023-03-16T05:54:18","guid":{"rendered":"https:\/\/www.zunoticia.com\/noticias-de-hidalgo\/?p=472919"},"modified":"2023-03-15T23:54:19","modified_gmt":"2023-03-16T05:54:19","slug":"cesar-becerra-entrega-aparatos-funcionales","status":"publish","type":"post","link":"https:\/\/www.zunoticia.com\/noticias-de-hidalgo\/2023\/03\/15\/cesar-becerra-entrega-aparatos-funcionales\/","title":{"rendered":"Cesar Becerra entrega aparatos funcionales"},"content":{"rendered":"<aside class=\"mashsb-container mashsb-main mashsb-stretched\"><div class=\"mashsb-box\"><div class=\"mashsb-count mash-large\" style=\"float:left\"><div class=\"counts mashsbcount\">52<\/div><span class=\"mashsb-sharetext\">SHARES<\/span><\/div><div class=\"mashsb-buttons\"><a class=\"mashicon-facebook mash-large mash-center mashsb-noshadow\" href=\"https:\/\/www.facebook.com\/sharer.php?u=https%3A%2F%2Fwww.zunoticia.com%2Fnoticias-de-hidalgo%2F2023%2F03%2F15%2Fcesar-becerra-entrega-aparatos-funcionales%2F\" target=\"_top\" rel=\"nofollow\"><span class=\"icon\"><\/span><span class=\"text\">Share<\/span><\/a><a class=\"mashicon-twitter mash-large mash-center mashsb-noshadow\" href=\"https:\/\/twitter.com\/intent\/tweet?text=&amp;url=https:\/\/www.zunoticia.com\/noticias-de-hidalgo\/2023\/03\/15\/cesar-becerra-entrega-aparatos-funcionales\/\" target=\"_top\" rel=\"nofollow\"><span class=\"icon\"><\/span><span class=\"text\">Tweet<\/span><\/a><div class=\"onoffswitch2 mash-large mashsb-noshadow\" style=\"display:none\"><\/div><\/div>\n            <\/div>\n                <div style=\"clear:both\"><\/div><div class=\"mashsb-toggle-container\"><\/div><\/aside>\n            <!-- Share buttons by mashshare.net - Version: 4.0.47-->\n<p><em>Por \u00c1ngel Silverio\/Zunoticia<\/em><\/p>\n\n\n\n<p><strong>San Felipe Orizatl\u00e1n, Hgo.-<\/strong> Continuando con las gestiones para mejorar la calidad de vida de los orizatlenses que se encuentran en situaciones dif\u00edciles, el presidente del sistema DIF municipal C\u00e9sar Becerra dio a conocer que recientemente hizo entrega de apoyos funcionales.<\/p>\n\n\n\n<p>En entrevista con este medio, el presidente del DIF se\u00f1al\u00f3, -&#8220;Se llev\u00f3 a cabo la entrega de aparatos funcionales a personas vulnerables de diferentes localidades de nuestro municipio, por parte de Cesar Ra\u00fal Becerra, Presidente Honoraria del SMDIF\u201d.<\/p>\n\n\n\n<p>As\u00ed mismo, agradeci\u00f3 a la alcaldesa por estos apoyos, -&#8220;Agradecemos el apoyo que la alcaldesa Erika Saab Lara brinda para que esto pueda ser una realidad, seguiremos trabajando para contribuir con la salud de las y los orizatlenses&#8221;.<\/p>\n\n\n\n<p>El presidente del sistema DIF a\u00f1adi\u00f3 que se contin\u00faa en la gesti\u00f3n diaria para seguir beneficiado a los m\u00e1s desprotegidos del municipio.<\/p>\n","protected":false},"excerpt":{"rendered":"<p>Por \u00c1ngel Silverio\/Zunoticia San Felipe Orizatl\u00e1n, Hgo.- Continuando con las gestiones para mejorar la calidad de vida de los orizatlenses que se encuentran en situaciones dif\u00edciles, el presidente del sistema DIF municipal C\u00e9sar Becerra dio a conocer que recientemente hizo entrega de apoyos funcionales. En entrevista con este medio, el presidente del DIF se\u00f1al\u00f3, -&#8220;Se&hellip; <a class=\"more-link\" href=\"https:\/\/www.zunoticia.com\/noticias-de-hidalgo\/2023\/03\/15\/cesar-becerra-entrega-aparatos-funcionales\/\">Seguir leyendo <span class=\"screen-reader-text\">Cesar Becerra entrega aparatos funcionales<\/span><\/a><\/p>\n","protected":false},"author":12,"featured_media":472848,"comment_status":"closed","ping_status":"open","sticky":false,"template":"","format":"standard","meta":{"rop_custom_images_group":[],"rop_custom_messages_group":[],"rop_publish_now":"initial","rop_publish_now_accounts":{"facebook_10159540855086992_322828327761733":""},"rop_publish_now_history":[],"rop_publish_now_status":"pending","footnotes":""},"categories":[180],"tags":[129],"class_list":["post-472919","post","type-post","status-publish","format-standard","has-post-thumbnail","hentry","category-orizatlan","tag-orizatlan","entry"],"_links":{"self":[{"href":"https:\/\/www.zunoticia.com\/noticias-de-hidalgo\/wp-json\/wp\/v2\/posts\/472919","targetHints":{"allow":["GET"]}}],"collection":[{"href":"https:\/\/www.zunoticia.com\/noticias-de-hidalgo\/wp-json\/wp\/v2\/posts"}],"about":[{"href":"https:\/\/www.zunoticia.com\/noticias-de-hidalgo\/wp-json\/wp\/v2\/types\/post"}],"author":[{"embeddable":true,"href":"https:\/\/www.zunoticia.com\/noticias-de-hidalgo\/wp-json\/wp\/v2\/users\/12"}],"replies":[{"embeddable":true,"href":"https:\/\/www.zunoticia.com\/noticias-de-hidalgo\/wp-json\/wp\/v2\/comments?post=472919"}],"version-history":[{"count":1,"href":"https:\/\/www.zunoticia.com\/noticias-de-hidalgo\/wp-json\/wp\/v2\/posts\/472919\/revisions"}],"predecessor-version":[{"id":472922,"href":"https:\/\/www.zunoticia.com\/noticias-de-hidalgo\/wp-json\/wp\/v2\/posts\/472919\/revisions\/472922"}],"wp:featuredmedia":[{"embeddable":true,"href":"https:\/\/www.zunoticia.com\/noticias-de-hidalgo\/wp-json\/wp\/v2\/media\/472848"}],"wp:attachment":[{"href":"https:\/\/www.zunoticia.com\/noticias-de-hidalgo\/wp-json\/wp\/v2\/media?parent=472919"}],"wp:term":[{"taxonomy":"category","embeddable":true,"href":"https:\/\/www.zunoticia.com\/noticias-de-hidalgo\/wp-json\/wp\/v2\/categories?post=472919"},{"taxonomy":"post_tag","embeddable":true,"href":"https:\/\/www.zunoticia.com\/noticias-de-hidalgo\/wp-json\/wp\/v2\/tags?post=472919"}],"curies":[{"name":"wp","href":"https:\/\/api.w.org\/{rel}","templated":true}]}}