{"id":473302,"date":"2023-03-18T00:19:59","date_gmt":"2023-03-18T06:19:59","guid":{"rendered":"https:\/\/www.zunoticia.com\/noticias-de-hidalgo\/?p=473302"},"modified":"2023-03-18T00:28:40","modified_gmt":"2023-03-18T06:28:40","slug":"espejeando-por-perseo-585","status":"publish","type":"post","link":"https:\/\/www.zunoticia.com\/noticias-de-hidalgo\/2023\/03\/18\/espejeando-por-perseo-585\/","title":{"rendered":"ESPEJEANDO por Perseo"},"content":{"rendered":"<aside class=\"mashsb-container mashsb-main mashsb-stretched\"><div class=\"mashsb-box\"><div class=\"mashsb-count mash-large\" style=\"float:left\"><div class=\"counts mashsbcount\">13<\/div><span class=\"mashsb-sharetext\">SHARES<\/span><\/div><div class=\"mashsb-buttons\"><a class=\"mashicon-facebook mash-large mash-center mashsb-noshadow\" href=\"https:\/\/www.facebook.com\/sharer.php?u=https%3A%2F%2Fwww.zunoticia.com%2Fnoticias-de-hidalgo%2F2023%2F03%2F18%2Fespejeando-por-perseo-585%2F\" target=\"_top\" rel=\"nofollow\"><span class=\"icon\"><\/span><span class=\"text\">Share<\/span><\/a><a class=\"mashicon-twitter mash-large mash-center mashsb-noshadow\" href=\"https:\/\/twitter.com\/intent\/tweet?text=&amp;url=https:\/\/www.zunoticia.com\/noticias-de-hidalgo\/2023\/03\/18\/espejeando-por-perseo-585\/\" target=\"_top\" rel=\"nofollow\"><span class=\"icon\"><\/span><span class=\"text\">Tweet<\/span><\/a><div class=\"onoffswitch2 mash-large mashsb-noshadow\" style=\"display:none\"><\/div><\/div>\n            <\/div>\n                <div style=\"clear:both\"><\/div><div class=\"mashsb-toggle-container\"><\/div><\/aside>\n            <!-- Share buttons by mashshare.net - Version: 4.0.47-->\n<p>\u2022 Una agenda en viernes que el presidente municipal de Huejutla Daniel Andrade encabez\u00f3, como lo fue el arreglo floral por el Aniversario de Don Nicandro Castillo en la Plaza que lleva su nombre Nicandro Castillo, en la que se dieron cita para una fecha tan importante para un hombre que internacionaliz\u00f3 la huasteca, por lo cual nos sentimos orgullosos.<\/p>\n\n\n\n<p>\u2022 Al medio d\u00eda en el programa &#8220;Huejutla Emprende&#8221; en Tradici\u00f3n que se llev\u00f3 a cabo en el kiosco, los novedosos j\u00f3venes que buscan destacar sus proyectos.<\/p>\n\n\n\n<p>\u2022\u2022 A la una en punto la Inauguraci\u00f3n de la Casa de Ciencia que qued\u00f3 instalada en la Biblioteca Municipal y en el que el protagonista invitado fue el alcalde de Mineral de la Reforma Israel F\u00e9lix Soto, con un espacio de verdad fuera de serie por lo que implica el servicio a la ni\u00f1ez.<\/p>\n\n\n\n<p>\u2022\u2022 F\u00e9lix Soto mantiene una inercia de presencia en la regi\u00f3n, m\u00e1s discreto y maduro en pol\u00edtica pues de cada episodio en la vida se aprende.<\/p>\n\n\n\n<p>\u2022\u2022 Sobrio y muy tranquilo asume su escenario, pues el antes y el ahora son muy claros, tiene muchos amigos en la huasteca, pero es otro momento, se vive otro contexto en el que todo es adaptaci\u00f3n y bajo perfil, lo que no lo era, hoy lo es, pero de lo relevante es la instalaci\u00f3n de la Casa de Ciencia Huejutla, la segunda de Latinoam\u00e9rica y aqu\u00ed lo que importan son las buenas acciones en favor de la ni\u00f1ez, los ciudadanos debemos valorar cuando el buen funcionario o ciudadano busca acercar el beneficio para el pr\u00f3jimo.<\/p>\n\n\n\n<p>\u2022\u2022 Por la tarde el Programa Cultural Nicandro Castillo fue emotivo y despu\u00e9s la Huapangueada.<\/p>\n\n\n\n<p>\u2022\u2022\u2022 En Chalahuiyapa el pueblo retom\u00f3 la Coronaci\u00f3n de la Reina de Chalahuiyapa, una tradici\u00f3n que por la pandemia se qued\u00f3 varada pero que el delegado le ha puesto mucho inter\u00e9s a los programas culturales que est\u00e1n generando agrado para los vecinos.<\/p>\n\n\n\n<p>\u2022\u2022\u2022\u2022 Muy activo el subsecretario de Pol\u00edticas P\u00fablicas de la Secretar\u00eda de Desarrollo Social en el gobierno del Estado, Juli\u00e1n Nochebuena Hern\u00e1ndez, quien le ha puesto coraz\u00f3n a las tareas muy cerca de la secretaria de Desarrollo Social, Simey Olvera, quien es una mujer que es aguerrida y bastante sensible a las necesidades del pueblo, no por dos veces ha ocupado la curul federal con triunfos contundentes y es una de las aliadas cercana al pueblo.<\/p>\n\n\n\n<p>\u2022\u2022\u2022\u2022 Ambos funcionarios tienen muy en claro las tareas asignadas por el gobernador del Estado Julio Menchaca Salazar y por supuesto que las pol\u00edticas p\u00fablicas dise\u00f1adas para atender a los ciudadanos llevan el sello y el esp\u00edritu de la Cuarta Transformaci\u00f3n que a Hidalgo le cambiar\u00e1 la historia.<\/p>\n\n\n\n<p>\u2022\u2022\u2022\u2022 Simey es una mujer que causa pol\u00e9mica su presencia porque opaca a muchos, porque su luz genera recelos y en esto de la funci\u00f3n p\u00fablica quienes aspiraban a ese puesto no esperaban a una mujer en un cargo, sobre todo con un alto sentido de sensibilidad social, por eso en una regi\u00f3n como la huasteca con un alto contenido machista, no ha faltado quien le intente borrar la sonrisa.<\/p>\n\n\n<div class=\"wp-block-image\">\n<figure class=\"aligncenter size-large\"><img fetchpriority=\"high\" decoding=\"async\" width=\"1024\" height=\"1024\" src=\"https:\/\/www.zunoticia.com\/noticias-de-hidalgo\/wp-content\/uploads\/2023\/03\/Imagen-de-WhatsApp-2023-03-17-a-las-22.56.28-1024x1024.jpg\" alt=\"\" class=\"wp-image-473248\" srcset=\"https:\/\/www.zunoticia.com\/noticias-de-hidalgo\/wp-content\/uploads\/2023\/03\/Imagen-de-WhatsApp-2023-03-17-a-las-22.56.28-1024x1024.jpg 1024w, https:\/\/www.zunoticia.com\/noticias-de-hidalgo\/wp-content\/uploads\/2023\/03\/Imagen-de-WhatsApp-2023-03-17-a-las-22.56.28-300x300.jpg 300w, https:\/\/www.zunoticia.com\/noticias-de-hidalgo\/wp-content\/uploads\/2023\/03\/Imagen-de-WhatsApp-2023-03-17-a-las-22.56.28-150x150.jpg 150w, https:\/\/www.zunoticia.com\/noticias-de-hidalgo\/wp-content\/uploads\/2023\/03\/Imagen-de-WhatsApp-2023-03-17-a-las-22.56.28-768x768.jpg 768w, https:\/\/www.zunoticia.com\/noticias-de-hidalgo\/wp-content\/uploads\/2023\/03\/Imagen-de-WhatsApp-2023-03-17-a-las-22.56.28-1536x1536.jpg 1536w, https:\/\/www.zunoticia.com\/noticias-de-hidalgo\/wp-content\/uploads\/2023\/03\/Imagen-de-WhatsApp-2023-03-17-a-las-22.56.28-1568x1568.jpg 1568w, https:\/\/www.zunoticia.com\/noticias-de-hidalgo\/wp-content\/uploads\/2023\/03\/Imagen-de-WhatsApp-2023-03-17-a-las-22.56.28.jpg 1599w\" sizes=\"(max-width: 1024px) 100vw, 1024px\" \/><\/figure>\n<\/div>","protected":false},"excerpt":{"rendered":"<p>\u2022 Una agenda en viernes que el presidente municipal de Huejutla Daniel Andrade encabez\u00f3, como lo fue el arreglo floral por el Aniversario de Don Nicandro Castillo en la Plaza que lleva su nombre Nicandro Castillo, en la que se dieron cita para una fecha tan importante para un hombre que internacionaliz\u00f3 la huasteca, por&hellip; <a class=\"more-link\" href=\"https:\/\/www.zunoticia.com\/noticias-de-hidalgo\/2023\/03\/18\/espejeando-por-perseo-585\/\">Seguir leyendo <span class=\"screen-reader-text\">ESPEJEANDO por Perseo<\/span><\/a><\/p>\n","protected":false},"author":12,"featured_media":473271,"comment_status":"closed","ping_status":"open","sticky":false,"template":"","format":"standard","meta":{"rop_custom_images_group":[],"rop_custom_messages_group":[],"rop_publish_now":"initial","rop_publish_now_accounts":{"facebook_10159540855086992_322828327761733":""},"rop_publish_now_history":[],"rop_publish_now_status":"pending","footnotes":""},"categories":[176],"tags":[205],"class_list":["post-473302","post","type-post","status-publish","format-standard","has-post-thumbnail","hentry","category-espejeando","tag-espejeando","entry"],"_links":{"self":[{"href":"https:\/\/www.zunoticia.com\/noticias-de-hidalgo\/wp-json\/wp\/v2\/posts\/473302","targetHints":{"allow":["GET"]}}],"collection":[{"href":"https:\/\/www.zunoticia.com\/noticias-de-hidalgo\/wp-json\/wp\/v2\/posts"}],"about":[{"href":"https:\/\/www.zunoticia.com\/noticias-de-hidalgo\/wp-json\/wp\/v2\/types\/post"}],"author":[{"embeddable":true,"href":"https:\/\/www.zunoticia.com\/noticias-de-hidalgo\/wp-json\/wp\/v2\/users\/12"}],"replies":[{"embeddable":true,"href":"https:\/\/www.zunoticia.com\/noticias-de-hidalgo\/wp-json\/wp\/v2\/comments?post=473302"}],"version-history":[{"count":2,"href":"https:\/\/www.zunoticia.com\/noticias-de-hidalgo\/wp-json\/wp\/v2\/posts\/473302\/revisions"}],"predecessor-version":[{"id":473305,"href":"https:\/\/www.zunoticia.com\/noticias-de-hidalgo\/wp-json\/wp\/v2\/posts\/473302\/revisions\/473305"}],"wp:featuredmedia":[{"embeddable":true,"href":"https:\/\/www.zunoticia.com\/noticias-de-hidalgo\/wp-json\/wp\/v2\/media\/473271"}],"wp:attachment":[{"href":"https:\/\/www.zunoticia.com\/noticias-de-hidalgo\/wp-json\/wp\/v2\/media?parent=473302"}],"wp:term":[{"taxonomy":"category","embeddable":true,"href":"https:\/\/www.zunoticia.com\/noticias-de-hidalgo\/wp-json\/wp\/v2\/categories?post=473302"},{"taxonomy":"post_tag","embeddable":true,"href":"https:\/\/www.zunoticia.com\/noticias-de-hidalgo\/wp-json\/wp\/v2\/tags?post=473302"}],"curies":[{"name":"wp","href":"https:\/\/api.w.org\/{rel}","templated":true}]}}