{"id":473318,"date":"2023-03-18T13:52:42","date_gmt":"2023-03-18T19:52:42","guid":{"rendered":"https:\/\/www.zunoticia.com\/noticias-de-hidalgo\/?p=473318"},"modified":"2023-03-18T14:00:45","modified_gmt":"2023-03-18T20:00:45","slug":"delegacion-de-casa-de-la-cultura-acudira-a-festival-toltequino-2023","status":"publish","type":"post","link":"https:\/\/www.zunoticia.com\/noticias-de-hidalgo\/2023\/03\/18\/delegacion-de-casa-de-la-cultura-acudira-a-festival-toltequino-2023\/","title":{"rendered":"Delegaci\u00f3n de Casa de la Cultura acudir\u00e1 a &#8220;Festival Toltequino 2023&#8221;"},"content":{"rendered":"<aside class=\"mashsb-container mashsb-main mashsb-stretched\"><div class=\"mashsb-box\"><div class=\"mashsb-count mash-large\" style=\"float:left\"><div class=\"counts mashsbcount\">19<\/div><span class=\"mashsb-sharetext\">SHARES<\/span><\/div><div class=\"mashsb-buttons\"><a class=\"mashicon-facebook mash-large mash-center mashsb-noshadow\" href=\"https:\/\/www.facebook.com\/sharer.php?u=https%3A%2F%2Fwww.zunoticia.com%2Fnoticias-de-hidalgo%2F2023%2F03%2F18%2Fdelegacion-de-casa-de-la-cultura-acudira-a-festival-toltequino-2023%2F\" target=\"_top\" rel=\"nofollow\"><span class=\"icon\"><\/span><span class=\"text\">Share<\/span><\/a><a class=\"mashicon-twitter mash-large mash-center mashsb-noshadow\" href=\"https:\/\/twitter.com\/intent\/tweet?text=&amp;url=https:\/\/www.zunoticia.com\/noticias-de-hidalgo\/2023\/03\/18\/delegacion-de-casa-de-la-cultura-acudira-a-festival-toltequino-2023\/\" target=\"_top\" rel=\"nofollow\"><span class=\"icon\"><\/span><span class=\"text\">Tweet<\/span><\/a><div class=\"onoffswitch2 mash-large mashsb-noshadow\" style=\"display:none\"><\/div><\/div>\n            <\/div>\n                <div style=\"clear:both\"><\/div><div class=\"mashsb-toggle-container\"><\/div><\/aside>\n            <!-- Share buttons by mashshare.net - Version: 4.0.47-->\n<p><\/p>\n\n\n\n<p><em>Por Salvador Altamirano\/Zunoticia<\/em><\/p>\n\n\n\n<p><strong>Huejutla, Hgo<\/strong>.- \u201cEn el marco del proyecto cultural del presidente municipal, Daniel Andrade Zurutuza, una de las prioridades es el intercambio de visitas reciprocas con municipios hermanos del norte de Veracruz, nuestra regi\u00f3n huasteca y del Estado de Hidalgo, por lo que el pr\u00f3ximo martes, 21 de marzo, acudiremos al Festival Toltequino 2023, en Tula de Allende\u201d.<\/p>\n\n\n\n<p>Lo anterior, fue expresado por el director de Casa de Cultura, Melit\u00f3n Mart\u00ednez Hern\u00e1ndez, quien agreg\u00f3 que a invitaci\u00f3n expresa acudir\u00e1n al denotado evento por tercera ocasi\u00f3n, en visita rec\u00edproca, ya que una representaci\u00f3n cultural de esa ciudad particip\u00f3 en Huejutla durante el pasado festejo de Xantolo.<\/p>\n\n\n\n<p>A pregunta formulada, detall\u00f3 que llevar\u00e1n una demostraci\u00f3n art\u00edstica-cultural de lo que tenemos como huejutlenses y como regi\u00f3n huasteca, consistente en un contingente de m\u00fasicos y bailarines, que engalanar\u00e1n con su actuaci\u00f3n el evento en donde se recibir\u00e1 el equinoccio de primavera.<\/p>\n\n\n\n<p>Agreg\u00f3 que, en las dos anteriores ocasiones que la delegaci\u00f3n cultural de Huejutla ha asistido al Festival Toltequino, sus recibimientos han sido muy sorprendentes, as\u00ed como la hospitalidad que nos han brindado. Las atenciones que ha tenido Tula con Huejutla -acentu\u00f3-, ha sido la fortaleza que ha unificado m\u00e1s el intercambio cultural entre ambos municipios.<\/p>\n\n\n\n<p>Para finalizar, Mart\u00ednez Hern\u00e1ndez especific\u00f3 que el \u00fanico objetivo de los intercambios culturales con otros municipios es promover nuestra cultura, por lo que seguir\u00e1n buscando otras relaciones ya que como huejutlenses y huastecos, tenemos mucho que ofrecer y mostrarle al mundo.<\/p>\n\n\n\n<p><\/p>\n\n\n\n<p><\/p>\n\n\n\n<p><\/p>\n\n\n\n<p><\/p>\n\n\n\n<figure class=\"wp-block-gallery has-nested-images columns-default is-cropped wp-block-gallery-1 is-layout-flex wp-block-gallery-is-layout-flex\">\n<figure class=\"wp-block-image size-large\"><img fetchpriority=\"high\" decoding=\"async\" width=\"940\" height=\"788\" data-id=\"473321\" src=\"https:\/\/www.zunoticia.com\/noticias-de-hidalgo\/wp-content\/uploads\/2023\/03\/Diseno-sin-titulo-173.png\" alt=\"\" class=\"wp-image-473321\" srcset=\"https:\/\/www.zunoticia.com\/noticias-de-hidalgo\/wp-content\/uploads\/2023\/03\/Diseno-sin-titulo-173.png 940w, https:\/\/www.zunoticia.com\/noticias-de-hidalgo\/wp-content\/uploads\/2023\/03\/Diseno-sin-titulo-173-300x251.png 300w, https:\/\/www.zunoticia.com\/noticias-de-hidalgo\/wp-content\/uploads\/2023\/03\/Diseno-sin-titulo-173-768x644.png 768w\" sizes=\"(max-width: 940px) 100vw, 940px\" \/><\/figure>\n<\/figure>\n","protected":false},"excerpt":{"rendered":"<p>Por Salvador Altamirano\/Zunoticia Huejutla, Hgo.- \u201cEn el marco del proyecto cultural del presidente municipal, Daniel Andrade Zurutuza, una de las prioridades es el intercambio de visitas reciprocas con municipios hermanos del norte de Veracruz, nuestra regi\u00f3n huasteca y del Estado de Hidalgo, por lo que el pr\u00f3ximo martes, 21 de marzo, acudiremos al Festival Toltequino&hellip; <a class=\"more-link\" href=\"https:\/\/www.zunoticia.com\/noticias-de-hidalgo\/2023\/03\/18\/delegacion-de-casa-de-la-cultura-acudira-a-festival-toltequino-2023\/\">Seguir leyendo <span class=\"screen-reader-text\">Delegaci\u00f3n de Casa de la Cultura acudir\u00e1 a &#8220;Festival Toltequino 2023&#8221;<\/span><\/a><\/p>\n","protected":false},"author":20,"featured_media":473319,"comment_status":"closed","ping_status":"open","sticky":false,"template":"","format":"standard","meta":{"rop_custom_images_group":[],"rop_custom_messages_group":[],"rop_publish_now":"initial","rop_publish_now_accounts":{"facebook_10159540855086992_322828327761733":""},"rop_publish_now_history":[],"rop_publish_now_status":"pending","footnotes":""},"categories":[181],"tags":[121],"class_list":["post-473318","post","type-post","status-publish","format-standard","has-post-thumbnail","hentry","category-huejutla","tag-huejutla","entry"],"_links":{"self":[{"href":"https:\/\/www.zunoticia.com\/noticias-de-hidalgo\/wp-json\/wp\/v2\/posts\/473318","targetHints":{"allow":["GET"]}}],"collection":[{"href":"https:\/\/www.zunoticia.com\/noticias-de-hidalgo\/wp-json\/wp\/v2\/posts"}],"about":[{"href":"https:\/\/www.zunoticia.com\/noticias-de-hidalgo\/wp-json\/wp\/v2\/types\/post"}],"author":[{"embeddable":true,"href":"https:\/\/www.zunoticia.com\/noticias-de-hidalgo\/wp-json\/wp\/v2\/users\/20"}],"replies":[{"embeddable":true,"href":"https:\/\/www.zunoticia.com\/noticias-de-hidalgo\/wp-json\/wp\/v2\/comments?post=473318"}],"version-history":[{"count":2,"href":"https:\/\/www.zunoticia.com\/noticias-de-hidalgo\/wp-json\/wp\/v2\/posts\/473318\/revisions"}],"predecessor-version":[{"id":473322,"href":"https:\/\/www.zunoticia.com\/noticias-de-hidalgo\/wp-json\/wp\/v2\/posts\/473318\/revisions\/473322"}],"wp:featuredmedia":[{"embeddable":true,"href":"https:\/\/www.zunoticia.com\/noticias-de-hidalgo\/wp-json\/wp\/v2\/media\/473319"}],"wp:attachment":[{"href":"https:\/\/www.zunoticia.com\/noticias-de-hidalgo\/wp-json\/wp\/v2\/media?parent=473318"}],"wp:term":[{"taxonomy":"category","embeddable":true,"href":"https:\/\/www.zunoticia.com\/noticias-de-hidalgo\/wp-json\/wp\/v2\/categories?post=473318"},{"taxonomy":"post_tag","embeddable":true,"href":"https:\/\/www.zunoticia.com\/noticias-de-hidalgo\/wp-json\/wp\/v2\/tags?post=473318"}],"curies":[{"name":"wp","href":"https:\/\/api.w.org\/{rel}","templated":true}]}}