{"id":473327,"date":"2023-03-18T14:39:17","date_gmt":"2023-03-18T20:39:17","guid":{"rendered":"https:\/\/www.zunoticia.com\/noticias-de-hidalgo\/?p=473327"},"modified":"2023-03-18T14:39:18","modified_gmt":"2023-03-18T20:39:18","slug":"ayuntamiento-conmemoro-85-aniv-de-expropiacion-petrolera","status":"publish","type":"post","link":"https:\/\/www.zunoticia.com\/noticias-de-hidalgo\/2023\/03\/18\/ayuntamiento-conmemoro-85-aniv-de-expropiacion-petrolera\/","title":{"rendered":"Ayuntamiento conmemor\u00f3 85 aniv. de expropiaci\u00f3n petrolera"},"content":{"rendered":"<aside class=\"mashsb-container mashsb-main mashsb-stretched\"><div class=\"mashsb-box\"><div class=\"mashsb-count mash-large\" style=\"float:left\"><div class=\"counts mashsbcount\">21<\/div><span class=\"mashsb-sharetext\">SHARES<\/span><\/div><div class=\"mashsb-buttons\"><a class=\"mashicon-facebook mash-large mash-center mashsb-noshadow\" href=\"https:\/\/www.facebook.com\/sharer.php?u=https%3A%2F%2Fwww.zunoticia.com%2Fnoticias-de-hidalgo%2F2023%2F03%2F18%2Fayuntamiento-conmemoro-85-aniv-de-expropiacion-petrolera%2F\" target=\"_top\" rel=\"nofollow\"><span class=\"icon\"><\/span><span class=\"text\">Share<\/span><\/a><a class=\"mashicon-twitter mash-large mash-center mashsb-noshadow\" href=\"https:\/\/twitter.com\/intent\/tweet?text=&amp;url=https:\/\/www.zunoticia.com\/noticias-de-hidalgo\/2023\/03\/18\/ayuntamiento-conmemoro-85-aniv-de-expropiacion-petrolera\/\" target=\"_top\" rel=\"nofollow\"><span class=\"icon\"><\/span><span class=\"text\">Tweet<\/span><\/a><div class=\"onoffswitch2 mash-large mashsb-noshadow\" style=\"display:none\"><\/div><\/div>\n            <\/div>\n                <div style=\"clear:both\"><\/div><div class=\"mashsb-toggle-container\"><\/div><\/aside>\n            <!-- Share buttons by mashshare.net - Version: 4.0.47-->\n<p><\/p>\n\n\n\n<p><em>Por Salvador Altamirano\/Zunoticia<\/em><\/p>\n\n\n\n<p><strong>Huejutla, Hgo<\/strong>.- El ayuntamiento que preside Daniel Andrade Zurutuza, conmemor\u00f3 este s\u00e1bado el 85 aniversario de la &#8220;Expropiaci\u00f3n petrolera en M\u00e9xico&#8221;, decreto promulgado el 18 de marzo de 1938 por el entonces presidente de la Rep\u00fablica, General L\u00e1zaro C\u00e1rdenas del R\u00edo.<\/p>\n\n\n\n<p>Al sencillo pero emotivo evento, que tuvo efecto a las 08:00 horas en la plaza de la Revoluci\u00f3n Mexicana, acudi\u00f3 el mandatario municipal quien estuvo acompa\u00f1ado por funcionarios de su gabinete, y representantes de la Subsecretar\u00eda de Gobierno en la Huasteca y de la oficina regional de la Secretar\u00eda de Educaci\u00f3n P\u00fablica (SEP).<\/p>\n\n\n\n<p>Durante la lectura de la rese\u00f1a hist\u00f3rica, se detall\u00f3 que el decreto consisti\u00f3 en la expropiaci\u00f3n legal de maquinaria, instalaciones de distribuci\u00f3n, edificios, refiner\u00edas, embarcaciones, oleoductos y todos los bienes muebles e inmuebles de las compa\u00f1\u00edas en M\u00e9xico, as\u00ed como de sus filiales y subsidiarias.<\/p>\n\n\n\n<p>Agreg\u00f3 que as\u00ed mismo, la expropiaci\u00f3n estableci\u00f3 que el Estado Mexicano tendr\u00eda control total sobre la producci\u00f3n y comercializaci\u00f3n del petr\u00f3leo en territorio nacional, es decir, mar y tierra, lo que gener\u00f3 que el gobierno obtuviera m\u00e1s recursos econ\u00f3micos, con los cuales se fortalecer\u00edan las finanzas p\u00fablicas.<\/p>\n\n\n\n<p>Es oportuno mencionar, que el acto c\u00edvico, como lo rige el protocolo, inici\u00f3 con la solemne entonaci\u00f3n del Himno Nacional e izamiento del L\u00e1baro Patrio, el cual fue portado con gallard\u00eda por la escolta de Seguridad P\u00fablica Municipal, que lo entreg\u00f3 al alcalde para su consiguiente izamiento.<\/p>\n\n\n\n<figure class=\"wp-block-gallery has-nested-images columns-default is-cropped wp-block-gallery-1 is-layout-flex wp-block-gallery-is-layout-flex\">\n<figure class=\"wp-block-image size-large\"><img fetchpriority=\"high\" decoding=\"async\" width=\"940\" height=\"788\" data-id=\"473329\" src=\"https:\/\/www.zunoticia.com\/noticias-de-hidalgo\/wp-content\/uploads\/2023\/03\/1-50.png\" alt=\"\" class=\"wp-image-473329\" srcset=\"https:\/\/www.zunoticia.com\/noticias-de-hidalgo\/wp-content\/uploads\/2023\/03\/1-50.png 940w, https:\/\/www.zunoticia.com\/noticias-de-hidalgo\/wp-content\/uploads\/2023\/03\/1-50-300x251.png 300w, https:\/\/www.zunoticia.com\/noticias-de-hidalgo\/wp-content\/uploads\/2023\/03\/1-50-768x644.png 768w\" sizes=\"(max-width: 940px) 100vw, 940px\" \/><\/figure>\n<\/figure>\n\n\n\n<p><\/p>\n","protected":false},"excerpt":{"rendered":"<p>Por Salvador Altamirano\/Zunoticia Huejutla, Hgo.- El ayuntamiento que preside Daniel Andrade Zurutuza, conmemor\u00f3 este s\u00e1bado el 85 aniversario de la &#8220;Expropiaci\u00f3n petrolera en M\u00e9xico&#8221;, decreto promulgado el 18 de marzo de 1938 por el entonces presidente de la Rep\u00fablica, General L\u00e1zaro C\u00e1rdenas del R\u00edo. Al sencillo pero emotivo evento, que tuvo efecto a las 08:00&hellip; <a class=\"more-link\" href=\"https:\/\/www.zunoticia.com\/noticias-de-hidalgo\/2023\/03\/18\/ayuntamiento-conmemoro-85-aniv-de-expropiacion-petrolera\/\">Seguir leyendo <span class=\"screen-reader-text\">Ayuntamiento conmemor\u00f3 85 aniv. de expropiaci\u00f3n petrolera<\/span><\/a><\/p>\n","protected":false},"author":20,"featured_media":473328,"comment_status":"closed","ping_status":"open","sticky":false,"template":"","format":"standard","meta":{"rop_custom_images_group":[],"rop_custom_messages_group":[],"rop_publish_now":"initial","rop_publish_now_accounts":{"facebook_10159540855086992_322828327761733":""},"rop_publish_now_history":[],"rop_publish_now_status":"pending","footnotes":""},"categories":[181],"tags":[121],"class_list":["post-473327","post","type-post","status-publish","format-standard","has-post-thumbnail","hentry","category-huejutla","tag-huejutla","entry"],"_links":{"self":[{"href":"https:\/\/www.zunoticia.com\/noticias-de-hidalgo\/wp-json\/wp\/v2\/posts\/473327","targetHints":{"allow":["GET"]}}],"collection":[{"href":"https:\/\/www.zunoticia.com\/noticias-de-hidalgo\/wp-json\/wp\/v2\/posts"}],"about":[{"href":"https:\/\/www.zunoticia.com\/noticias-de-hidalgo\/wp-json\/wp\/v2\/types\/post"}],"author":[{"embeddable":true,"href":"https:\/\/www.zunoticia.com\/noticias-de-hidalgo\/wp-json\/wp\/v2\/users\/20"}],"replies":[{"embeddable":true,"href":"https:\/\/www.zunoticia.com\/noticias-de-hidalgo\/wp-json\/wp\/v2\/comments?post=473327"}],"version-history":[{"count":1,"href":"https:\/\/www.zunoticia.com\/noticias-de-hidalgo\/wp-json\/wp\/v2\/posts\/473327\/revisions"}],"predecessor-version":[{"id":473330,"href":"https:\/\/www.zunoticia.com\/noticias-de-hidalgo\/wp-json\/wp\/v2\/posts\/473327\/revisions\/473330"}],"wp:featuredmedia":[{"embeddable":true,"href":"https:\/\/www.zunoticia.com\/noticias-de-hidalgo\/wp-json\/wp\/v2\/media\/473328"}],"wp:attachment":[{"href":"https:\/\/www.zunoticia.com\/noticias-de-hidalgo\/wp-json\/wp\/v2\/media?parent=473327"}],"wp:term":[{"taxonomy":"category","embeddable":true,"href":"https:\/\/www.zunoticia.com\/noticias-de-hidalgo\/wp-json\/wp\/v2\/categories?post=473327"},{"taxonomy":"post_tag","embeddable":true,"href":"https:\/\/www.zunoticia.com\/noticias-de-hidalgo\/wp-json\/wp\/v2\/tags?post=473327"}],"curies":[{"name":"wp","href":"https:\/\/api.w.org\/{rel}","templated":true}]}}