{"id":473331,"date":"2023-03-18T15:30:32","date_gmt":"2023-03-18T21:30:32","guid":{"rendered":"https:\/\/www.zunoticia.com\/noticias-de-hidalgo\/?p=473331"},"modified":"2023-03-18T15:30:34","modified_gmt":"2023-03-18T21:30:34","slug":"espera-sector-empresarial-incrementar-actividad-comercial-para-semana-santa","status":"publish","type":"post","link":"https:\/\/www.zunoticia.com\/noticias-de-hidalgo\/2023\/03\/18\/espera-sector-empresarial-incrementar-actividad-comercial-para-semana-santa\/","title":{"rendered":"Espera Sector Empresarial incrementar actividad comercial para Semana Santa"},"content":{"rendered":"<aside class=\"mashsb-container mashsb-main mashsb-stretched\"><div class=\"mashsb-box\"><div class=\"mashsb-count mash-large\" style=\"float:left\"><div class=\"counts mashsbcount\">10<\/div><span class=\"mashsb-sharetext\">SHARES<\/span><\/div><div class=\"mashsb-buttons\"><a class=\"mashicon-facebook mash-large mash-center mashsb-noshadow\" href=\"https:\/\/www.facebook.com\/sharer.php?u=https%3A%2F%2Fwww.zunoticia.com%2Fnoticias-de-hidalgo%2F2023%2F03%2F18%2Fespera-sector-empresarial-incrementar-actividad-comercial-para-semana-santa%2F\" target=\"_top\" rel=\"nofollow\"><span class=\"icon\"><\/span><span class=\"text\">Share<\/span><\/a><a class=\"mashicon-twitter mash-large mash-center mashsb-noshadow\" href=\"https:\/\/twitter.com\/intent\/tweet?text=&amp;url=https:\/\/www.zunoticia.com\/noticias-de-hidalgo\/2023\/03\/18\/espera-sector-empresarial-incrementar-actividad-comercial-para-semana-santa\/\" target=\"_top\" rel=\"nofollow\"><span class=\"icon\"><\/span><span class=\"text\">Tweet<\/span><\/a><div class=\"onoffswitch2 mash-large mashsb-noshadow\" style=\"display:none\"><\/div><\/div>\n            <\/div>\n                <div style=\"clear:both\"><\/div><div class=\"mashsb-toggle-container\"><\/div><\/aside>\n            <!-- Share buttons by mashshare.net - Version: 4.0.47-->\n<p><\/p>\n\n\n\n<p><em>Por Enedino Hern\u00e1ndez\/Zunoticia<\/em><\/p>\n\n\n\n<p><strong>Huejutla, Hgo.-<\/strong> \u201cPara el periodo vacacional de la Semana Santa 2023 se espera contar con una buena cantidad de vacacionistas y visitantes a esta zona de Hidalgo, quienes de seguro habr\u00e1n de reactivar la actividad comercial en la regi\u00f3n, por lo que todos los empresarios comerciantes deben mantenerse bien preparados para este periodo\u201d, expone el representante del Sector Empresarial en Huejutla, Luis Enrique Camargo.<\/p>\n\n\n\n<p>Dijo que, los visitantes deben de obtener una buena atenci\u00f3n y servicio, adem\u00e1s de recibir productos de calidad y a buenos precios, as\u00ed como una atenci\u00f3n c\u00e1lida, que de alguna manera cuando retornen a su lugar de origen se lleven un buen sabor de boca.<\/p>\n\n\n\n<p>Insiste que siempre se debe brindar una buena atenci\u00f3n, con mucha calidez, honradez, cercan\u00eda, para que se lleven un buen recuerdo y sobre todo para que nos recomienden con sus amistades.<\/p>\n\n\n\n<p>Por otro lado, expone que desafortunadamente en esta temporada tambi\u00e9n suelen llegar \u201clos carteristas\u201d, por lo que quienes se dedican a la actividad comercial deben estar alerta ante estas situaciones, adem\u00e1s de verificar que no vayan a recibir \u201cbilletes falsos\u201d los cuales deben de identificarse.<\/p>\n\n\n\n<p>Sugiere a los clientes que tambi\u00e9n lleven su dinero bien protegido y no vayan a ser sorprendidos por los famosos carteristas, incluso por los \u201cpaqueros\u201d, por ello, es importante tomar las medidas de seguridad correspondientes.<\/p>\n\n\n\n<p><\/p>\n\n\n\n<p><\/p>\n","protected":false},"excerpt":{"rendered":"<p>Por Enedino Hern\u00e1ndez\/Zunoticia Huejutla, Hgo.- \u201cPara el periodo vacacional de la Semana Santa 2023 se espera contar con una buena cantidad de vacacionistas y visitantes a esta zona de Hidalgo, quienes de seguro habr\u00e1n de reactivar la actividad comercial en la regi\u00f3n, por lo que todos los empresarios comerciantes deben mantenerse bien preparados para este&hellip; <a class=\"more-link\" href=\"https:\/\/www.zunoticia.com\/noticias-de-hidalgo\/2023\/03\/18\/espera-sector-empresarial-incrementar-actividad-comercial-para-semana-santa\/\">Seguir leyendo <span class=\"screen-reader-text\">Espera Sector Empresarial incrementar actividad comercial para Semana Santa<\/span><\/a><\/p>\n","protected":false},"author":20,"featured_media":473332,"comment_status":"closed","ping_status":"open","sticky":false,"template":"","format":"standard","meta":{"rop_custom_images_group":[],"rop_custom_messages_group":[],"rop_publish_now":"initial","rop_publish_now_accounts":{"facebook_10159540855086992_322828327761733":""},"rop_publish_now_history":[],"rop_publish_now_status":"pending","footnotes":""},"categories":[181],"tags":[121],"class_list":["post-473331","post","type-post","status-publish","format-standard","has-post-thumbnail","hentry","category-huejutla","tag-huejutla","entry"],"_links":{"self":[{"href":"https:\/\/www.zunoticia.com\/noticias-de-hidalgo\/wp-json\/wp\/v2\/posts\/473331","targetHints":{"allow":["GET"]}}],"collection":[{"href":"https:\/\/www.zunoticia.com\/noticias-de-hidalgo\/wp-json\/wp\/v2\/posts"}],"about":[{"href":"https:\/\/www.zunoticia.com\/noticias-de-hidalgo\/wp-json\/wp\/v2\/types\/post"}],"author":[{"embeddable":true,"href":"https:\/\/www.zunoticia.com\/noticias-de-hidalgo\/wp-json\/wp\/v2\/users\/20"}],"replies":[{"embeddable":true,"href":"https:\/\/www.zunoticia.com\/noticias-de-hidalgo\/wp-json\/wp\/v2\/comments?post=473331"}],"version-history":[{"count":1,"href":"https:\/\/www.zunoticia.com\/noticias-de-hidalgo\/wp-json\/wp\/v2\/posts\/473331\/revisions"}],"predecessor-version":[{"id":473333,"href":"https:\/\/www.zunoticia.com\/noticias-de-hidalgo\/wp-json\/wp\/v2\/posts\/473331\/revisions\/473333"}],"wp:featuredmedia":[{"embeddable":true,"href":"https:\/\/www.zunoticia.com\/noticias-de-hidalgo\/wp-json\/wp\/v2\/media\/473332"}],"wp:attachment":[{"href":"https:\/\/www.zunoticia.com\/noticias-de-hidalgo\/wp-json\/wp\/v2\/media?parent=473331"}],"wp:term":[{"taxonomy":"category","embeddable":true,"href":"https:\/\/www.zunoticia.com\/noticias-de-hidalgo\/wp-json\/wp\/v2\/categories?post=473331"},{"taxonomy":"post_tag","embeddable":true,"href":"https:\/\/www.zunoticia.com\/noticias-de-hidalgo\/wp-json\/wp\/v2\/tags?post=473331"}],"curies":[{"name":"wp","href":"https:\/\/api.w.org\/{rel}","templated":true}]}}