{"id":473334,"date":"2023-03-18T15:42:15","date_gmt":"2023-03-18T21:42:15","guid":{"rendered":"https:\/\/www.zunoticia.com\/noticias-de-hidalgo\/?p=473334"},"modified":"2023-03-18T15:42:18","modified_gmt":"2023-03-18T21:42:18","slug":"la-participacion-de-los-municipios-de-la-region-dara-mas-realce-al-festival-de-las-huastecas","status":"publish","type":"post","link":"https:\/\/www.zunoticia.com\/noticias-de-hidalgo\/2023\/03\/18\/la-participacion-de-los-municipios-de-la-region-dara-mas-realce-al-festival-de-las-huastecas\/","title":{"rendered":"La participaci\u00f3n de los municipios de la regi\u00f3n dar\u00e1 m\u00e1s realce al &#8220;Festival de las Huastecas&#8221;"},"content":{"rendered":"<aside class=\"mashsb-container mashsb-main mashsb-stretched\"><div class=\"mashsb-box\"><div class=\"mashsb-count mash-large\" style=\"float:left\"><div class=\"counts mashsbcount\">22<\/div><span class=\"mashsb-sharetext\">SHARES<\/span><\/div><div class=\"mashsb-buttons\"><a class=\"mashicon-facebook mash-large mash-center mashsb-noshadow\" href=\"https:\/\/www.facebook.com\/sharer.php?u=https%3A%2F%2Fwww.zunoticia.com%2Fnoticias-de-hidalgo%2F2023%2F03%2F18%2Fla-participacion-de-los-municipios-de-la-region-dara-mas-realce-al-festival-de-las-huastecas%2F\" target=\"_top\" rel=\"nofollow\"><span class=\"icon\"><\/span><span class=\"text\">Share<\/span><\/a><a class=\"mashicon-twitter mash-large mash-center mashsb-noshadow\" href=\"https:\/\/twitter.com\/intent\/tweet?text=&amp;url=https:\/\/www.zunoticia.com\/noticias-de-hidalgo\/2023\/03\/18\/la-participacion-de-los-municipios-de-la-region-dara-mas-realce-al-festival-de-las-huastecas\/\" target=\"_top\" rel=\"nofollow\"><span class=\"icon\"><\/span><span class=\"text\">Tweet<\/span><\/a><div class=\"onoffswitch2 mash-large mashsb-noshadow\" style=\"display:none\"><\/div><\/div>\n            <\/div>\n                <div style=\"clear:both\"><\/div><div class=\"mashsb-toggle-container\"><\/div><\/aside>\n            <!-- Share buttons by mashshare.net - Version: 4.0.47-->\n<p><\/p>\n\n\n\n<p><em>Por Salvador Altamirano\/Zunoticia<\/em><\/p>\n\n\n\n<p><strong>Huejutla, Hgo<\/strong>.- Entrevistado en torno a s\u00ed considera que la participaci\u00f3n de todos los municipios de la regi\u00f3n le dar\u00e1 m\u00e1s realce al &#8220;Festival de las Huastecas&#8221;, el alcalde Daniel Andrade Zurutuza enfatiz\u00f3 que as\u00ed ser\u00e1, ya que todos tienen una parte de la riqueza cultural regional.<\/p>\n\n\n\n<p>Agreg\u00f3 que no toda la riqueza cultural est\u00e1 en Huejutla, aunque ser\u00e1 sede, sino tambi\u00e9n en San Felipe Orizatl\u00e1n, Jaltoc\u00e1n, Atlapexco, Huautla y Huazalingo, \u201ctodos tenemos que compartir en ese aspecto\u201d.<\/p>\n\n\n\n<p>Al inquirirle con qu\u00e9 conceptos participar\u00e1 Huejutla, refiri\u00f3 que todos lo har\u00e1n con uno similar, con su m\u00e1xima expresi\u00f3n cultural, art\u00edstica y gastron\u00f3mica, por lo que ser\u00e1 un evento magno, importante, \u201cdistinto a como se ha hecho en otras ocasiones, pero nos dejar\u00e1 grandes satisfacciones a todos los huastecos\u201d.<\/p>\n\n\n\n<p>Subray\u00f3 que Huejutla ser\u00e1 sede probablemente por la amplitud, hospitalidad, y por el n\u00famero de hoteles que se tiene, que permitir\u00e1 albergar a toda la gente que nos va a visitar, no obstante, la derrama econ\u00f3mica ser\u00e1 para toda la zona, ya que tendr\u00e1 efecto en el \u201cpuente vacacional\u201d del 16 al 19 de noviembre, despu\u00e9s de Xantolo.<\/p>\n\n\n\n<p>Para finalizar, Andrade Zurutuza agradeci\u00f3 al Gobernador del Estado, Julio Menchaca Salazar, \u201cel haber decidido que participaran todos los municipios; as\u00ed como por haber aceptado que se modificar\u00e1 la fecha que normalmente es despu\u00e9s del 20 de septiembre, y nosotros sugerimos que fuera en el puente de noviembre, para justificar la inversi\u00f3n que haremos todos los municipios\u201d.<\/p>\n\n\n\n<p><\/p>\n\n\n\n<p><\/p>\n","protected":false},"excerpt":{"rendered":"<p>Por Salvador Altamirano\/Zunoticia Huejutla, Hgo.- Entrevistado en torno a s\u00ed considera que la participaci\u00f3n de todos los municipios de la regi\u00f3n le dar\u00e1 m\u00e1s realce al &#8220;Festival de las Huastecas&#8221;, el alcalde Daniel Andrade Zurutuza enfatiz\u00f3 que as\u00ed ser\u00e1, ya que todos tienen una parte de la riqueza cultural regional. Agreg\u00f3 que no toda la&hellip; <a class=\"more-link\" href=\"https:\/\/www.zunoticia.com\/noticias-de-hidalgo\/2023\/03\/18\/la-participacion-de-los-municipios-de-la-region-dara-mas-realce-al-festival-de-las-huastecas\/\">Seguir leyendo <span class=\"screen-reader-text\">La participaci\u00f3n de los municipios de la regi\u00f3n dar\u00e1 m\u00e1s realce al &#8220;Festival de las Huastecas&#8221;<\/span><\/a><\/p>\n","protected":false},"author":20,"featured_media":473335,"comment_status":"closed","ping_status":"open","sticky":false,"template":"","format":"standard","meta":{"rop_custom_images_group":[],"rop_custom_messages_group":[],"rop_publish_now":"initial","rop_publish_now_accounts":{"facebook_10159540855086992_322828327761733":""},"rop_publish_now_history":[],"rop_publish_now_status":"pending","footnotes":""},"categories":[181],"tags":[121],"class_list":["post-473334","post","type-post","status-publish","format-standard","has-post-thumbnail","hentry","category-huejutla","tag-huejutla","entry"],"_links":{"self":[{"href":"https:\/\/www.zunoticia.com\/noticias-de-hidalgo\/wp-json\/wp\/v2\/posts\/473334","targetHints":{"allow":["GET"]}}],"collection":[{"href":"https:\/\/www.zunoticia.com\/noticias-de-hidalgo\/wp-json\/wp\/v2\/posts"}],"about":[{"href":"https:\/\/www.zunoticia.com\/noticias-de-hidalgo\/wp-json\/wp\/v2\/types\/post"}],"author":[{"embeddable":true,"href":"https:\/\/www.zunoticia.com\/noticias-de-hidalgo\/wp-json\/wp\/v2\/users\/20"}],"replies":[{"embeddable":true,"href":"https:\/\/www.zunoticia.com\/noticias-de-hidalgo\/wp-json\/wp\/v2\/comments?post=473334"}],"version-history":[{"count":1,"href":"https:\/\/www.zunoticia.com\/noticias-de-hidalgo\/wp-json\/wp\/v2\/posts\/473334\/revisions"}],"predecessor-version":[{"id":473336,"href":"https:\/\/www.zunoticia.com\/noticias-de-hidalgo\/wp-json\/wp\/v2\/posts\/473334\/revisions\/473336"}],"wp:featuredmedia":[{"embeddable":true,"href":"https:\/\/www.zunoticia.com\/noticias-de-hidalgo\/wp-json\/wp\/v2\/media\/473335"}],"wp:attachment":[{"href":"https:\/\/www.zunoticia.com\/noticias-de-hidalgo\/wp-json\/wp\/v2\/media?parent=473334"}],"wp:term":[{"taxonomy":"category","embeddable":true,"href":"https:\/\/www.zunoticia.com\/noticias-de-hidalgo\/wp-json\/wp\/v2\/categories?post=473334"},{"taxonomy":"post_tag","embeddable":true,"href":"https:\/\/www.zunoticia.com\/noticias-de-hidalgo\/wp-json\/wp\/v2\/tags?post=473334"}],"curies":[{"name":"wp","href":"https:\/\/api.w.org\/{rel}","templated":true}]}}