{"id":473353,"date":"2023-03-18T17:00:34","date_gmt":"2023-03-18T23:00:34","guid":{"rendered":"https:\/\/www.zunoticia.com\/noticias-de-hidalgo\/?p=473353"},"modified":"2023-03-18T17:00:36","modified_gmt":"2023-03-18T23:00:36","slug":"invitan-a-tercera-jornada-por-la-salud","status":"publish","type":"post","link":"https:\/\/www.zunoticia.com\/noticias-de-hidalgo\/2023\/03\/18\/invitan-a-tercera-jornada-por-la-salud\/","title":{"rendered":"Invitan a Tercera jornada por la salud"},"content":{"rendered":"<aside class=\"mashsb-container mashsb-main mashsb-stretched\"><div class=\"mashsb-box\"><div class=\"mashsb-count mash-large\" style=\"float:left\"><div class=\"counts mashsbcount\">11<\/div><span class=\"mashsb-sharetext\">SHARES<\/span><\/div><div class=\"mashsb-buttons\"><a class=\"mashicon-facebook mash-large mash-center mashsb-noshadow\" href=\"https:\/\/www.facebook.com\/sharer.php?u=https%3A%2F%2Fwww.zunoticia.com%2Fnoticias-de-hidalgo%2F2023%2F03%2F18%2Finvitan-a-tercera-jornada-por-la-salud%2F\" target=\"_top\" rel=\"nofollow\"><span class=\"icon\"><\/span><span class=\"text\">Share<\/span><\/a><a class=\"mashicon-twitter mash-large mash-center mashsb-noshadow\" href=\"https:\/\/twitter.com\/intent\/tweet?text=&amp;url=https:\/\/www.zunoticia.com\/noticias-de-hidalgo\/2023\/03\/18\/invitan-a-tercera-jornada-por-la-salud\/\" target=\"_top\" rel=\"nofollow\"><span class=\"icon\"><\/span><span class=\"text\">Tweet<\/span><\/a><div class=\"onoffswitch2 mash-large mashsb-noshadow\" style=\"display:none\"><\/div><\/div>\n            <\/div>\n                <div style=\"clear:both\"><\/div><div class=\"mashsb-toggle-container\"><\/div><\/aside>\n            <!-- Share buttons by mashshare.net - Version: 4.0.47-->\n<p><em>Por \u00c1ngel Silverio\/ Zunoticia<\/em><\/p>\n\n\n\n<p><strong>San Felipe Orizatl\u00e1n, Hgo.-<\/strong> Con el fin de apoyar a la ciudadan\u00eda en general, el gobierno del estado en coordinaci\u00f3n con el ayuntamiento municipal, dieron a conocer que se estar\u00e1 llevando a cabo la Tercera jornada por la salud de Hidalgo, a realizarse este pr\u00f3ximo mi\u00e9rcoles.<\/p>\n\n\n\n<p>De acuerdo con lo informado, se estar\u00e1n dando servicios de primer nivel en odontolog\u00eda, nutrici\u00f3n y psicol\u00f3gico; as\u00ed como tambi\u00e9n servicios especiales en optometr\u00eda y entrega de lentes a personas adultas mayores.<\/p>\n\n\n\n<p>Del mismo modo, se estar\u00e1n brindando servicios de segundo nivel, obst\u00e9trico, mujeres embarazadas, ginecolog\u00eda, pedi\u00e1trico, medicina interna y ortopedia; as\u00ed como estudios de gabinete, mastograf\u00eda, rayos X, ultrasonido, electrocardiograma, adem\u00e1s se contar\u00e1 con \u00e1rea de farmacia.<\/p>\n\n\n\n<p>Dicha jornada ser\u00e1 este pr\u00f3ximo mi\u00e9rcoles, en punto de las 08:30 de la ma\u00f1ana, en la explanada municipal.<\/p>\n","protected":false},"excerpt":{"rendered":"<p>Por \u00c1ngel Silverio\/ Zunoticia San Felipe Orizatl\u00e1n, Hgo.- Con el fin de apoyar a la ciudadan\u00eda en general, el gobierno del estado en coordinaci\u00f3n con el ayuntamiento municipal, dieron a conocer que se estar\u00e1 llevando a cabo la Tercera jornada por la salud de Hidalgo, a realizarse este pr\u00f3ximo mi\u00e9rcoles. De acuerdo con lo informado,&hellip; <a class=\"more-link\" href=\"https:\/\/www.zunoticia.com\/noticias-de-hidalgo\/2023\/03\/18\/invitan-a-tercera-jornada-por-la-salud\/\">Seguir leyendo <span class=\"screen-reader-text\">Invitan a Tercera jornada por la salud<\/span><\/a><\/p>\n","protected":false},"author":20,"featured_media":473354,"comment_status":"closed","ping_status":"open","sticky":false,"template":"","format":"standard","meta":{"rop_custom_images_group":[],"rop_custom_messages_group":[],"rop_publish_now":"initial","rop_publish_now_accounts":{"facebook_10159540855086992_322828327761733":""},"rop_publish_now_history":[],"rop_publish_now_status":"pending","footnotes":""},"categories":[180],"tags":[129],"class_list":["post-473353","post","type-post","status-publish","format-standard","has-post-thumbnail","hentry","category-orizatlan","tag-orizatlan","entry"],"_links":{"self":[{"href":"https:\/\/www.zunoticia.com\/noticias-de-hidalgo\/wp-json\/wp\/v2\/posts\/473353","targetHints":{"allow":["GET"]}}],"collection":[{"href":"https:\/\/www.zunoticia.com\/noticias-de-hidalgo\/wp-json\/wp\/v2\/posts"}],"about":[{"href":"https:\/\/www.zunoticia.com\/noticias-de-hidalgo\/wp-json\/wp\/v2\/types\/post"}],"author":[{"embeddable":true,"href":"https:\/\/www.zunoticia.com\/noticias-de-hidalgo\/wp-json\/wp\/v2\/users\/20"}],"replies":[{"embeddable":true,"href":"https:\/\/www.zunoticia.com\/noticias-de-hidalgo\/wp-json\/wp\/v2\/comments?post=473353"}],"version-history":[{"count":1,"href":"https:\/\/www.zunoticia.com\/noticias-de-hidalgo\/wp-json\/wp\/v2\/posts\/473353\/revisions"}],"predecessor-version":[{"id":473355,"href":"https:\/\/www.zunoticia.com\/noticias-de-hidalgo\/wp-json\/wp\/v2\/posts\/473353\/revisions\/473355"}],"wp:featuredmedia":[{"embeddable":true,"href":"https:\/\/www.zunoticia.com\/noticias-de-hidalgo\/wp-json\/wp\/v2\/media\/473354"}],"wp:attachment":[{"href":"https:\/\/www.zunoticia.com\/noticias-de-hidalgo\/wp-json\/wp\/v2\/media?parent=473353"}],"wp:term":[{"taxonomy":"category","embeddable":true,"href":"https:\/\/www.zunoticia.com\/noticias-de-hidalgo\/wp-json\/wp\/v2\/categories?post=473353"},{"taxonomy":"post_tag","embeddable":true,"href":"https:\/\/www.zunoticia.com\/noticias-de-hidalgo\/wp-json\/wp\/v2\/tags?post=473353"}],"curies":[{"name":"wp","href":"https:\/\/api.w.org\/{rel}","templated":true}]}}