{"id":473356,"date":"2023-03-18T17:06:20","date_gmt":"2023-03-18T23:06:20","guid":{"rendered":"https:\/\/www.zunoticia.com\/noticias-de-hidalgo\/?p=473356"},"modified":"2023-03-18T17:06:21","modified_gmt":"2023-03-18T23:06:21","slug":"cayo-por-robar-en-la-tienda-coppel","status":"publish","type":"post","link":"https:\/\/www.zunoticia.com\/noticias-de-hidalgo\/2023\/03\/18\/cayo-por-robar-en-la-tienda-coppel\/","title":{"rendered":"Cay\u00f3 por robar en la tienda Coppel"},"content":{"rendered":"<aside class=\"mashsb-container mashsb-main mashsb-stretched\"><div class=\"mashsb-box\"><div class=\"mashsb-count mash-large\" style=\"float:left\"><div class=\"counts mashsbcount\">46<\/div><span class=\"mashsb-sharetext\">SHARES<\/span><\/div><div class=\"mashsb-buttons\"><a class=\"mashicon-facebook mash-large mash-center mashsb-noshadow\" href=\"https:\/\/www.facebook.com\/sharer.php?u=https%3A%2F%2Fwww.zunoticia.com%2Fnoticias-de-hidalgo%2F2023%2F03%2F18%2Fcayo-por-robar-en-la-tienda-coppel%2F\" target=\"_top\" rel=\"nofollow\"><span class=\"icon\"><\/span><span class=\"text\">Share<\/span><\/a><a class=\"mashicon-twitter mash-large mash-center mashsb-noshadow\" href=\"https:\/\/twitter.com\/intent\/tweet?text=&amp;url=https:\/\/www.zunoticia.com\/noticias-de-hidalgo\/2023\/03\/18\/cayo-por-robar-en-la-tienda-coppel\/\" target=\"_top\" rel=\"nofollow\"><span class=\"icon\"><\/span><span class=\"text\">Tweet<\/span><\/a><div class=\"onoffswitch2 mash-large mashsb-noshadow\" style=\"display:none\"><\/div><\/div>\n            <\/div>\n                <div style=\"clear:both\"><\/div><div class=\"mashsb-toggle-container\"><\/div><\/aside>\n            <!-- Share buttons by mashshare.net - Version: 4.0.47-->\n<p><\/p>\n\n\n\n<p><em>Por Francisco Rosas\/Zunoticia<\/em><\/p>\n\n\n\n<p><strong>Huejutla, Hgo.<\/strong>&#8211; Un hombre que presuntamente cometi\u00f3 un robo en la tienda departamental Coppel de esta ciudad, fue detenido y remitido en la c\u00e1rcel preventiva de la Secretar\u00eda de Seguridad P\u00fablica Municipal.<\/p>\n\n\n\n<p>El presunto ladr\u00f3n, identificado con el nombre de Mart\u00edn N., de 20 a\u00f1os de edad, con domicilio en la localidad de Papatlatla, municipio de Calnali, fue asegurado la ma\u00f1ana de este s\u00e1bado, tras ser sorprendido infraganti por el personal de la tienda.<\/p>\n\n\n\n<p>Como primer respondiente, al sitio arribaron elementos de la Polic\u00eda Municipal y minutos despu\u00e9s llegaron agentes de la Coordinaci\u00f3n de Seguridad Estatal, quienes al dialogar con la gerente de la tienda, manifest\u00f3 que ya son varias veces que \u00e9sta persona roba en la tienda, sin embargo siempre lo han intervenido para quitarle lo que pretende llevarse.<\/p>\n\n\n\n<p>Por los se\u00f1alamientos en su contra, el masculino qued\u00f3 en calidad de detenido y si no paga el producto que hurt\u00f3, podr\u00eda ser puesto a disposici\u00f3n del Ministerio P\u00fablico de la Unidad de Investigaci\u00f3n y Litigaci\u00f3n de la Mesa Mixta en turno.<\/p>\n\n\n\n<p><\/p>\n\n\n\n<p><\/p>\n","protected":false},"excerpt":{"rendered":"<p>Por Francisco Rosas\/Zunoticia Huejutla, Hgo.&#8211; Un hombre que presuntamente cometi\u00f3 un robo en la tienda departamental Coppel de esta ciudad, fue detenido y remitido en la c\u00e1rcel preventiva de la Secretar\u00eda de Seguridad P\u00fablica Municipal. El presunto ladr\u00f3n, identificado con el nombre de Mart\u00edn N., de 20 a\u00f1os de edad, con domicilio en la localidad&hellip; <a class=\"more-link\" href=\"https:\/\/www.zunoticia.com\/noticias-de-hidalgo\/2023\/03\/18\/cayo-por-robar-en-la-tienda-coppel\/\">Seguir leyendo <span class=\"screen-reader-text\">Cay\u00f3 por robar en la tienda Coppel<\/span><\/a><\/p>\n","protected":false},"author":20,"featured_media":473357,"comment_status":"closed","ping_status":"open","sticky":false,"template":"","format":"standard","meta":{"rop_custom_images_group":[],"rop_custom_messages_group":[],"rop_publish_now":"initial","rop_publish_now_accounts":{"facebook_10159540855086992_322828327761733":""},"rop_publish_now_history":[],"rop_publish_now_status":"pending","footnotes":""},"categories":[181],"tags":[121],"class_list":["post-473356","post","type-post","status-publish","format-standard","has-post-thumbnail","hentry","category-huejutla","tag-huejutla","entry"],"_links":{"self":[{"href":"https:\/\/www.zunoticia.com\/noticias-de-hidalgo\/wp-json\/wp\/v2\/posts\/473356","targetHints":{"allow":["GET"]}}],"collection":[{"href":"https:\/\/www.zunoticia.com\/noticias-de-hidalgo\/wp-json\/wp\/v2\/posts"}],"about":[{"href":"https:\/\/www.zunoticia.com\/noticias-de-hidalgo\/wp-json\/wp\/v2\/types\/post"}],"author":[{"embeddable":true,"href":"https:\/\/www.zunoticia.com\/noticias-de-hidalgo\/wp-json\/wp\/v2\/users\/20"}],"replies":[{"embeddable":true,"href":"https:\/\/www.zunoticia.com\/noticias-de-hidalgo\/wp-json\/wp\/v2\/comments?post=473356"}],"version-history":[{"count":1,"href":"https:\/\/www.zunoticia.com\/noticias-de-hidalgo\/wp-json\/wp\/v2\/posts\/473356\/revisions"}],"predecessor-version":[{"id":473358,"href":"https:\/\/www.zunoticia.com\/noticias-de-hidalgo\/wp-json\/wp\/v2\/posts\/473356\/revisions\/473358"}],"wp:featuredmedia":[{"embeddable":true,"href":"https:\/\/www.zunoticia.com\/noticias-de-hidalgo\/wp-json\/wp\/v2\/media\/473357"}],"wp:attachment":[{"href":"https:\/\/www.zunoticia.com\/noticias-de-hidalgo\/wp-json\/wp\/v2\/media?parent=473356"}],"wp:term":[{"taxonomy":"category","embeddable":true,"href":"https:\/\/www.zunoticia.com\/noticias-de-hidalgo\/wp-json\/wp\/v2\/categories?post=473356"},{"taxonomy":"post_tag","embeddable":true,"href":"https:\/\/www.zunoticia.com\/noticias-de-hidalgo\/wp-json\/wp\/v2\/tags?post=473356"}],"curies":[{"name":"wp","href":"https:\/\/api.w.org\/{rel}","templated":true}]}}