{"id":473377,"date":"2023-03-18T19:06:03","date_gmt":"2023-03-19T01:06:03","guid":{"rendered":"https:\/\/www.zunoticia.com\/noticias-de-hidalgo\/?p=473377"},"modified":"2023-03-18T19:06:04","modified_gmt":"2023-03-19T01:06:04","slug":"el-instituto-nacional-de-lenguas-indigenas-presento-su-nueva-pagina-institucional","status":"publish","type":"post","link":"https:\/\/www.zunoticia.com\/noticias-de-hidalgo\/2023\/03\/18\/el-instituto-nacional-de-lenguas-indigenas-presento-su-nueva-pagina-institucional\/","title":{"rendered":"El Instituto Nacional de Lenguas Ind\u00edgenas present\u00f3 su nueva p\u00e1gina institucional"},"content":{"rendered":"<aside class=\"mashsb-container mashsb-main mashsb-stretched\"><div class=\"mashsb-box\"><div class=\"mashsb-count mash-large\" style=\"float:left\"><div class=\"counts mashsbcount\">36<\/div><span class=\"mashsb-sharetext\">SHARES<\/span><\/div><div class=\"mashsb-buttons\"><a class=\"mashicon-facebook mash-large mash-center mashsb-noshadow\" href=\"https:\/\/www.facebook.com\/sharer.php?u=https%3A%2F%2Fwww.zunoticia.com%2Fnoticias-de-hidalgo%2F2023%2F03%2F18%2Fel-instituto-nacional-de-lenguas-indigenas-presento-su-nueva-pagina-institucional%2F\" target=\"_top\" rel=\"nofollow\"><span class=\"icon\"><\/span><span class=\"text\">Share<\/span><\/a><a class=\"mashicon-twitter mash-large mash-center mashsb-noshadow\" href=\"https:\/\/twitter.com\/intent\/tweet?text=&amp;url=https:\/\/www.zunoticia.com\/noticias-de-hidalgo\/2023\/03\/18\/el-instituto-nacional-de-lenguas-indigenas-presento-su-nueva-pagina-institucional\/\" target=\"_top\" rel=\"nofollow\"><span class=\"icon\"><\/span><span class=\"text\">Tweet<\/span><\/a><div class=\"onoffswitch2 mash-large mashsb-noshadow\" style=\"display:none\"><\/div><\/div>\n            <\/div>\n                <div style=\"clear:both\"><\/div><div class=\"mashsb-toggle-container\"><\/div><\/aside>\n            <!-- Share buttons by mashshare.net - Version: 4.0.47-->\n<p><\/p>\n\n\n\n<p><em>Por Redacci\u00f3n\/Zunoticia<\/em><\/p>\n\n\n\n<p><strong>Ciudad de M\u00e9xico.-<\/strong> Con el objetivo de actualizar y mejorar la oferta de contenidos para impulsar la preservaci\u00f3n, desarrollo y conocimiento de las lenguas ind\u00edgenas nacionales, el Instituto Nacional de Lenguas Ind\u00edgenas (Inali) present\u00f3 su nueva p\u00e1gina institucional resultado de un importante proceso de reingenier\u00eda tecnol\u00f3gica y conceptual, de la mano de la Direcci\u00f3n General de Tecnolog\u00edas de la Informaci\u00f3n y Comunicaci\u00f3n (DGTIC) de la Secretar\u00eda de Cultura del Gobierno de M\u00e9xico.<\/p>\n\n\n\n<p>Durante una reuni\u00f3n virtual, la encargada del despacho de la Direcci\u00f3n General del Inali, Alma Rosa Esp\u00edndola Galicia, record\u00f3 que con esta acci\u00f3n se contribuye al cumplimiento del objetivo prioritario de mejorar las condiciones para la igualdad socioling\u00fc\u00edstica de la poblaci\u00f3n Ind\u00edgena, indicado en el Programa Institucional 2020-2024.<\/p>\n\n\n\n<p>A\u00f1adi\u00f3 que, de esta manera, tambi\u00e9n se observan las obligaciones que en materia de derechos ling\u00fc\u00edsticos tiene el Estado Mexicano, bajo el enfoque y principios que gu\u00edan a la administraci\u00f3n p\u00fablica como: perspectiva de g\u00e9nero, interculturalidad, inclusi\u00f3n, no discriminaci\u00f3n, transparencia y austeridad.<\/p>\n\n\n\n<p>Esp\u00edndola Galicia agradeci\u00f3 el apoyo de la Direcci\u00f3n General de Tecnolog\u00edas de la Informaci\u00f3n y Comunicaci\u00f3n (DGTIC) de la Secretar\u00eda de Cultura del Gobierno de M\u00e9xico, que encabeza Roberto del Rivero, para tener esta nueva plataforma tecnol\u00f3gica que permitir\u00e1 difundir los programas, acciones y estrategias que realiza el Inali, de una forma intuitiva y amigable.<\/p>\n\n\n\n<p>Destac\u00f3 que la actualizaci\u00f3n de la p\u00e1gina es fruto de un trabajo colaborativo entre el equipo de la DGTIC y el Inali, dos instancias del sector cultura, que permiti\u00f3 este nuevo desarrollo tecnol\u00f3gico que incorpora, entre otras novedades, elementos de accesibilidad para facilitar las consultas de personas con diferentes discapacidades, un nuevo sistema gestor de contenidos y que la p\u00e1gina pueda ser consultada desde tel\u00e9fonos m\u00f3viles y tabletas con sistema operativo iOS y Android.<\/p>\n\n\n\n<p>En su oportunidad, el titular de la DGTIC, manifest\u00f3 el reconocimiento a su equipo de trabajo y asegur\u00f3 que todo el personal a su cargo seguir\u00e1 apoyando, desde su \u00e1mbito de competencia, los esfuerzos para que el Inali cumpla con su misi\u00f3n y objetivos de preservar, desarrollar y difundir las lenguas ind\u00edgenas que se hablan en el pa\u00eds.<\/p>\n\n\n\n<p>A su vez, la Coordinadora General de Pol\u00edticas Ling\u00fc\u00edsticas, Almandina C\u00e1rdenas Demay, record\u00f3 que este importante esfuerzo se enmarca en la necesidad de optimizar los recursos institucionales brindando informaci\u00f3n, gu\u00edas metodol\u00f3gicas y materiales que permitan enriquecer y orientar iniciativas comunitarias, escolares e institucionales de promoci\u00f3n, fortalecimiento y desarrollo de las lenguas ind\u00edgenas nacionales.<\/p>\n\n\n\n<p>Destac\u00f3 que para garantizar el uso institucional de las lenguas ind\u00edgenas en la nueva p\u00e1gina, todos los encabezados de secci\u00f3n estar\u00e1n cada mes en una lengua diferente, y el usuario podr\u00e1 tener acceso a informaci\u00f3n destacada sobre \u201cla lengua del mes\u201d.<\/p>\n\n\n\n<p>Si deseas consultar la nueva p\u00e1gina lo puedes hacer en la siguiente direcci\u00f3n: www.inali.gob.mx.<\/p>\n\n\n\n<figure class=\"wp-block-gallery has-nested-images columns-default is-cropped wp-block-gallery-1 is-layout-flex wp-block-gallery-is-layout-flex\">\n<figure class=\"wp-block-image size-large\"><img fetchpriority=\"high\" decoding=\"async\" width=\"940\" height=\"788\" data-id=\"473379\" src=\"https:\/\/www.zunoticia.com\/noticias-de-hidalgo\/wp-content\/uploads\/2023\/03\/2-62.png\" alt=\"\" class=\"wp-image-473379\" srcset=\"https:\/\/www.zunoticia.com\/noticias-de-hidalgo\/wp-content\/uploads\/2023\/03\/2-62.png 940w, https:\/\/www.zunoticia.com\/noticias-de-hidalgo\/wp-content\/uploads\/2023\/03\/2-62-300x251.png 300w, https:\/\/www.zunoticia.com\/noticias-de-hidalgo\/wp-content\/uploads\/2023\/03\/2-62-768x644.png 768w\" sizes=\"(max-width: 940px) 100vw, 940px\" \/><\/figure>\n<\/figure>\n","protected":false},"excerpt":{"rendered":"<p>Por Redacci\u00f3n\/Zunoticia Ciudad de M\u00e9xico.- Con el objetivo de actualizar y mejorar la oferta de contenidos para impulsar la preservaci\u00f3n, desarrollo y conocimiento de las lenguas ind\u00edgenas nacionales, el Instituto Nacional de Lenguas Ind\u00edgenas (Inali) present\u00f3 su nueva p\u00e1gina institucional resultado de un importante proceso de reingenier\u00eda tecnol\u00f3gica y conceptual, de la mano de la&hellip; <a class=\"more-link\" href=\"https:\/\/www.zunoticia.com\/noticias-de-hidalgo\/2023\/03\/18\/el-instituto-nacional-de-lenguas-indigenas-presento-su-nueva-pagina-institucional\/\">Seguir leyendo <span class=\"screen-reader-text\">El Instituto Nacional de Lenguas Ind\u00edgenas present\u00f3 su nueva p\u00e1gina institucional<\/span><\/a><\/p>\n","protected":false},"author":20,"featured_media":473378,"comment_status":"closed","ping_status":"open","sticky":false,"template":"","format":"standard","meta":{"rop_custom_images_group":[],"rop_custom_messages_group":[],"rop_publish_now":"initial","rop_publish_now_accounts":{"facebook_10159540855086992_322828327761733":""},"rop_publish_now_history":[],"rop_publish_now_status":"pending","footnotes":""},"categories":[218],"tags":[217],"class_list":["post-473377","post","type-post","status-publish","format-standard","has-post-thumbnail","hentry","category-nacional","tag-nacional","entry"],"_links":{"self":[{"href":"https:\/\/www.zunoticia.com\/noticias-de-hidalgo\/wp-json\/wp\/v2\/posts\/473377","targetHints":{"allow":["GET"]}}],"collection":[{"href":"https:\/\/www.zunoticia.com\/noticias-de-hidalgo\/wp-json\/wp\/v2\/posts"}],"about":[{"href":"https:\/\/www.zunoticia.com\/noticias-de-hidalgo\/wp-json\/wp\/v2\/types\/post"}],"author":[{"embeddable":true,"href":"https:\/\/www.zunoticia.com\/noticias-de-hidalgo\/wp-json\/wp\/v2\/users\/20"}],"replies":[{"embeddable":true,"href":"https:\/\/www.zunoticia.com\/noticias-de-hidalgo\/wp-json\/wp\/v2\/comments?post=473377"}],"version-history":[{"count":1,"href":"https:\/\/www.zunoticia.com\/noticias-de-hidalgo\/wp-json\/wp\/v2\/posts\/473377\/revisions"}],"predecessor-version":[{"id":473380,"href":"https:\/\/www.zunoticia.com\/noticias-de-hidalgo\/wp-json\/wp\/v2\/posts\/473377\/revisions\/473380"}],"wp:featuredmedia":[{"embeddable":true,"href":"https:\/\/www.zunoticia.com\/noticias-de-hidalgo\/wp-json\/wp\/v2\/media\/473378"}],"wp:attachment":[{"href":"https:\/\/www.zunoticia.com\/noticias-de-hidalgo\/wp-json\/wp\/v2\/media?parent=473377"}],"wp:term":[{"taxonomy":"category","embeddable":true,"href":"https:\/\/www.zunoticia.com\/noticias-de-hidalgo\/wp-json\/wp\/v2\/categories?post=473377"},{"taxonomy":"post_tag","embeddable":true,"href":"https:\/\/www.zunoticia.com\/noticias-de-hidalgo\/wp-json\/wp\/v2\/tags?post=473377"}],"curies":[{"name":"wp","href":"https:\/\/api.w.org\/{rel}","templated":true}]}}