{"id":473664,"date":"2023-03-21T17:21:26","date_gmt":"2023-03-21T23:21:26","guid":{"rendered":"https:\/\/www.zunoticia.com\/noticias-de-hidalgo\/?p=473664"},"modified":"2023-03-21T17:21:27","modified_gmt":"2023-03-21T23:21:27","slug":"conmemoran-un-aniversario-mas-del-benemerito-de-las-americas","status":"publish","type":"post","link":"https:\/\/www.zunoticia.com\/noticias-de-hidalgo\/2023\/03\/21\/conmemoran-un-aniversario-mas-del-benemerito-de-las-americas\/","title":{"rendered":"Conmemoran un aniversario m\u00e1s del Benem\u00e9rito de las Am\u00e9ricas"},"content":{"rendered":"<aside class=\"mashsb-container mashsb-main mashsb-stretched\"><div class=\"mashsb-box\"><div class=\"mashsb-count mash-large\" style=\"float:left\"><div class=\"counts mashsbcount\">2<\/div><span class=\"mashsb-sharetext\">SHARES<\/span><\/div><div class=\"mashsb-buttons\"><a class=\"mashicon-facebook mash-large mash-center mashsb-noshadow\" href=\"https:\/\/www.facebook.com\/sharer.php?u=https%3A%2F%2Fwww.zunoticia.com%2Fnoticias-de-hidalgo%2F2023%2F03%2F21%2Fconmemoran-un-aniversario-mas-del-benemerito-de-las-americas%2F\" target=\"_top\" rel=\"nofollow\"><span class=\"icon\"><\/span><span class=\"text\">Share<\/span><\/a><a class=\"mashicon-twitter mash-large mash-center mashsb-noshadow\" href=\"https:\/\/twitter.com\/intent\/tweet?text=&amp;url=https:\/\/www.zunoticia.com\/noticias-de-hidalgo\/2023\/03\/21\/conmemoran-un-aniversario-mas-del-benemerito-de-las-americas\/\" target=\"_top\" rel=\"nofollow\"><span class=\"icon\"><\/span><span class=\"text\">Tweet<\/span><\/a><div class=\"onoffswitch2 mash-large mashsb-noshadow\" style=\"display:none\"><\/div><\/div>\n            <\/div>\n                <div style=\"clear:both\"><\/div><div class=\"mashsb-toggle-container\"><\/div><\/aside>\n            <!-- Share buttons by mashshare.net - Version: 4.0.47-->\n<p><\/p>\n\n\n\n<p><em>Por \u00c1ngel Silverio\/ Zunoticia<\/em><\/p>\n\n\n\n<p><strong>San Felipe Orizatl\u00e1n, Hgo<\/strong>.- Recordado por la lucha inalcanzable por las libertades de los pueblos de M\u00e9xico y la patria, lo llevaron a ser reconocido y recibir el t\u00edtulo de &#8220;Benem\u00e9rito de las Am\u00e9ricas&#8221;, por lo que la ma\u00f1ana de este martes se llev\u00f3 a cabo la Conmemoraci\u00f3n del 217 aniversario del natalicio de Benito Ju\u00e1rez Garc\u00eda.<\/p>\n\n\n\n<p>Durante este acto c\u00edvico, la presidenta municipal Erika Saab Lara, acompa\u00f1ada por el cuerpo de regidores, el secretario municipal y personal de H. Ayuntamiento, presenciaron el izamiento de bandera y entonaron el Himno Nacional Mexicano, donde se cont\u00f3 con la escolta de la Polic\u00eda Municipal, para rendir honores a L\u00e1baro Patrio.<\/p>\n\n\n\n<p>En el mismo acto leyeron una rese\u00f1a sobre la vida de Benito Ju\u00e1rez, nacido en San Pablo Guelatao Oaxaca, el 21 de marzo de 1806, quien fue una de las figuras clave del liberalismo en M\u00e9xico en el siglo XIX.<\/p>\n\n\n\n<p>As\u00ed tambi\u00e9n, la alcaldesa Saab Lara, junto con los presentes en el pres\u00eddium coloc\u00f3 un arreglo floral en la estatua de Benito Ju\u00e1rez Garc\u00eda, ubicada en la zona centro.<\/p>\n","protected":false},"excerpt":{"rendered":"<p>Por \u00c1ngel Silverio\/ Zunoticia San Felipe Orizatl\u00e1n, Hgo.- Recordado por la lucha inalcanzable por las libertades de los pueblos de M\u00e9xico y la patria, lo llevaron a ser reconocido y recibir el t\u00edtulo de &#8220;Benem\u00e9rito de las Am\u00e9ricas&#8221;, por lo que la ma\u00f1ana de este martes se llev\u00f3 a cabo la Conmemoraci\u00f3n del 217 aniversario&hellip; <a class=\"more-link\" href=\"https:\/\/www.zunoticia.com\/noticias-de-hidalgo\/2023\/03\/21\/conmemoran-un-aniversario-mas-del-benemerito-de-las-americas\/\">Seguir leyendo <span class=\"screen-reader-text\">Conmemoran un aniversario m\u00e1s del Benem\u00e9rito de las Am\u00e9ricas<\/span><\/a><\/p>\n","protected":false},"author":20,"featured_media":473665,"comment_status":"closed","ping_status":"open","sticky":false,"template":"","format":"standard","meta":{"rop_custom_images_group":[],"rop_custom_messages_group":[],"rop_publish_now":"initial","rop_publish_now_accounts":{"facebook_10159540855086992_322828327761733":""},"rop_publish_now_history":[],"rop_publish_now_status":"pending","footnotes":""},"categories":[180],"tags":[129],"class_list":["post-473664","post","type-post","status-publish","format-standard","has-post-thumbnail","hentry","category-orizatlan","tag-orizatlan","entry"],"_links":{"self":[{"href":"https:\/\/www.zunoticia.com\/noticias-de-hidalgo\/wp-json\/wp\/v2\/posts\/473664","targetHints":{"allow":["GET"]}}],"collection":[{"href":"https:\/\/www.zunoticia.com\/noticias-de-hidalgo\/wp-json\/wp\/v2\/posts"}],"about":[{"href":"https:\/\/www.zunoticia.com\/noticias-de-hidalgo\/wp-json\/wp\/v2\/types\/post"}],"author":[{"embeddable":true,"href":"https:\/\/www.zunoticia.com\/noticias-de-hidalgo\/wp-json\/wp\/v2\/users\/20"}],"replies":[{"embeddable":true,"href":"https:\/\/www.zunoticia.com\/noticias-de-hidalgo\/wp-json\/wp\/v2\/comments?post=473664"}],"version-history":[{"count":1,"href":"https:\/\/www.zunoticia.com\/noticias-de-hidalgo\/wp-json\/wp\/v2\/posts\/473664\/revisions"}],"predecessor-version":[{"id":473666,"href":"https:\/\/www.zunoticia.com\/noticias-de-hidalgo\/wp-json\/wp\/v2\/posts\/473664\/revisions\/473666"}],"wp:featuredmedia":[{"embeddable":true,"href":"https:\/\/www.zunoticia.com\/noticias-de-hidalgo\/wp-json\/wp\/v2\/media\/473665"}],"wp:attachment":[{"href":"https:\/\/www.zunoticia.com\/noticias-de-hidalgo\/wp-json\/wp\/v2\/media?parent=473664"}],"wp:term":[{"taxonomy":"category","embeddable":true,"href":"https:\/\/www.zunoticia.com\/noticias-de-hidalgo\/wp-json\/wp\/v2\/categories?post=473664"},{"taxonomy":"post_tag","embeddable":true,"href":"https:\/\/www.zunoticia.com\/noticias-de-hidalgo\/wp-json\/wp\/v2\/tags?post=473664"}],"curies":[{"name":"wp","href":"https:\/\/api.w.org\/{rel}","templated":true}]}}