{"id":473991,"date":"2023-03-23T13:59:19","date_gmt":"2023-03-23T19:59:19","guid":{"rendered":"https:\/\/www.zunoticia.com\/noticias-de-hidalgo\/?p=473991"},"modified":"2023-03-23T13:59:20","modified_gmt":"2023-03-23T19:59:20","slug":"con-proyecto-integral-de-700-mdp-se-activaria-la-planta-tratadora-de-aguas","status":"publish","type":"post","link":"https:\/\/www.zunoticia.com\/noticias-de-hidalgo\/2023\/03\/23\/con-proyecto-integral-de-700-mdp-se-activaria-la-planta-tratadora-de-aguas\/","title":{"rendered":"Con proyecto integral de 700 MDP se activar\u00eda la planta tratadora de aguas"},"content":{"rendered":"<aside class=\"mashsb-container mashsb-main mashsb-stretched\"><div class=\"mashsb-box\"><div class=\"mashsb-count mash-large\" style=\"float:left\"><div class=\"counts mashsbcount\">31<\/div><span class=\"mashsb-sharetext\">SHARES<\/span><\/div><div class=\"mashsb-buttons\"><a class=\"mashicon-facebook mash-large mash-center mashsb-noshadow\" href=\"https:\/\/www.facebook.com\/sharer.php?u=https%3A%2F%2Fwww.zunoticia.com%2Fnoticias-de-hidalgo%2F2023%2F03%2F23%2Fcon-proyecto-integral-de-700-mdp-se-activaria-la-planta-tratadora-de-aguas%2F\" target=\"_top\" rel=\"nofollow\"><span class=\"icon\"><\/span><span class=\"text\">Share<\/span><\/a><a class=\"mashicon-twitter mash-large mash-center mashsb-noshadow\" href=\"https:\/\/twitter.com\/intent\/tweet?text=&amp;url=https:\/\/www.zunoticia.com\/noticias-de-hidalgo\/2023\/03\/23\/con-proyecto-integral-de-700-mdp-se-activaria-la-planta-tratadora-de-aguas\/\" target=\"_top\" rel=\"nofollow\"><span class=\"icon\"><\/span><span class=\"text\">Tweet<\/span><\/a><div class=\"onoffswitch2 mash-large mashsb-noshadow\" style=\"display:none\"><\/div><\/div>\n            <\/div>\n                <div style=\"clear:both\"><\/div><div class=\"mashsb-toggle-container\"><\/div><\/aside>\n            <!-- Share buttons by mashshare.net - Version: 4.0.47-->\n<p><\/p>\n\n\n\n<p><em>Por Salvador Altamirano\/Zunoticia<\/em><\/p>\n\n\n\n<p><strong>Huejutla, Hgo<\/strong>.- Entrevistado respecto a si es factible activar la planta tratadora de aguas residuales, cuyo proyecto no se cristaliz\u00f3 no obstante que hay instalaciones y maquinaria, el presidente municipal Daniel Andrade Zurutuza, enfatiz\u00f3 que s\u00ed, siempre y cuando se encuentren los canales de comunicaci\u00f3n.<\/p>\n\n\n\n<p>Agreg\u00f3 que, en recientemente acudi\u00f3 a la m\u00e1xima tribuna legislativa del pa\u00eds, expuso varios temas y el pr\u00f3ximo 19 de abril acudir\u00e1 a una convenci\u00f3n nacional, en donde todos y cada uno de los municipios expondr\u00e1n sus necesidades.<\/p>\n\n\n\n<p>Refiri\u00f3 que, Huejutla tiene muchos problemas que necesita resolver, no solamente el h\u00edbrido, aunque es el que est\u00e1 en su m\u00e1xima expresi\u00f3n de atenci\u00f3n, \u201ces urgente que la federaci\u00f3n y todos los municipios acordemos qu\u00e9 estrategias se van a implementar, porque en pocos a\u00f1os -advirti\u00f3-, la situaci\u00f3n estar\u00e1 muy cr\u00edtica\u201d.<\/p>\n\n\n\n<p>A pregunta expresa, subray\u00f3 que, para poder echar a andar todo el proyecto se requieren 700 millones de pesos (MDP), aunque exclusivamente para la planta tratadora son 50 millones, \u201csuma que se sale de nuestras manos, pero no se puede activar si no se tiene todo el tema resuelto, ya que es un proyecto integral -reiter\u00f3-, el que se requiere para activarla de manera simult\u00e1nea\u201d.<\/p>\n\n\n\n<p>En el mismo contexto, detall\u00f3 que son 19 remodelaciones de plantas tratadoras -no aclar\u00f3 si en todo el estado-, 6 nuevas y dos decolectores para poder integrar todo el paquete, que conjunta 27 proyectos que suman los 700 millones de pesos.<\/p>\n\n\n\n<p>Para finalizar, Andrade Zurutuza acentu\u00f3 que desea cristalizar el proyecto de la planta tratadora de aguas residuales durante su gesti\u00f3n administrativa, por lo que anda tocando puertas, \u201cno es un tema sencillo, requiere de voluntad, pero sobre todo de un seguimiento preciso, ya sea de nosotros, del gobernador o de quien llegue en un futuro a la presidencia municipal, pero hay que ser constante para obtener esos apoyos\u201d.<\/p>\n\n\n\n<p><\/p>\n\n\n\n<figure class=\"wp-block-gallery has-nested-images columns-default is-cropped wp-block-gallery-1 is-layout-flex wp-block-gallery-is-layout-flex\">\n<figure class=\"wp-block-image size-large\"><img fetchpriority=\"high\" decoding=\"async\" width=\"940\" height=\"788\" data-id=\"473994\" src=\"https:\/\/www.zunoticia.com\/noticias-de-hidalgo\/wp-content\/uploads\/2023\/03\/1-73.png\" alt=\"\" class=\"wp-image-473994\" srcset=\"https:\/\/www.zunoticia.com\/noticias-de-hidalgo\/wp-content\/uploads\/2023\/03\/1-73.png 940w, https:\/\/www.zunoticia.com\/noticias-de-hidalgo\/wp-content\/uploads\/2023\/03\/1-73-300x251.png 300w, https:\/\/www.zunoticia.com\/noticias-de-hidalgo\/wp-content\/uploads\/2023\/03\/1-73-768x644.png 768w\" sizes=\"(max-width: 940px) 100vw, 940px\" \/><\/figure>\n\n\n\n<figure class=\"wp-block-image size-large\"><img decoding=\"async\" width=\"940\" height=\"788\" data-id=\"473993\" src=\"https:\/\/www.zunoticia.com\/noticias-de-hidalgo\/wp-content\/uploads\/2023\/03\/2-80.png\" alt=\"\" class=\"wp-image-473993\" srcset=\"https:\/\/www.zunoticia.com\/noticias-de-hidalgo\/wp-content\/uploads\/2023\/03\/2-80.png 940w, https:\/\/www.zunoticia.com\/noticias-de-hidalgo\/wp-content\/uploads\/2023\/03\/2-80-300x251.png 300w, https:\/\/www.zunoticia.com\/noticias-de-hidalgo\/wp-content\/uploads\/2023\/03\/2-80-768x644.png 768w\" sizes=\"(max-width: 940px) 100vw, 940px\" \/><\/figure>\n<\/figure>\n","protected":false},"excerpt":{"rendered":"<p>Por Salvador Altamirano\/Zunoticia Huejutla, Hgo.- Entrevistado respecto a si es factible activar la planta tratadora de aguas residuales, cuyo proyecto no se cristaliz\u00f3 no obstante que hay instalaciones y maquinaria, el presidente municipal Daniel Andrade Zurutuza, enfatiz\u00f3 que s\u00ed, siempre y cuando se encuentren los canales de comunicaci\u00f3n. Agreg\u00f3 que, en recientemente acudi\u00f3 a la&hellip; <a class=\"more-link\" href=\"https:\/\/www.zunoticia.com\/noticias-de-hidalgo\/2023\/03\/23\/con-proyecto-integral-de-700-mdp-se-activaria-la-planta-tratadora-de-aguas\/\">Seguir leyendo <span class=\"screen-reader-text\">Con proyecto integral de 700 MDP se activar\u00eda la planta tratadora de aguas<\/span><\/a><\/p>\n","protected":false},"author":20,"featured_media":473992,"comment_status":"closed","ping_status":"open","sticky":false,"template":"","format":"standard","meta":{"rop_custom_images_group":[],"rop_custom_messages_group":[],"rop_publish_now":"initial","rop_publish_now_accounts":{"facebook_10159540855086992_322828327761733":""},"rop_publish_now_history":[],"rop_publish_now_status":"pending","footnotes":""},"categories":[181],"tags":[121],"class_list":["post-473991","post","type-post","status-publish","format-standard","has-post-thumbnail","hentry","category-huejutla","tag-huejutla","entry"],"_links":{"self":[{"href":"https:\/\/www.zunoticia.com\/noticias-de-hidalgo\/wp-json\/wp\/v2\/posts\/473991","targetHints":{"allow":["GET"]}}],"collection":[{"href":"https:\/\/www.zunoticia.com\/noticias-de-hidalgo\/wp-json\/wp\/v2\/posts"}],"about":[{"href":"https:\/\/www.zunoticia.com\/noticias-de-hidalgo\/wp-json\/wp\/v2\/types\/post"}],"author":[{"embeddable":true,"href":"https:\/\/www.zunoticia.com\/noticias-de-hidalgo\/wp-json\/wp\/v2\/users\/20"}],"replies":[{"embeddable":true,"href":"https:\/\/www.zunoticia.com\/noticias-de-hidalgo\/wp-json\/wp\/v2\/comments?post=473991"}],"version-history":[{"count":1,"href":"https:\/\/www.zunoticia.com\/noticias-de-hidalgo\/wp-json\/wp\/v2\/posts\/473991\/revisions"}],"predecessor-version":[{"id":473995,"href":"https:\/\/www.zunoticia.com\/noticias-de-hidalgo\/wp-json\/wp\/v2\/posts\/473991\/revisions\/473995"}],"wp:featuredmedia":[{"embeddable":true,"href":"https:\/\/www.zunoticia.com\/noticias-de-hidalgo\/wp-json\/wp\/v2\/media\/473992"}],"wp:attachment":[{"href":"https:\/\/www.zunoticia.com\/noticias-de-hidalgo\/wp-json\/wp\/v2\/media?parent=473991"}],"wp:term":[{"taxonomy":"category","embeddable":true,"href":"https:\/\/www.zunoticia.com\/noticias-de-hidalgo\/wp-json\/wp\/v2\/categories?post=473991"},{"taxonomy":"post_tag","embeddable":true,"href":"https:\/\/www.zunoticia.com\/noticias-de-hidalgo\/wp-json\/wp\/v2\/tags?post=473991"}],"curies":[{"name":"wp","href":"https:\/\/api.w.org\/{rel}","templated":true}]}}