{"id":473996,"date":"2023-03-23T14:20:10","date_gmt":"2023-03-23T20:20:10","guid":{"rendered":"https:\/\/www.zunoticia.com\/noticias-de-hidalgo\/?p=473996"},"modified":"2023-03-23T14:20:11","modified_gmt":"2023-03-23T20:20:11","slug":"realiza-semarnath-actividades-para-concientizar-sobre-el-cuidado-del-agua-en-la-huasteca","status":"publish","type":"post","link":"https:\/\/www.zunoticia.com\/noticias-de-hidalgo\/2023\/03\/23\/realiza-semarnath-actividades-para-concientizar-sobre-el-cuidado-del-agua-en-la-huasteca\/","title":{"rendered":"Realiza SEMARNATH actividades para concientizar sobre el cuidado del agua en la huasteca"},"content":{"rendered":"<aside class=\"mashsb-container mashsb-main mashsb-stretched\"><div class=\"mashsb-box\"><div class=\"mashsb-count mash-large\" style=\"float:left\"><div class=\"counts mashsbcount\">1<\/div><span class=\"mashsb-sharetext\">SHARES<\/span><\/div><div class=\"mashsb-buttons\"><a class=\"mashicon-facebook mash-large mash-center mashsb-noshadow\" href=\"https:\/\/www.facebook.com\/sharer.php?u=https%3A%2F%2Fwww.zunoticia.com%2Fnoticias-de-hidalgo%2F2023%2F03%2F23%2Frealiza-semarnath-actividades-para-concientizar-sobre-el-cuidado-del-agua-en-la-huasteca%2F\" target=\"_top\" rel=\"nofollow\"><span class=\"icon\"><\/span><span class=\"text\">Share<\/span><\/a><a class=\"mashicon-twitter mash-large mash-center mashsb-noshadow\" href=\"https:\/\/twitter.com\/intent\/tweet?text=&amp;url=https:\/\/www.zunoticia.com\/noticias-de-hidalgo\/2023\/03\/23\/realiza-semarnath-actividades-para-concientizar-sobre-el-cuidado-del-agua-en-la-huasteca\/\" target=\"_top\" rel=\"nofollow\"><span class=\"icon\"><\/span><span class=\"text\">Tweet<\/span><\/a><div class=\"onoffswitch2 mash-large mashsb-noshadow\" style=\"display:none\"><\/div><\/div>\n            <\/div>\n                <div style=\"clear:both\"><\/div><div class=\"mashsb-toggle-container\"><\/div><\/aside>\n            <!-- Share buttons by mashshare.net - Version: 4.0.47-->\n<p><\/p>\n\n\n\n<p>\u00b7 A trav\u00e9s de una conferencia y pr\u00e1cticas de observaci\u00f3n, los participantes podr\u00e1n reconocer la importancia de este l\u00edquido en el desarrollo de las plantas y el ser humano.<\/p>\n\n\n\n<p><em>Por Redacci\u00f3n\/Zunoticia<\/em><\/p>\n\n\n\n<p><strong>Pachuca de Soto, Hgo<\/strong>.- En el marco del D\u00eda Mundial del Agua, la Secretar\u00eda de Medio Ambiente y Recursos de Hidalgo (Semarnath) a trav\u00e9s del Centro de Educaci\u00f3n y Cultura Ambiental de la Regi\u00f3n Huasteca (CECAH) lleva a cabo una serie de actividades educativas que culminar\u00e1n este viernes 24 de marzo.<\/p>\n\n\n\n<p>La actividad inicial consiste en la conferencia \u201cLa importancia del agua en los ecosistemas\u201d, impartida por el bi\u00f3logo Nicol\u00e1s Reyes, la cual tiene por objetivo hablar sobre el cuidado y escasez del agua en la regi\u00f3n Huasteca. Adem\u00e1s de la pr\u00e1ctica de observaci\u00f3n de microorganismos en cuerpos de agua, en la que los participantes apoyados de un microscopio podr\u00e1n identificar espec\u00edmenes como tard\u00edgrados, flagelos y cilios.<\/p>\n\n\n\n<p>As\u00ed mismo, otra de las actividades que pueden disfrutarse es el transporte de savia bruta, pr\u00e1ctica en la que mediante el uso de un apio y colorante natural puede conocerse el transporte de agua y reconocer la importancia de este l\u00edquido en el desarrollo de las plantas y el ser humano.<\/p>\n\n\n\n<p>Finalmente, las personas interesadas conocer\u00e1n las instalaciones del CECAH a trav\u00e9s de un recorrido guiado por las cuatro salas que comprenden este centro, en el que aprender\u00e1n sobre residuos s\u00f3lidos urbanos, recursos naturales y cambio clim\u00e1tico.<\/p>\n\n\n\n<figure class=\"wp-block-gallery has-nested-images columns-default is-cropped wp-block-gallery-1 is-layout-flex wp-block-gallery-is-layout-flex\">\n<figure class=\"wp-block-image size-large\"><img fetchpriority=\"high\" decoding=\"async\" width=\"940\" height=\"788\" data-id=\"473998\" src=\"https:\/\/www.zunoticia.com\/noticias-de-hidalgo\/wp-content\/uploads\/2023\/03\/2-81.png\" alt=\"\" class=\"wp-image-473998\" srcset=\"https:\/\/www.zunoticia.com\/noticias-de-hidalgo\/wp-content\/uploads\/2023\/03\/2-81.png 940w, https:\/\/www.zunoticia.com\/noticias-de-hidalgo\/wp-content\/uploads\/2023\/03\/2-81-300x251.png 300w, https:\/\/www.zunoticia.com\/noticias-de-hidalgo\/wp-content\/uploads\/2023\/03\/2-81-768x644.png 768w\" sizes=\"(max-width: 940px) 100vw, 940px\" \/><\/figure>\n<\/figure>\n","protected":false},"excerpt":{"rendered":"<p>\u00b7 A trav\u00e9s de una conferencia y pr\u00e1cticas de observaci\u00f3n, los participantes podr\u00e1n reconocer la importancia de este l\u00edquido en el desarrollo de las plantas y el ser humano. Por Redacci\u00f3n\/Zunoticia Pachuca de Soto, Hgo.- En el marco del D\u00eda Mundial del Agua, la Secretar\u00eda de Medio Ambiente y Recursos de Hidalgo (Semarnath) a trav\u00e9s&hellip; <a class=\"more-link\" href=\"https:\/\/www.zunoticia.com\/noticias-de-hidalgo\/2023\/03\/23\/realiza-semarnath-actividades-para-concientizar-sobre-el-cuidado-del-agua-en-la-huasteca\/\">Seguir leyendo <span class=\"screen-reader-text\">Realiza SEMARNATH actividades para concientizar sobre el cuidado del agua en la huasteca<\/span><\/a><\/p>\n","protected":false},"author":20,"featured_media":473997,"comment_status":"closed","ping_status":"open","sticky":false,"template":"","format":"standard","meta":{"rop_custom_images_group":[],"rop_custom_messages_group":[],"rop_publish_now":"initial","rop_publish_now_accounts":{"facebook_10159540855086992_322828327761733":""},"rop_publish_now_history":[],"rop_publish_now_status":"pending","footnotes":""},"categories":[208],"tags":[214],"class_list":["post-473996","post","type-post","status-publish","format-standard","has-post-thumbnail","hentry","category-estado","tag-estado","entry"],"_links":{"self":[{"href":"https:\/\/www.zunoticia.com\/noticias-de-hidalgo\/wp-json\/wp\/v2\/posts\/473996","targetHints":{"allow":["GET"]}}],"collection":[{"href":"https:\/\/www.zunoticia.com\/noticias-de-hidalgo\/wp-json\/wp\/v2\/posts"}],"about":[{"href":"https:\/\/www.zunoticia.com\/noticias-de-hidalgo\/wp-json\/wp\/v2\/types\/post"}],"author":[{"embeddable":true,"href":"https:\/\/www.zunoticia.com\/noticias-de-hidalgo\/wp-json\/wp\/v2\/users\/20"}],"replies":[{"embeddable":true,"href":"https:\/\/www.zunoticia.com\/noticias-de-hidalgo\/wp-json\/wp\/v2\/comments?post=473996"}],"version-history":[{"count":1,"href":"https:\/\/www.zunoticia.com\/noticias-de-hidalgo\/wp-json\/wp\/v2\/posts\/473996\/revisions"}],"predecessor-version":[{"id":473999,"href":"https:\/\/www.zunoticia.com\/noticias-de-hidalgo\/wp-json\/wp\/v2\/posts\/473996\/revisions\/473999"}],"wp:featuredmedia":[{"embeddable":true,"href":"https:\/\/www.zunoticia.com\/noticias-de-hidalgo\/wp-json\/wp\/v2\/media\/473997"}],"wp:attachment":[{"href":"https:\/\/www.zunoticia.com\/noticias-de-hidalgo\/wp-json\/wp\/v2\/media?parent=473996"}],"wp:term":[{"taxonomy":"category","embeddable":true,"href":"https:\/\/www.zunoticia.com\/noticias-de-hidalgo\/wp-json\/wp\/v2\/categories?post=473996"},{"taxonomy":"post_tag","embeddable":true,"href":"https:\/\/www.zunoticia.com\/noticias-de-hidalgo\/wp-json\/wp\/v2\/tags?post=473996"}],"curies":[{"name":"wp","href":"https:\/\/api.w.org\/{rel}","templated":true}]}}