{"id":474000,"date":"2023-03-23T14:32:08","date_gmt":"2023-03-23T20:32:08","guid":{"rendered":"https:\/\/www.zunoticia.com\/noticias-de-hidalgo\/?p=474000"},"modified":"2023-03-23T14:32:10","modified_gmt":"2023-03-23T20:32:10","slug":"from-the-deep-el-primer-album-de-un-trabajo-motivador","status":"publish","type":"post","link":"https:\/\/www.zunoticia.com\/noticias-de-hidalgo\/2023\/03\/23\/from-the-deep-el-primer-album-de-un-trabajo-motivador\/","title":{"rendered":"\u201cFrom the Deep\u201d el primer \u00e1lbum de un trabajo motivador"},"content":{"rendered":"<aside class=\"mashsb-container mashsb-main mashsb-stretched\"><div class=\"mashsb-box\"><div class=\"mashsb-count mash-large\" style=\"float:left\"><div class=\"counts mashsbcount\">19<\/div><span class=\"mashsb-sharetext\">SHARES<\/span><\/div><div class=\"mashsb-buttons\"><a class=\"mashicon-facebook mash-large mash-center mashsb-noshadow\" href=\"https:\/\/www.facebook.com\/sharer.php?u=https%3A%2F%2Fwww.zunoticia.com%2Fnoticias-de-hidalgo%2F2023%2F03%2F23%2Ffrom-the-deep-el-primer-album-de-un-trabajo-motivador%2F\" target=\"_top\" rel=\"nofollow\"><span class=\"icon\"><\/span><span class=\"text\">Share<\/span><\/a><a class=\"mashicon-twitter mash-large mash-center mashsb-noshadow\" href=\"https:\/\/twitter.com\/intent\/tweet?text=&amp;url=https:\/\/www.zunoticia.com\/noticias-de-hidalgo\/2023\/03\/23\/from-the-deep-el-primer-album-de-un-trabajo-motivador\/\" target=\"_top\" rel=\"nofollow\"><span class=\"icon\"><\/span><span class=\"text\">Tweet<\/span><\/a><div class=\"onoffswitch2 mash-large mashsb-noshadow\" style=\"display:none\"><\/div><\/div>\n            <\/div>\n                <div style=\"clear:both\"><\/div><div class=\"mashsb-toggle-container\"><\/div><\/aside>\n            <!-- Share buttons by mashshare.net - Version: 4.0.47-->\n<p><\/p>\n\n\n\n<p>Por Redacci\u00f3n\/Zunoticia<\/p>\n\n\n\n<p>Huejutla de Reyes, Hgo.- Con el equinoccio de primavera, se estren\u00f3 el \u00e1lbum \u201cFrom The Deep\u201d, mismo que est\u00e1 compuesto de 10 pistas instrumentales, donde destaca el g\u00e9nero electr\u00f3nico, definidas por su autor como inspiraciones y experimentos musicales que ha logrado ser parte de su vida en el \u00e1mbito personal.<\/p>\n\n\n\n<p>Este martes 21 de marzo, a trav\u00e9s de las plataformas digitales Spotify, Apple Music, deezer, Amazon Music, TIDAL y Youtube, se estren\u00f3 el primer material discogr\u00e1fico \u201cFrom The Deep\u201d, como parte del debut de JosephMGP.<\/p>\n\n\n\n<p>Gracias a la producci\u00f3n musical de Flores Arteaga Estudios&nbsp; y la distribuci\u00f3n de Brise Music Group, a trav\u00e9s de Striatus Music, cuya direcci\u00f3n de filmaci\u00f3n de videoclips y posproducciones est\u00e1 a cargo del Grupo Coleman.<\/p>\n\n\n\n<p>As\u00ed como en el primer sencillo, se plantea que en la mayor parte de las composiciones contengan un videoclip con mensajes motivacionales. En ese sentido, el compositor explic\u00f3 que cada canci\u00f3n \u201chable por s\u00ed misma\u201d, raz\u00f3n por la cual no existe una interpretaci\u00f3n vocal, a excepci\u00f3n de dos invitados en una trama que aborda el tema astron\u00f3mico bajo un contexto surrealista.<\/p>\n\n\n\n<p>\u201cCuando empec\u00e9 a escribir el \u00e1lbum, pens\u00e9 en mi vida, en mis experiencias, en c\u00f3mo he logrado cada objetivo que, aunque por muy peque\u00f1o que sea, siempre tiene que trascender, decid\u00ed los t\u00edtulos en ingl\u00e9s, uno que otro en franc\u00e9s y hasta en japon\u00e9s, para volverlos m\u00e1s interesantes\u201d. Destac\u00f3 JosephMGP.<\/p>\n","protected":false},"excerpt":{"rendered":"<p>Por Redacci\u00f3n\/Zunoticia Huejutla de Reyes, Hgo.- Con el equinoccio de primavera, se estren\u00f3 el \u00e1lbum \u201cFrom The Deep\u201d, mismo que est\u00e1 compuesto de 10 pistas instrumentales, donde destaca el g\u00e9nero electr\u00f3nico, definidas por su autor como inspiraciones y experimentos musicales que ha logrado ser parte de su vida en el \u00e1mbito personal. Este martes 21&hellip; <a class=\"more-link\" href=\"https:\/\/www.zunoticia.com\/noticias-de-hidalgo\/2023\/03\/23\/from-the-deep-el-primer-album-de-un-trabajo-motivador\/\">Seguir leyendo <span class=\"screen-reader-text\">\u201cFrom the Deep\u201d el primer \u00e1lbum de un trabajo motivador<\/span><\/a><\/p>\n","protected":false},"author":20,"featured_media":474001,"comment_status":"closed","ping_status":"open","sticky":false,"template":"","format":"standard","meta":{"rop_custom_images_group":[],"rop_custom_messages_group":[],"rop_publish_now":"initial","rop_publish_now_accounts":{"facebook_10159540855086992_322828327761733":""},"rop_publish_now_history":[],"rop_publish_now_status":"pending","footnotes":""},"categories":[181],"tags":[121],"class_list":["post-474000","post","type-post","status-publish","format-standard","has-post-thumbnail","hentry","category-huejutla","tag-huejutla","entry"],"_links":{"self":[{"href":"https:\/\/www.zunoticia.com\/noticias-de-hidalgo\/wp-json\/wp\/v2\/posts\/474000","targetHints":{"allow":["GET"]}}],"collection":[{"href":"https:\/\/www.zunoticia.com\/noticias-de-hidalgo\/wp-json\/wp\/v2\/posts"}],"about":[{"href":"https:\/\/www.zunoticia.com\/noticias-de-hidalgo\/wp-json\/wp\/v2\/types\/post"}],"author":[{"embeddable":true,"href":"https:\/\/www.zunoticia.com\/noticias-de-hidalgo\/wp-json\/wp\/v2\/users\/20"}],"replies":[{"embeddable":true,"href":"https:\/\/www.zunoticia.com\/noticias-de-hidalgo\/wp-json\/wp\/v2\/comments?post=474000"}],"version-history":[{"count":1,"href":"https:\/\/www.zunoticia.com\/noticias-de-hidalgo\/wp-json\/wp\/v2\/posts\/474000\/revisions"}],"predecessor-version":[{"id":474002,"href":"https:\/\/www.zunoticia.com\/noticias-de-hidalgo\/wp-json\/wp\/v2\/posts\/474000\/revisions\/474002"}],"wp:featuredmedia":[{"embeddable":true,"href":"https:\/\/www.zunoticia.com\/noticias-de-hidalgo\/wp-json\/wp\/v2\/media\/474001"}],"wp:attachment":[{"href":"https:\/\/www.zunoticia.com\/noticias-de-hidalgo\/wp-json\/wp\/v2\/media?parent=474000"}],"wp:term":[{"taxonomy":"category","embeddable":true,"href":"https:\/\/www.zunoticia.com\/noticias-de-hidalgo\/wp-json\/wp\/v2\/categories?post=474000"},{"taxonomy":"post_tag","embeddable":true,"href":"https:\/\/www.zunoticia.com\/noticias-de-hidalgo\/wp-json\/wp\/v2\/tags?post=474000"}],"curies":[{"name":"wp","href":"https:\/\/api.w.org\/{rel}","templated":true}]}}