{"id":474007,"date":"2023-03-23T15:01:02","date_gmt":"2023-03-23T21:01:02","guid":{"rendered":"https:\/\/www.zunoticia.com\/noticias-de-hidalgo\/?p=474007"},"modified":"2023-03-23T15:01:04","modified_gmt":"2023-03-23T21:01:04","slug":"avanza-rehabilitacion-plena-del-parque-ecologico-ghr","status":"publish","type":"post","link":"https:\/\/www.zunoticia.com\/noticias-de-hidalgo\/2023\/03\/23\/avanza-rehabilitacion-plena-del-parque-ecologico-ghr\/","title":{"rendered":"Avanza rehabilitaci\u00f3n plena del Parque Ecol\u00f3gico: GHR"},"content":{"rendered":"<aside class=\"mashsb-container mashsb-main mashsb-stretched\"><div class=\"mashsb-box\"><div class=\"mashsb-count mash-large\" style=\"float:left\"><div class=\"counts mashsbcount\">16<\/div><span class=\"mashsb-sharetext\">SHARES<\/span><\/div><div class=\"mashsb-buttons\"><a class=\"mashicon-facebook mash-large mash-center mashsb-noshadow\" href=\"https:\/\/www.facebook.com\/sharer.php?u=https%3A%2F%2Fwww.zunoticia.com%2Fnoticias-de-hidalgo%2F2023%2F03%2F23%2Favanza-rehabilitacion-plena-del-parque-ecologico-ghr%2F\" target=\"_top\" rel=\"nofollow\"><span class=\"icon\"><\/span><span class=\"text\">Share<\/span><\/a><a class=\"mashicon-twitter mash-large mash-center mashsb-noshadow\" href=\"https:\/\/twitter.com\/intent\/tweet?text=&amp;url=https:\/\/www.zunoticia.com\/noticias-de-hidalgo\/2023\/03\/23\/avanza-rehabilitacion-plena-del-parque-ecologico-ghr\/\" target=\"_top\" rel=\"nofollow\"><span class=\"icon\"><\/span><span class=\"text\">Tweet<\/span><\/a><div class=\"onoffswitch2 mash-large mashsb-noshadow\" style=\"display:none\"><\/div><\/div>\n            <\/div>\n                <div style=\"clear:both\"><\/div><div class=\"mashsb-toggle-container\"><\/div><\/aside>\n            <!-- Share buttons by mashshare.net - Version: 4.0.47-->\n<p><\/p>\n\n\n\n<p><em>Por Salvador Altamirano\/Zunoticia<\/em><\/p>\n\n\n\n<p><strong>Huejutla, Hgo<\/strong>.- El director general de Ecolog\u00eda y Sustentabilidad Municipal, Gabriel Hern\u00e1ndez Romero, manifest\u00f3 que en todos los aspectos avanza la remodelaci\u00f3n de las instalaciones del Parque Ecol\u00f3gico.<\/p>\n\n\n\n<p>Refiri\u00f3 que entre las actividades que sobresalen, se encuentra la adecuaci\u00f3n de un estacionamiento y construcci\u00f3n de una rampa para personas con problemas de locomoci\u00f3n, las cuales acuden al Centro Gerontol\u00f3gico que se encuentra en el espacio.<\/p>\n\n\n\n<p>Agreg\u00f3 que de igual manera, se est\u00e1n rehabilitando los juegos infantiles en sus dos secciones;&nbsp; se remoza con pintura adecuada todo lo que se requiere, entre ellos, canaletas, postes, paredes y portones, lo cual est\u00e1 dando un aspecto agradable al sitio ecol\u00f3gico.<\/p>\n\n\n\n<p>As\u00ed mismo, subray\u00f3 que se est\u00e1n cambiando los techos de zacate de las palapas existentes, en especial las de mayor dimensi\u00f3n, las cuales son utilizadas no solo por familias visitantes sino tambi\u00e9n para realizar actividades y reuniones.<\/p>\n\n\n\n<p>Para concluir, Hern\u00e1ndez Romero acentu\u00f3 que uno de los aspectos atractivos en el cual se ha puesto mayor empe\u00f1o, es el cuidado del lago artificial y activaci\u00f3n de la cascada, la cual se pone en funcionamiento al mediod\u00eda, cuando hay mayor afluencia de visitantes.<\/p>\n\n\n\n<p><\/p>\n\n\n\n<figure class=\"wp-block-gallery has-nested-images columns-default is-cropped wp-block-gallery-1 is-layout-flex wp-block-gallery-is-layout-flex\">\n<figure class=\"wp-block-image size-large\"><img fetchpriority=\"high\" decoding=\"async\" width=\"940\" height=\"788\" data-id=\"474010\" src=\"https:\/\/www.zunoticia.com\/noticias-de-hidalgo\/wp-content\/uploads\/2023\/03\/2-83.png\" alt=\"\" class=\"wp-image-474010\" srcset=\"https:\/\/www.zunoticia.com\/noticias-de-hidalgo\/wp-content\/uploads\/2023\/03\/2-83.png 940w, https:\/\/www.zunoticia.com\/noticias-de-hidalgo\/wp-content\/uploads\/2023\/03\/2-83-300x251.png 300w, https:\/\/www.zunoticia.com\/noticias-de-hidalgo\/wp-content\/uploads\/2023\/03\/2-83-768x644.png 768w\" sizes=\"(max-width: 940px) 100vw, 940px\" \/><\/figure>\n\n\n\n<figure class=\"wp-block-image size-large\"><img decoding=\"async\" width=\"940\" height=\"788\" data-id=\"474009\" src=\"https:\/\/www.zunoticia.com\/noticias-de-hidalgo\/wp-content\/uploads\/2023\/03\/3-35.png\" alt=\"\" class=\"wp-image-474009\" srcset=\"https:\/\/www.zunoticia.com\/noticias-de-hidalgo\/wp-content\/uploads\/2023\/03\/3-35.png 940w, https:\/\/www.zunoticia.com\/noticias-de-hidalgo\/wp-content\/uploads\/2023\/03\/3-35-300x251.png 300w, https:\/\/www.zunoticia.com\/noticias-de-hidalgo\/wp-content\/uploads\/2023\/03\/3-35-768x644.png 768w\" sizes=\"(max-width: 940px) 100vw, 940px\" \/><\/figure>\n<\/figure>\n","protected":false},"excerpt":{"rendered":"<p>Por Salvador Altamirano\/Zunoticia Huejutla, Hgo.- El director general de Ecolog\u00eda y Sustentabilidad Municipal, Gabriel Hern\u00e1ndez Romero, manifest\u00f3 que en todos los aspectos avanza la remodelaci\u00f3n de las instalaciones del Parque Ecol\u00f3gico. Refiri\u00f3 que entre las actividades que sobresalen, se encuentra la adecuaci\u00f3n de un estacionamiento y construcci\u00f3n de una rampa para personas con problemas de&hellip; <a class=\"more-link\" href=\"https:\/\/www.zunoticia.com\/noticias-de-hidalgo\/2023\/03\/23\/avanza-rehabilitacion-plena-del-parque-ecologico-ghr\/\">Seguir leyendo <span class=\"screen-reader-text\">Avanza rehabilitaci\u00f3n plena del Parque Ecol\u00f3gico: GHR<\/span><\/a><\/p>\n","protected":false},"author":20,"featured_media":474008,"comment_status":"closed","ping_status":"open","sticky":false,"template":"","format":"standard","meta":{"rop_custom_images_group":[],"rop_custom_messages_group":[],"rop_publish_now":"initial","rop_publish_now_accounts":{"facebook_10159540855086992_322828327761733":""},"rop_publish_now_history":[],"rop_publish_now_status":"pending","footnotes":""},"categories":[181],"tags":[121],"class_list":["post-474007","post","type-post","status-publish","format-standard","has-post-thumbnail","hentry","category-huejutla","tag-huejutla","entry"],"_links":{"self":[{"href":"https:\/\/www.zunoticia.com\/noticias-de-hidalgo\/wp-json\/wp\/v2\/posts\/474007","targetHints":{"allow":["GET"]}}],"collection":[{"href":"https:\/\/www.zunoticia.com\/noticias-de-hidalgo\/wp-json\/wp\/v2\/posts"}],"about":[{"href":"https:\/\/www.zunoticia.com\/noticias-de-hidalgo\/wp-json\/wp\/v2\/types\/post"}],"author":[{"embeddable":true,"href":"https:\/\/www.zunoticia.com\/noticias-de-hidalgo\/wp-json\/wp\/v2\/users\/20"}],"replies":[{"embeddable":true,"href":"https:\/\/www.zunoticia.com\/noticias-de-hidalgo\/wp-json\/wp\/v2\/comments?post=474007"}],"version-history":[{"count":1,"href":"https:\/\/www.zunoticia.com\/noticias-de-hidalgo\/wp-json\/wp\/v2\/posts\/474007\/revisions"}],"predecessor-version":[{"id":474011,"href":"https:\/\/www.zunoticia.com\/noticias-de-hidalgo\/wp-json\/wp\/v2\/posts\/474007\/revisions\/474011"}],"wp:featuredmedia":[{"embeddable":true,"href":"https:\/\/www.zunoticia.com\/noticias-de-hidalgo\/wp-json\/wp\/v2\/media\/474008"}],"wp:attachment":[{"href":"https:\/\/www.zunoticia.com\/noticias-de-hidalgo\/wp-json\/wp\/v2\/media?parent=474007"}],"wp:term":[{"taxonomy":"category","embeddable":true,"href":"https:\/\/www.zunoticia.com\/noticias-de-hidalgo\/wp-json\/wp\/v2\/categories?post=474007"},{"taxonomy":"post_tag","embeddable":true,"href":"https:\/\/www.zunoticia.com\/noticias-de-hidalgo\/wp-json\/wp\/v2\/tags?post=474007"}],"curies":[{"name":"wp","href":"https:\/\/api.w.org\/{rel}","templated":true}]}}