{"id":474015,"date":"2023-03-23T16:43:22","date_gmt":"2023-03-23T22:43:22","guid":{"rendered":"https:\/\/www.zunoticia.com\/noticias-de-hidalgo\/?p=474015"},"modified":"2023-03-23T16:43:23","modified_gmt":"2023-03-23T22:43:23","slug":"llevan-a-escuelas-programa-infantil-para-el-fortalecimiento-de-valores-y-cultura-de-legalidad","status":"publish","type":"post","link":"https:\/\/www.zunoticia.com\/noticias-de-hidalgo\/2023\/03\/23\/llevan-a-escuelas-programa-infantil-para-el-fortalecimiento-de-valores-y-cultura-de-legalidad\/","title":{"rendered":"Llevan a escuelas programa infantil para el Fortalecimiento de valores y cultura de legalidad"},"content":{"rendered":"<aside class=\"mashsb-container mashsb-main mashsb-stretched\"><div class=\"mashsb-box\"><div class=\"mashsb-count mash-large\" style=\"float:left\"><div class=\"counts mashsbcount\">10<\/div><span class=\"mashsb-sharetext\">SHARES<\/span><\/div><div class=\"mashsb-buttons\"><a class=\"mashicon-facebook mash-large mash-center mashsb-noshadow\" href=\"https:\/\/www.facebook.com\/sharer.php?u=https%3A%2F%2Fwww.zunoticia.com%2Fnoticias-de-hidalgo%2F2023%2F03%2F23%2Fllevan-a-escuelas-programa-infantil-para-el-fortalecimiento-de-valores-y-cultura-de-legalidad%2F\" target=\"_top\" rel=\"nofollow\"><span class=\"icon\"><\/span><span class=\"text\">Share<\/span><\/a><a class=\"mashicon-twitter mash-large mash-center mashsb-noshadow\" href=\"https:\/\/twitter.com\/intent\/tweet?text=&amp;url=https:\/\/www.zunoticia.com\/noticias-de-hidalgo\/2023\/03\/23\/llevan-a-escuelas-programa-infantil-para-el-fortalecimiento-de-valores-y-cultura-de-legalidad\/\" target=\"_top\" rel=\"nofollow\"><span class=\"icon\"><\/span><span class=\"text\">Tweet<\/span><\/a><div class=\"onoffswitch2 mash-large mashsb-noshadow\" style=\"display:none\"><\/div><\/div>\n            <\/div>\n                <div style=\"clear:both\"><\/div><div class=\"mashsb-toggle-container\"><\/div><\/aside>\n            <!-- Share buttons by mashshare.net - Version: 4.0.47-->\n<p><\/p>\n\n\n\n<p><em>Por \u00c1ngel Silverio\/Zunoticia<\/em><\/p>\n\n\n\n<p><strong>San Felipe Orizatl\u00e1n, Hgo<\/strong>.- El pasado martes 21 de marzo, se llev\u00f3 a cabo el programa infantil para el Fortalecimiento de los Valores y la Cultura de la Legalidad, en la comunidad de Santa Ana, a trav\u00e9s la Direcci\u00f3n General de Vinculaci\u00f3n y Ciudadanizaci\u00f3n de la Secretar\u00eda de Contralor\u00eda del Estado de Hidalgo en coordinaci\u00f3n con el \u00e1rea de Contralor\u00eda, Educaci\u00f3n y Cultura Municipal, con apoyo de la Supervisi\u00f3n de la Zona Escolar 059 de Primarias Ind\u00edgenas.<\/p>\n\n\n\n<p>Dicho programa tuvo como objetivo consolidar la cultura de los valores, legalidad y participaci\u00f3n ciudadana en los estudiantes hidalguenses a trav\u00e9s de actividades l\u00fadico-educativas que fomenten la apreciaci\u00f3n de conductas \u00e9ticas con el objeto de prevenir la corrupci\u00f3n, concientizando en valores como la honestidad y responsabilidad.<\/p>\n\n\n\n<p>En este evento, se logr\u00f3 la participaci\u00f3n de 200 alumnos, provenientes de las Primarias Ind\u00edgenas, Guadalupe Victoria de Santa Ana, Emiliano Zapata de Talapitz I, H\u00e9roes de la Revoluci\u00f3n de Zacayahual, Miguel Hidalgo de Teoxtitla y Benito Ju\u00e1rez de Tequexquilico.<\/p>\n\n\n\n<p>Todos bajo la invitaci\u00f3n y gu\u00eda de Celestino del \u00c1ngel Esteban, supervisor de la Zona Escolar 059 de Primarias Ind\u00edgenas y Santos Cayetano Valent\u00edn, apoyo t\u00e9cnico de la Zona Escolar 059.<\/p>\n\n\n\n<p>Como parte de las actividades se realiz\u00f3 la presentaci\u00f3n de los \u201ccontralorcitos\u201d, adem\u00e1s de la entrega de gafetes y reconocimientos de participaci\u00f3n a 30 ni\u00f1as y ni\u00f1os destacados por su desempe\u00f1o, responsabilidad, cumplimiento y \u00e9tica diaria de los grados 3\u00b0, 4\u00b0 y 5\u00b0 de las diferentes escuelas participantes.<\/p>\n\n\n\n<p>Finalmente, con un acto significativo se tom\u00f3 protesta a las ni\u00f1as y ni\u00f1os que fueron nombrados como \u201ccontralorcitos\u201d y se llev\u00f3 a cabo la entrega de reconocimientos a las escuelas primarias ind\u00edgenas por parte de la Direcci\u00f3n General de Vinculaci\u00f3n y Ciudadanizaci\u00f3n de la Secretar\u00eda de Contralor\u00eda del Estado de Hidalgo; la Supervisi\u00f3n de la Zona Escolar 059 de Primarias Ind\u00edgenas y la Contralor\u00eda Municipal.<\/p>\n\n\n\n<figure class=\"wp-block-gallery has-nested-images columns-default is-cropped wp-block-gallery-1 is-layout-flex wp-block-gallery-is-layout-flex\">\n<figure class=\"wp-block-image size-large\"><img fetchpriority=\"high\" decoding=\"async\" width=\"940\" height=\"788\" data-id=\"474018\" src=\"https:\/\/www.zunoticia.com\/noticias-de-hidalgo\/wp-content\/uploads\/2023\/03\/1-77.png\" alt=\"\" class=\"wp-image-474018\" srcset=\"https:\/\/www.zunoticia.com\/noticias-de-hidalgo\/wp-content\/uploads\/2023\/03\/1-77.png 940w, https:\/\/www.zunoticia.com\/noticias-de-hidalgo\/wp-content\/uploads\/2023\/03\/1-77-300x251.png 300w, https:\/\/www.zunoticia.com\/noticias-de-hidalgo\/wp-content\/uploads\/2023\/03\/1-77-768x644.png 768w\" sizes=\"(max-width: 940px) 100vw, 940px\" \/><\/figure>\n\n\n\n<figure class=\"wp-block-image size-large\"><img decoding=\"async\" width=\"940\" height=\"788\" data-id=\"474017\" src=\"https:\/\/www.zunoticia.com\/noticias-de-hidalgo\/wp-content\/uploads\/2023\/03\/2-84.png\" alt=\"\" class=\"wp-image-474017\" srcset=\"https:\/\/www.zunoticia.com\/noticias-de-hidalgo\/wp-content\/uploads\/2023\/03\/2-84.png 940w, https:\/\/www.zunoticia.com\/noticias-de-hidalgo\/wp-content\/uploads\/2023\/03\/2-84-300x251.png 300w, https:\/\/www.zunoticia.com\/noticias-de-hidalgo\/wp-content\/uploads\/2023\/03\/2-84-768x644.png 768w\" sizes=\"(max-width: 940px) 100vw, 940px\" \/><\/figure>\n<\/figure>\n","protected":false},"excerpt":{"rendered":"<p>Por \u00c1ngel Silverio\/Zunoticia San Felipe Orizatl\u00e1n, Hgo.- El pasado martes 21 de marzo, se llev\u00f3 a cabo el programa infantil para el Fortalecimiento de los Valores y la Cultura de la Legalidad, en la comunidad de Santa Ana, a trav\u00e9s la Direcci\u00f3n General de Vinculaci\u00f3n y Ciudadanizaci\u00f3n de la Secretar\u00eda de Contralor\u00eda del Estado de&hellip; <a class=\"more-link\" href=\"https:\/\/www.zunoticia.com\/noticias-de-hidalgo\/2023\/03\/23\/llevan-a-escuelas-programa-infantil-para-el-fortalecimiento-de-valores-y-cultura-de-legalidad\/\">Seguir leyendo <span class=\"screen-reader-text\">Llevan a escuelas programa infantil para el Fortalecimiento de valores y cultura de legalidad<\/span><\/a><\/p>\n","protected":false},"author":20,"featured_media":474016,"comment_status":"closed","ping_status":"open","sticky":false,"template":"","format":"standard","meta":{"rop_custom_images_group":[],"rop_custom_messages_group":[],"rop_publish_now":"initial","rop_publish_now_accounts":{"facebook_10159540855086992_322828327761733":""},"rop_publish_now_history":[],"rop_publish_now_status":"pending","footnotes":""},"categories":[180],"tags":[129],"class_list":["post-474015","post","type-post","status-publish","format-standard","has-post-thumbnail","hentry","category-orizatlan","tag-orizatlan","entry"],"_links":{"self":[{"href":"https:\/\/www.zunoticia.com\/noticias-de-hidalgo\/wp-json\/wp\/v2\/posts\/474015","targetHints":{"allow":["GET"]}}],"collection":[{"href":"https:\/\/www.zunoticia.com\/noticias-de-hidalgo\/wp-json\/wp\/v2\/posts"}],"about":[{"href":"https:\/\/www.zunoticia.com\/noticias-de-hidalgo\/wp-json\/wp\/v2\/types\/post"}],"author":[{"embeddable":true,"href":"https:\/\/www.zunoticia.com\/noticias-de-hidalgo\/wp-json\/wp\/v2\/users\/20"}],"replies":[{"embeddable":true,"href":"https:\/\/www.zunoticia.com\/noticias-de-hidalgo\/wp-json\/wp\/v2\/comments?post=474015"}],"version-history":[{"count":1,"href":"https:\/\/www.zunoticia.com\/noticias-de-hidalgo\/wp-json\/wp\/v2\/posts\/474015\/revisions"}],"predecessor-version":[{"id":474019,"href":"https:\/\/www.zunoticia.com\/noticias-de-hidalgo\/wp-json\/wp\/v2\/posts\/474015\/revisions\/474019"}],"wp:featuredmedia":[{"embeddable":true,"href":"https:\/\/www.zunoticia.com\/noticias-de-hidalgo\/wp-json\/wp\/v2\/media\/474016"}],"wp:attachment":[{"href":"https:\/\/www.zunoticia.com\/noticias-de-hidalgo\/wp-json\/wp\/v2\/media?parent=474015"}],"wp:term":[{"taxonomy":"category","embeddable":true,"href":"https:\/\/www.zunoticia.com\/noticias-de-hidalgo\/wp-json\/wp\/v2\/categories?post=474015"},{"taxonomy":"post_tag","embeddable":true,"href":"https:\/\/www.zunoticia.com\/noticias-de-hidalgo\/wp-json\/wp\/v2\/tags?post=474015"}],"curies":[{"name":"wp","href":"https:\/\/api.w.org\/{rel}","templated":true}]}}