{"id":474031,"date":"2023-03-23T17:31:43","date_gmt":"2023-03-23T23:31:43","guid":{"rendered":"https:\/\/www.zunoticia.com\/noticias-de-hidalgo\/?p=474031"},"modified":"2023-03-23T17:31:44","modified_gmt":"2023-03-23T23:31:44","slug":"preservacion-de-cultura-y-lenguas-maternas-importante-para-lograr-la-trasformacion-de-hidalgo-natividad-castrejon","status":"publish","type":"post","link":"https:\/\/www.zunoticia.com\/noticias-de-hidalgo\/2023\/03\/23\/preservacion-de-cultura-y-lenguas-maternas-importante-para-lograr-la-trasformacion-de-hidalgo-natividad-castrejon\/","title":{"rendered":"Preservaci\u00f3n de cultura y lenguas maternas importante para lograr la trasformaci\u00f3n de Hidalgo: Natividad Castrej\u00f3n"},"content":{"rendered":"<aside class=\"mashsb-container mashsb-main mashsb-stretched\"><div class=\"mashsb-box\"><div class=\"mashsb-count mash-large\" style=\"float:left\"><div class=\"counts mashsbcount\">64<\/div><span class=\"mashsb-sharetext\">SHARES<\/span><\/div><div class=\"mashsb-buttons\"><a class=\"mashicon-facebook mash-large mash-center mashsb-noshadow\" href=\"https:\/\/www.facebook.com\/sharer.php?u=https%3A%2F%2Fwww.zunoticia.com%2Fnoticias-de-hidalgo%2F2023%2F03%2F23%2Fpreservacion-de-cultura-y-lenguas-maternas-importante-para-lograr-la-trasformacion-de-hidalgo-natividad-castrejon%2F\" target=\"_top\" rel=\"nofollow\"><span class=\"icon\"><\/span><span class=\"text\">Share<\/span><\/a><a class=\"mashicon-twitter mash-large mash-center mashsb-noshadow\" href=\"https:\/\/twitter.com\/intent\/tweet?text=&amp;url=https:\/\/www.zunoticia.com\/noticias-de-hidalgo\/2023\/03\/23\/preservacion-de-cultura-y-lenguas-maternas-importante-para-lograr-la-trasformacion-de-hidalgo-natividad-castrejon\/\" target=\"_top\" rel=\"nofollow\"><span class=\"icon\"><\/span><span class=\"text\">Tweet<\/span><\/a><div class=\"onoffswitch2 mash-large mashsb-noshadow\" style=\"display:none\"><\/div><\/div>\n            <\/div>\n                <div style=\"clear:both\"><\/div><div class=\"mashsb-toggle-container\"><\/div><\/aside>\n            <!-- Share buttons by mashshare.net - Version: 4.0.47-->\n<p><\/p>\n\n\n\n<p><em>Por Redacci\u00f3n\/Zunoticia<\/em><\/p>\n\n\n\n<p><strong>Pachuca de Soto, Hgo<\/strong>.- El secretario de Educaci\u00f3n P\u00fablica de Hidalgo, Natividad Castrej\u00f3n Valdez, destac\u00f3 el trabajo del profesor Marco Antonio Hern\u00e1ndez Hern\u00e1ndez, autor de diversos libros e impulsor de las culturas ind\u00edgenas y las lenguas maternas en el estado.<\/p>\n\n\n\n<p>\u201cSabemos qui\u00e9nes somos y lo que heredamos. De antemano secretario Natividad Castrej\u00f3n, agradezco el espacio para presentar mi libro, hoy lo doy a conocer porque esta Secretar\u00eda de Educaci\u00f3n P\u00fablica de Hidalgo (SEPH) es mi casa. Escrib\u00ed este libro con la intenci\u00f3n de preservar la palabra de mis abuelos y abuelas, sin ninguna pretensi\u00f3n m\u00e1s que mantener vivo el pensamiento antiguo, y la palabra verdadera. Me siento muy contento de poder aportar este escrito a trav\u00e9s de mi peque\u00f1o espacio funcional que es el Centro Estatal de Lenguas y Culturas Ind\u00edgenas (CELCI)\u201d, expres\u00f3 Marco Antonio Hern\u00e1ndez Hern\u00e1ndez, al ser reconocido por su libro \u201cUemac Los Gigantes del Mezquital\u201d.<\/p>\n\n\n\n<p>Marco Antonio Hern\u00e1ndez trabajador de la SEPH, indic\u00f3 que la primera versi\u00f3n de esta obra se escribi\u00f3 en el a\u00f1o 2015, cuatro a\u00f1os despu\u00e9s se public\u00f3 la segunda versi\u00f3n denominada \u201cUemac Los Gigantes del Mezquital\u201d, la cual se agreg\u00f3 al cat\u00e1logo de la Biblioteca Centenaria de la SEP, adem\u00e1s se eligi\u00f3 para ser distribuido en todas las bibliotecas del pa\u00eds y en 9 estados en donde se habla la lengua materna otom\u00ed. Dicho ejemplar se encontrar\u00e1 en las escuelas.<\/p>\n\n\n\n<p>En su mensaje, el secretario de Educaci\u00f3n P\u00fablica de Hidalgo, Natividad Castrej\u00f3n Valdez, resalt\u00f3 el trabajo del profesor Marco Antonio Hern\u00e1ndez y agradeci\u00f3 que este libro se escribiera para dar a conocer la cultura del estado de Hidalgo. Dijo que esto es importante ya que, en la Nueva Escuela Mexicana, dentro de los siete ejes articulares hay dos muy claros, uno es la apropiaci\u00f3n de la cultura a trav\u00e9s de la lectura y la escritura y, en el caso de Hidalgo, poniendo \u00e9nfasis en las tres lenguas maternas que se hablan.<\/p>\n\n\n\n<p>Subray\u00f3 que est\u00e1 obra ha tenido mucho \u00e9xito, \u201cseguramente impactar\u00e1 y aportar\u00e1 en muchos lectores ni\u00f1os y adolescentes, algo de las met\u00e1foras empeladas, pero tambi\u00e9n el saber que esta lengua poderosa se habla en muchos estados y que seguir\u00e1 viva por mucho tiempo, mientras existan personas que como t\u00fa le dedican una buena cantidad de tiempo para poder preservarla\u201d.<\/p>\n\n\n\n<p>Natividad Castrej\u00f3n felicit\u00f3 al autor y lo invit\u00f3 a seguir trabajando para conservar y promover la cultura y las lenguas maternas, ya que justo as\u00ed se lograr\u00e1 la trasformaci\u00f3n que requiere el estado, tal y como lo indica el gobernador Julio Menchaca Salazar.<\/p>\n\n\n\n<p>Cabe destacar que, en esta historia, que public\u00f3 inicialmente el Instituto Nacional de Pueblos Ind\u00edgenas y despu\u00e9s el Instituto Nacional de Lenguas Ind\u00edgenas, se recupera literariamente la leyenda otom\u00ed de los Uemac o gigantes que habitaban la Tierra del Valle del Mezquital.<\/p>\n\n\n\n<p>El escritor recupera las historias de los habitantes de esta zona de la entidad, donde las piedras calizas que hoy decoran los horizontes de Quer\u00e9taro y el Valle del Mezquital han sido consideradas por siglos como los huesos de los Uemac, gigantes que convivieron con el pueblo otom\u00ed y los ayudaron a desarrollar algunos oficios t\u00edpicos como la alfarer\u00eda y el trabajo con cer\u00e1mica.<\/p>\n\n\n\n<p>En dicho evento estuvieron presentes las subsecretarias: de Educaci\u00f3n B\u00e1sica, Myrlen Salas Dorantes; de Planeaci\u00f3n y Evaluaci\u00f3n, X\u00f3chitl Beatriz Garc\u00eda Curiel; de Administraci\u00f3n y Finanzas, Maricarmen Margarita Mandujano Cerrilla; el subsecretario de Educaci\u00f3n Media Superior y Superior, Daniel Fragoso Torres; el director general del CELCI, Miguel \u00c1ngel Ortega S\u00e1nchez; el titular de la Unidad de Coordinaci\u00f3n Ejecutiva, Manuel Francisco Vidales Silva, entre otros miembros de la comunidad educativa.<\/p>\n\n\n\n<figure class=\"wp-block-gallery has-nested-images columns-default is-cropped wp-block-gallery-1 is-layout-flex wp-block-gallery-is-layout-flex\">\n<figure class=\"wp-block-image size-large\"><img fetchpriority=\"high\" decoding=\"async\" width=\"940\" height=\"788\" data-id=\"474033\" src=\"https:\/\/www.zunoticia.com\/noticias-de-hidalgo\/wp-content\/uploads\/2023\/03\/1-79.png\" alt=\"\" class=\"wp-image-474033\" srcset=\"https:\/\/www.zunoticia.com\/noticias-de-hidalgo\/wp-content\/uploads\/2023\/03\/1-79.png 940w, https:\/\/www.zunoticia.com\/noticias-de-hidalgo\/wp-content\/uploads\/2023\/03\/1-79-300x251.png 300w, https:\/\/www.zunoticia.com\/noticias-de-hidalgo\/wp-content\/uploads\/2023\/03\/1-79-768x644.png 768w\" sizes=\"(max-width: 940px) 100vw, 940px\" \/><\/figure>\n<\/figure>\n","protected":false},"excerpt":{"rendered":"<p>Por Redacci\u00f3n\/Zunoticia Pachuca de Soto, Hgo.- El secretario de Educaci\u00f3n P\u00fablica de Hidalgo, Natividad Castrej\u00f3n Valdez, destac\u00f3 el trabajo del profesor Marco Antonio Hern\u00e1ndez Hern\u00e1ndez, autor de diversos libros e impulsor de las culturas ind\u00edgenas y las lenguas maternas en el estado. \u201cSabemos qui\u00e9nes somos y lo que heredamos. De antemano secretario Natividad Castrej\u00f3n, agradezco&hellip; <a class=\"more-link\" href=\"https:\/\/www.zunoticia.com\/noticias-de-hidalgo\/2023\/03\/23\/preservacion-de-cultura-y-lenguas-maternas-importante-para-lograr-la-trasformacion-de-hidalgo-natividad-castrejon\/\">Seguir leyendo <span class=\"screen-reader-text\">Preservaci\u00f3n de cultura y lenguas maternas importante para lograr la trasformaci\u00f3n de Hidalgo: Natividad Castrej\u00f3n<\/span><\/a><\/p>\n","protected":false},"author":20,"featured_media":474032,"comment_status":"closed","ping_status":"open","sticky":false,"template":"","format":"standard","meta":{"rop_custom_images_group":[],"rop_custom_messages_group":[],"rop_publish_now":"initial","rop_publish_now_accounts":{"facebook_10159540855086992_322828327761733":""},"rop_publish_now_history":[],"rop_publish_now_status":"pending","footnotes":""},"categories":[208],"tags":[214],"class_list":["post-474031","post","type-post","status-publish","format-standard","has-post-thumbnail","hentry","category-estado","tag-estado","entry"],"_links":{"self":[{"href":"https:\/\/www.zunoticia.com\/noticias-de-hidalgo\/wp-json\/wp\/v2\/posts\/474031","targetHints":{"allow":["GET"]}}],"collection":[{"href":"https:\/\/www.zunoticia.com\/noticias-de-hidalgo\/wp-json\/wp\/v2\/posts"}],"about":[{"href":"https:\/\/www.zunoticia.com\/noticias-de-hidalgo\/wp-json\/wp\/v2\/types\/post"}],"author":[{"embeddable":true,"href":"https:\/\/www.zunoticia.com\/noticias-de-hidalgo\/wp-json\/wp\/v2\/users\/20"}],"replies":[{"embeddable":true,"href":"https:\/\/www.zunoticia.com\/noticias-de-hidalgo\/wp-json\/wp\/v2\/comments?post=474031"}],"version-history":[{"count":1,"href":"https:\/\/www.zunoticia.com\/noticias-de-hidalgo\/wp-json\/wp\/v2\/posts\/474031\/revisions"}],"predecessor-version":[{"id":474034,"href":"https:\/\/www.zunoticia.com\/noticias-de-hidalgo\/wp-json\/wp\/v2\/posts\/474031\/revisions\/474034"}],"wp:featuredmedia":[{"embeddable":true,"href":"https:\/\/www.zunoticia.com\/noticias-de-hidalgo\/wp-json\/wp\/v2\/media\/474032"}],"wp:attachment":[{"href":"https:\/\/www.zunoticia.com\/noticias-de-hidalgo\/wp-json\/wp\/v2\/media?parent=474031"}],"wp:term":[{"taxonomy":"category","embeddable":true,"href":"https:\/\/www.zunoticia.com\/noticias-de-hidalgo\/wp-json\/wp\/v2\/categories?post=474031"},{"taxonomy":"post_tag","embeddable":true,"href":"https:\/\/www.zunoticia.com\/noticias-de-hidalgo\/wp-json\/wp\/v2\/tags?post=474031"}],"curies":[{"name":"wp","href":"https:\/\/api.w.org\/{rel}","templated":true}]}}